{"id":41468,"date":"2017-12-26T12:11:25","date_gmt":"2017-12-26T16:11:25","guid":{"rendered":"http:\/\/www2.memri.org\/espanol\/?p=41468"},"modified":"2017-12-27T12:16:45","modified_gmt":"2017-12-27T16:16:45","slug":"sermon-en-el-centro-islamico-del-suroeste-de-ontario-canada-sobre-el-tema-jerusalen-el-ex-presidente-egipcio-nasser-dijo-lo-que-se-les-ha-quitado-por-la-fuerza-les-sera-restaurado-unicamente-po","status":"publish","type":"post","link":"https:\/\/www2.memri.org\/espanol\/sermon-en-el-centro-islamico-del-suroeste-de-ontario-canada-sobre-el-tema-jerusalen-el-ex-presidente-egipcio-nasser-dijo-lo-que-se-les-ha-quitado-por-la-fuerza-les-sera-restaurado-unicamente-po\/41468","title":{"rendered":"Serm\u00f3n en el Centro Isl\u00e1mico del Suroeste de Ontario, Canad\u00e1 sobre el tema Jerusal\u00e9n: El ex-presidente egipcio Nasser dijo &#8216;Lo que se les ha quitado por la fuerza&#8230; les ser\u00e1 restaurado \u00fanicamente por la fuerza&#8217;; Nos dirigimos a &#8216;La Casa Negra&#8230; buscando dignificarnos&#8217; &#8211; pero &#8216;Nuestra dignidad no ser\u00e1 lograda a trav\u00e9s de negociaciones&#8217;"},"content":{"rendered":"<p><em>En un serm\u00f3n de los viernes el 15 de diciembre, 2017 en el Centro Isl\u00e1mico del Suroeste de Ontario (CISOO) en Londres, Ontario, Canad\u00e1, el Imam Jamal Taleb dijo, en ingl\u00e9s, que mientras los \u00e1rabes representan el 19% de los musulmanes del planeta, estos compran el 50% de las armas del mundo y que estas no &#8216;[son] para combatir contra la entidad ocupante&#8217; sino \u00abpara matarse unos a otros\u00bb.<\/em><\/p>\n<p><em>Refiri\u00e9ndose a Jerusal\u00e9n, este cit\u00f3 al fallecido presidente egipcio Gamal Abdel Nasser diciendo que \u00ablo que es quitado por la fuerza&#8230; ser\u00e1 restaurado solo por la fuerza\u00bb y agreg\u00f3: \u00abEstamos corriendo hacia la &#8216;Casa Negra&#8217;, estamos corriendo hacia Mosc\u00fa y estamos corriendo hacia esto y aquello, buscando dignificarnos&#8230; Nuestra dignidad no ser\u00e1 lograda a trav\u00e9s de negociaciones\u00bb. Tambi\u00e9n se\u00f1al\u00f3: \u00abNosotros sol\u00edamos decir: &#8216;Palestina y la noble Jerusal\u00e9n como su capital&#8217;. Ahora qu\u00e9 decimos: \u00abPalestina y Jerusal\u00e9n Oriental como su capital&#8217;&#8230; reemplazamos \u00abnoble\u00bb por \u00abOriental\u00bb porque esto es lo que nuestros maestros nos dijeron\u00bb. El serm\u00f3n fue publicado en el canal YouTube del CISOO.<\/em><\/p>\n<p><em>Adem\u00e1s, en un serm\u00f3n de marzo, 2017 en el CISOO, el Imam Jamal Taleb subray\u00f3 que el ataque al Puente de Londres el 22 de marzo, 2017 \u00abno tiene nada que ver con el Islam\u00bb y agreg\u00f3: \u00abTodo lo que sucede en las calles de Damasco, de Bagdad o Yemen no tiene nada que ver con el Islam\u00bb. Este continu\u00f3 diciendo: \u00abEl Islam no es solo para Jamal, el Islam no es solo para Ahmad. El Islam es para Joe y el Islam es para Mike. Estos est\u00e1n esperando que ustedes les digan lo qu\u00e9 es el Islam, porque si ellos saben lo qu\u00e9 es el Islam, yo dir\u00eda que todos ellos se convertir\u00e1n en musulmanes\u00bb. (Vea este video de MEMRI TV pulsando <a href=\"https:\/\/www.memri.org\/tv\/ontario-imam-mike-and-joe-are-waiting-you-tell-them-about-true-islam-if-they-knew-islam-they\">aqu\u00ed<\/a>).<\/em><\/p>\n<p><em>Nacido en el L\u00edbano, el Imam Taleb ha estado sirviendo a la comunidad musulmana de Londres desde el a\u00f1o 2001 y es miembro del Consejo Canadiense de Imames. En a\u00f1os recientes, el CISOO ha recibido al l\u00edder del Nuevo Partido Dem\u00f3crata de Ontario (NPD) Andrea Horwath y a los miembros del Parlamento de Ontario Theresa Armstrong y Peggy Sattler<a href=\"#_edn1\" name=\"_ednref1\"><strong>[i]<\/strong><\/a>, as\u00ed como tambi\u00e9n al alcalde de Londres, Ontario Matt Brown.<a href=\"#_edn2\" name=\"_ednref2\"><strong>[ii]<\/strong><\/a> Tambi\u00e9n particip\u00f3 en la organizaci\u00f3n caritativa anual del Cl\u00e1sico de Golf Nazem Kadri, una iniciativa del jugador del equipo Toronto Maple Leafs Nazem Kadri, que seg\u00fan su p\u00e1gina Facebook recaud\u00f3 $400,000 para obras de caridad.<a href=\"#_edn3\" name=\"_ednref3\"><strong>[iii]<\/strong><\/a><\/em><\/p>\n<p><em>Para ver el video en MEMRI TV del serm\u00f3n del Imam Jamal Taleb, pulse aqu\u00ed o debajo:<\/em><\/p>\n<p><iframe src=\"https:\/\/www.memri.org\/player\/clip\/38320\/1\/1\" width=\"600\" height=\"540\" frameborder=\"0\"><\/iframe><\/p>\n<p><em>Para ver otros sermones extremistas en las mezquitas canadienses y un mayor contenido relacionado con Canad\u00e1 en MEMRI TV, <a href=\"https:\/\/www.memri.org\/tv\/canada-friday-sermon-jamal-taleb-dignity-through-force-not-negotiations-jerusalem-capital-of-palestine\">pulse aqu\u00ed<\/a>.<\/em><\/p>\n<p><em>Lo siguiente es la transcripci\u00f3n del serm\u00f3n del viernes del 15 de diciembre, 2017 del Imam Jamal Taleb en el CISOO.<\/em><\/p>\n<p><strong>Los \u00e1rabes \u00abconforman el 19% de los musulmanes [pero] compran el 50% de las armas del mundo\u00bb &#8211; no \u00abpara combatir contra la entidad ocupante\u00bb sino \u00abporque se est\u00e1n matando entre ellos mismos\u00bb<\/strong><\/p>\n<p>\u00abSabemos que en los \u00faltimos d\u00edas de Al-\u00c1ndalus, el estado musulm\u00e1n que comenz\u00f3 como una sola entidad se dividi\u00f3 en 22 peque\u00f1as entidades. Una se convirti\u00f3 en la n\u00famero 22 en Andaluc\u00eda y una cay\u00f3 despu\u00e9s de la otra, la \u00faltima de ellas en Sevilla. El gobernante] se llamaba &#8216;Abu Abdallah&#8217;. Ese era su kunya.<\/p>\n<p>[&#8230;]<\/p>\n<p>\u00abEste se par\u00f3 en [Suspiro del Moro], observ\u00f3 Sevilla y comenz\u00f3 a llorar profusamente. Su madre le mir\u00f3 y le dijo: &#8216;Deja de llorar como una mujer por un reino que no pod\u00edas defender como hombre&#8217;. Cuan similar es hoy a ayer.<\/p>\n<p>[&#8230;]<\/p>\n<p><img loading=\"lazy\" decoding=\"async\" class=\"alignnone size-full wp-image-41469\" src=\"https:\/\/www2.memri.org\/espanol\/wp-content\/uploads\/2017\/12\/SD7249.jpg\" width=\"1156\" height=\"806\" alt=\"\" srcset=\"https:\/\/www2.memri.org\/espanol\/wp-content\/uploads\/2017\/12\/SD7249.jpg 1156w, https:\/\/www2.memri.org\/espanol\/wp-content\/uploads\/2017\/12\/SD7249-300x209.jpg 300w, https:\/\/www2.memri.org\/espanol\/wp-content\/uploads\/2017\/12\/SD7249-768x535.jpg 768w, https:\/\/www2.memri.org\/espanol\/wp-content\/uploads\/2017\/12\/SD7249-1024x714.jpg 1024w, https:\/\/www2.memri.org\/espanol\/wp-content\/uploads\/2017\/12\/SD7249-600x418.jpg 600w, https:\/\/www2.memri.org\/espanol\/wp-content\/uploads\/2017\/12\/SD7249-100x70.jpg 100w, https:\/\/www2.memri.org\/espanol\/wp-content\/uploads\/2017\/12\/SD7249-696x485.jpg 696w, https:\/\/www2.memri.org\/espanol\/wp-content\/uploads\/2017\/12\/SD7249-1068x745.jpg 1068w, https:\/\/www2.memri.org\/espanol\/wp-content\/uploads\/2017\/12\/SD7249-602x420.jpg 602w\" sizes=\"auto, (max-width: 1156px) 100vw, 1156px\" \/><img loading=\"lazy\" decoding=\"async\" class=\"alignnone size-full wp-image-41470\" src=\"https:\/\/www2.memri.org\/espanol\/wp-content\/uploads\/2017\/12\/SD72491.jpg\" width=\"1165\" height=\"804\" alt=\"\" srcset=\"https:\/\/www2.memri.org\/espanol\/wp-content\/uploads\/2017\/12\/SD72491.jpg 1165w, https:\/\/www2.memri.org\/espanol\/wp-content\/uploads\/2017\/12\/SD72491-300x207.jpg 300w, https:\/\/www2.memri.org\/espanol\/wp-content\/uploads\/2017\/12\/SD72491-768x530.jpg 768w, https:\/\/www2.memri.org\/espanol\/wp-content\/uploads\/2017\/12\/SD72491-1024x707.jpg 1024w, https:\/\/www2.memri.org\/espanol\/wp-content\/uploads\/2017\/12\/SD72491-600x414.jpg 600w, https:\/\/www2.memri.org\/espanol\/wp-content\/uploads\/2017\/12\/SD72491-100x70.jpg 100w, https:\/\/www2.memri.org\/espanol\/wp-content\/uploads\/2017\/12\/SD72491-218x150.jpg 218w, https:\/\/www2.memri.org\/espanol\/wp-content\/uploads\/2017\/12\/SD72491-696x480.jpg 696w, https:\/\/www2.memri.org\/espanol\/wp-content\/uploads\/2017\/12\/SD72491-1068x737.jpg 1068w, https:\/\/www2.memri.org\/espanol\/wp-content\/uploads\/2017\/12\/SD72491-609x420.jpg 609w\" sizes=\"auto, (max-width: 1165px) 100vw, 1165px\" \/><\/p>\n<p><img loading=\"lazy\" decoding=\"async\" class=\"alignnone size-full wp-image-41471\" src=\"https:\/\/www2.memri.org\/espanol\/wp-content\/uploads\/2017\/12\/SD72492.jpg\" width=\"1170\" height=\"802\" alt=\"\" srcset=\"https:\/\/www2.memri.org\/espanol\/wp-content\/uploads\/2017\/12\/SD72492.jpg 1170w, https:\/\/www2.memri.org\/espanol\/wp-content\/uploads\/2017\/12\/SD72492-300x206.jpg 300w, https:\/\/www2.memri.org\/espanol\/wp-content\/uploads\/2017\/12\/SD72492-768x526.jpg 768w, https:\/\/www2.memri.org\/espanol\/wp-content\/uploads\/2017\/12\/SD72492-1024x702.jpg 1024w, https:\/\/www2.memri.org\/espanol\/wp-content\/uploads\/2017\/12\/SD72492-600x411.jpg 600w, https:\/\/www2.memri.org\/espanol\/wp-content\/uploads\/2017\/12\/SD72492-100x70.jpg 100w, https:\/\/www2.memri.org\/espanol\/wp-content\/uploads\/2017\/12\/SD72492-218x150.jpg 218w, https:\/\/www2.memri.org\/espanol\/wp-content\/uploads\/2017\/12\/SD72492-696x477.jpg 696w, https:\/\/www2.memri.org\/espanol\/wp-content\/uploads\/2017\/12\/SD72492-1068x732.jpg 1068w, https:\/\/www2.memri.org\/espanol\/wp-content\/uploads\/2017\/12\/SD72492-613x420.jpg 613w\" sizes=\"auto, (max-width: 1170px) 100vw, 1170px\" \/><\/p>\n<p>\u00abLos \u00e1rabes, que conformamos el 19% de los musulmanes, compramos el 50% de las armas del mundo y ellos solo representan el 5% de la poblaci\u00f3n mundial. El 5% compra el 50% de las armas y \u00bfpor qu\u00e9? Para combatir contra la entidad ocupante? No lo han hecho durante 70 a\u00f1os. \u00bfPara qu\u00e9? Es porque ellos se est\u00e1n matando entre s\u00ed mismos.<\/p>\n<p>[&#8230;]<\/p>\n<p>\u00abLas torres de un kil\u00f3metro [en el Golfo] no nos traer\u00e1n de vuelta a Palestina\u00bb. [&#8230;]<\/p>\n<p><img loading=\"lazy\" decoding=\"async\" class=\"alignnone size-full wp-image-41472\" src=\"https:\/\/www2.memri.org\/espanol\/wp-content\/uploads\/2017\/12\/SD72493.jpg\" width=\"1168\" height=\"806\" alt=\"\" srcset=\"https:\/\/www2.memri.org\/espanol\/wp-content\/uploads\/2017\/12\/SD72493.jpg 1168w, https:\/\/www2.memri.org\/espanol\/wp-content\/uploads\/2017\/12\/SD72493-300x207.jpg 300w, https:\/\/www2.memri.org\/espanol\/wp-content\/uploads\/2017\/12\/SD72493-768x530.jpg 768w, https:\/\/www2.memri.org\/espanol\/wp-content\/uploads\/2017\/12\/SD72493-1024x707.jpg 1024w, https:\/\/www2.memri.org\/espanol\/wp-content\/uploads\/2017\/12\/SD72493-600x414.jpg 600w, https:\/\/www2.memri.org\/espanol\/wp-content\/uploads\/2017\/12\/SD72493-100x70.jpg 100w, https:\/\/www2.memri.org\/espanol\/wp-content\/uploads\/2017\/12\/SD72493-218x150.jpg 218w, https:\/\/www2.memri.org\/espanol\/wp-content\/uploads\/2017\/12\/SD72493-696x480.jpg 696w, https:\/\/www2.memri.org\/espanol\/wp-content\/uploads\/2017\/12\/SD72493-1068x737.jpg 1068w, https:\/\/www2.memri.org\/espanol\/wp-content\/uploads\/2017\/12\/SD72493-609x420.jpg 609w\" sizes=\"auto, (max-width: 1168px) 100vw, 1168px\" \/><img loading=\"lazy\" decoding=\"async\" class=\"alignnone size-full wp-image-41473\" src=\"https:\/\/www2.memri.org\/espanol\/wp-content\/uploads\/2017\/12\/SD72494.jpg\" width=\"1164\" height=\"810\" alt=\"\" srcset=\"https:\/\/www2.memri.org\/espanol\/wp-content\/uploads\/2017\/12\/SD72494.jpg 1164w, https:\/\/www2.memri.org\/espanol\/wp-content\/uploads\/2017\/12\/SD72494-300x209.jpg 300w, https:\/\/www2.memri.org\/espanol\/wp-content\/uploads\/2017\/12\/SD72494-768x534.jpg 768w, https:\/\/www2.memri.org\/espanol\/wp-content\/uploads\/2017\/12\/SD72494-1024x713.jpg 1024w, https:\/\/www2.memri.org\/espanol\/wp-content\/uploads\/2017\/12\/SD72494-600x418.jpg 600w, https:\/\/www2.memri.org\/espanol\/wp-content\/uploads\/2017\/12\/SD72494-100x70.jpg 100w, https:\/\/www2.memri.org\/espanol\/wp-content\/uploads\/2017\/12\/SD72494-696x484.jpg 696w, https:\/\/www2.memri.org\/espanol\/wp-content\/uploads\/2017\/12\/SD72494-1068x743.jpg 1068w, https:\/\/www2.memri.org\/espanol\/wp-content\/uploads\/2017\/12\/SD72494-604x420.jpg 604w\" sizes=\"auto, (max-width: 1164px) 100vw, 1164px\" \/><\/p>\n<p><img loading=\"lazy\" decoding=\"async\" class=\"alignnone size-full wp-image-41474\" src=\"https:\/\/www2.memri.org\/espanol\/wp-content\/uploads\/2017\/12\/SD72495.jpg\" width=\"1167\" height=\"806\" alt=\"\" srcset=\"https:\/\/www2.memri.org\/espanol\/wp-content\/uploads\/2017\/12\/SD72495.jpg 1167w, https:\/\/www2.memri.org\/espanol\/wp-content\/uploads\/2017\/12\/SD72495-300x207.jpg 300w, https:\/\/www2.memri.org\/espanol\/wp-content\/uploads\/2017\/12\/SD72495-768x530.jpg 768w, https:\/\/www2.memri.org\/espanol\/wp-content\/uploads\/2017\/12\/SD72495-1024x707.jpg 1024w, https:\/\/www2.memri.org\/espanol\/wp-content\/uploads\/2017\/12\/SD72495-600x414.jpg 600w, https:\/\/www2.memri.org\/espanol\/wp-content\/uploads\/2017\/12\/SD72495-100x70.jpg 100w, https:\/\/www2.memri.org\/espanol\/wp-content\/uploads\/2017\/12\/SD72495-218x150.jpg 218w, https:\/\/www2.memri.org\/espanol\/wp-content\/uploads\/2017\/12\/SD72495-696x481.jpg 696w, https:\/\/www2.memri.org\/espanol\/wp-content\/uploads\/2017\/12\/SD72495-1068x738.jpg 1068w, https:\/\/www2.memri.org\/espanol\/wp-content\/uploads\/2017\/12\/SD72495-608x420.jpg 608w\" sizes=\"auto, (max-width: 1167px) 100vw, 1167px\" \/><img loading=\"lazy\" decoding=\"async\" class=\"alignnone size-full wp-image-41475\" src=\"https:\/\/www2.memri.org\/espanol\/wp-content\/uploads\/2017\/12\/SD72496.jpg\" width=\"1164\" height=\"805\" alt=\"\" srcset=\"https:\/\/www2.memri.org\/espanol\/wp-content\/uploads\/2017\/12\/SD72496.jpg 1164w, https:\/\/www2.memri.org\/espanol\/wp-content\/uploads\/2017\/12\/SD72496-300x207.jpg 300w, https:\/\/www2.memri.org\/espanol\/wp-content\/uploads\/2017\/12\/SD72496-768x531.jpg 768w, https:\/\/www2.memri.org\/espanol\/wp-content\/uploads\/2017\/12\/SD72496-1024x708.jpg 1024w, https:\/\/www2.memri.org\/espanol\/wp-content\/uploads\/2017\/12\/SD72496-600x415.jpg 600w, https:\/\/www2.memri.org\/espanol\/wp-content\/uploads\/2017\/12\/SD72496-100x70.jpg 100w, https:\/\/www2.memri.org\/espanol\/wp-content\/uploads\/2017\/12\/SD72496-218x150.jpg 218w, https:\/\/www2.memri.org\/espanol\/wp-content\/uploads\/2017\/12\/SD72496-696x481.jpg 696w, https:\/\/www2.memri.org\/espanol\/wp-content\/uploads\/2017\/12\/SD72496-1068x739.jpg 1068w, https:\/\/www2.memri.org\/espanol\/wp-content\/uploads\/2017\/12\/SD72496-607x420.jpg 607w\" sizes=\"auto, (max-width: 1164px) 100vw, 1164px\" \/><\/p>\n<p>\u00abNos dirigimos hacia la Casa Negra&#8230; buscando dignificarnos, nuestra dignidad no ser\u00e1 lograda a trav\u00e9s de negociaciones\u00bb<\/p>\n<p>\u00abLuchamos contra nosotros mismos, contra nuestros hermanos y hermanas, con armas y combatimos contra la entidad ocupante a trav\u00e9s de <em>du&#8217;a<\/em> [s\u00faplicas]. \u00a1Por <em>du&#8217;a<\/em>! Y <em>du&#8217;a<\/em>, sabemos, no es aceptado por aquellos que no merecen que su du&#8217;a sea respondido. Yo declaro que no merecemos que Al\u00e1 acepte nuestro du&#8217;a, por lo que estamos haciendo.<\/p>\n<p><img loading=\"lazy\" decoding=\"async\" class=\"alignnone size-full wp-image-41476\" src=\"https:\/\/www2.memri.org\/espanol\/wp-content\/uploads\/2017\/12\/SD72499.jpg\" width=\"1163\" height=\"806\" alt=\"\" srcset=\"https:\/\/www2.memri.org\/espanol\/wp-content\/uploads\/2017\/12\/SD72499.jpg 1163w, https:\/\/www2.memri.org\/espanol\/wp-content\/uploads\/2017\/12\/SD72499-300x208.jpg 300w, https:\/\/www2.memri.org\/espanol\/wp-content\/uploads\/2017\/12\/SD72499-768x532.jpg 768w, https:\/\/www2.memri.org\/espanol\/wp-content\/uploads\/2017\/12\/SD72499-1024x710.jpg 1024w, https:\/\/www2.memri.org\/espanol\/wp-content\/uploads\/2017\/12\/SD72499-600x416.jpg 600w, https:\/\/www2.memri.org\/espanol\/wp-content\/uploads\/2017\/12\/SD72499-100x70.jpg 100w, https:\/\/www2.memri.org\/espanol\/wp-content\/uploads\/2017\/12\/SD72499-218x150.jpg 218w, https:\/\/www2.memri.org\/espanol\/wp-content\/uploads\/2017\/12\/SD72499-696x482.jpg 696w, https:\/\/www2.memri.org\/espanol\/wp-content\/uploads\/2017\/12\/SD72499-1068x740.jpg 1068w, https:\/\/www2.memri.org\/espanol\/wp-content\/uploads\/2017\/12\/SD72499-606x420.jpg 606w\" sizes=\"auto, (max-width: 1163px) 100vw, 1163px\" \/><\/p>\n<p>\u00abNos estamos dirigiendo a la &#8216;Casa Negra&#8217; y corremos hacia Mosc\u00fa y corremos hacia esto y aquello, buscando dignificarnos.<\/p>\n<p>[&#8230;]<\/p>\n<p>\u00abNuestra dignidad ser\u00e1 lograda no a trav\u00e9s de negociaciones\u00bb.<\/p>\n<p>[&#8230;]<\/p>\n<p><strong>Nasser dijo: \u00abLo que fue tomado por la fuerza solo ser\u00e1 restaurado por la fuerza\u00bb; \u00abNosotros sol\u00edamos decir &#8216;Palestina y la noble Jerusal\u00e9n como su capital&#8217;; ahora, \u00bfqu\u00e9 decimos? &#8216;Palestina y Jerusal\u00e9n Oriental como su capital'\u00bb<\/strong><\/p>\n<p>\u00abExiste una declaraci\u00f3n, as\u00ed estemos de acuerdo o no, pero este fue un l\u00edder que dijo siempre lo correcto, lo que hab\u00eda que decir&#8230; Este dijo: [en \u00e1rabe] &#8216;Lo que fue tomado por la fuerza&#8217; [el presidente egipcio] Gamal Abdel Nasser [dijo esto] &#8211; &#8216;ser\u00e1 restaurado solo por la fuerza&#8217;. Lo que el poder les haya quitado injustamente, no puede recuperarse sino solo por el poder. Dejemos de enga\u00f1arnos nosotros mismos.<\/p>\n<p><img loading=\"lazy\" decoding=\"async\" class=\"alignnone size-full wp-image-41477\" src=\"https:\/\/www2.memri.org\/espanol\/wp-content\/uploads\/2017\/12\/SD724910.jpg\" width=\"1174\" height=\"809\" alt=\"\" srcset=\"https:\/\/www2.memri.org\/espanol\/wp-content\/uploads\/2017\/12\/SD724910.jpg 1174w, https:\/\/www2.memri.org\/espanol\/wp-content\/uploads\/2017\/12\/SD724910-300x207.jpg 300w, https:\/\/www2.memri.org\/espanol\/wp-content\/uploads\/2017\/12\/SD724910-768x529.jpg 768w, https:\/\/www2.memri.org\/espanol\/wp-content\/uploads\/2017\/12\/SD724910-1024x706.jpg 1024w, https:\/\/www2.memri.org\/espanol\/wp-content\/uploads\/2017\/12\/SD724910-600x413.jpg 600w, https:\/\/www2.memri.org\/espanol\/wp-content\/uploads\/2017\/12\/SD724910-100x70.jpg 100w, https:\/\/www2.memri.org\/espanol\/wp-content\/uploads\/2017\/12\/SD724910-218x150.jpg 218w, https:\/\/www2.memri.org\/espanol\/wp-content\/uploads\/2017\/12\/SD724910-696x480.jpg 696w, https:\/\/www2.memri.org\/espanol\/wp-content\/uploads\/2017\/12\/SD724910-1068x736.jpg 1068w, https:\/\/www2.memri.org\/espanol\/wp-content\/uploads\/2017\/12\/SD724910-609x420.jpg 609w\" sizes=\"auto, (max-width: 1174px) 100vw, 1174px\" \/><img loading=\"lazy\" decoding=\"async\" class=\"alignnone size-full wp-image-41478\" src=\"https:\/\/www2.memri.org\/espanol\/wp-content\/uploads\/2017\/12\/SD724911.jpg\" width=\"1171\" height=\"811\" alt=\"\" srcset=\"https:\/\/www2.memri.org\/espanol\/wp-content\/uploads\/2017\/12\/SD724911.jpg 1171w, https:\/\/www2.memri.org\/espanol\/wp-content\/uploads\/2017\/12\/SD724911-300x208.jpg 300w, https:\/\/www2.memri.org\/espanol\/wp-content\/uploads\/2017\/12\/SD724911-768x532.jpg 768w, https:\/\/www2.memri.org\/espanol\/wp-content\/uploads\/2017\/12\/SD724911-1024x709.jpg 1024w, https:\/\/www2.memri.org\/espanol\/wp-content\/uploads\/2017\/12\/SD724911-600x416.jpg 600w, https:\/\/www2.memri.org\/espanol\/wp-content\/uploads\/2017\/12\/SD724911-100x70.jpg 100w, https:\/\/www2.memri.org\/espanol\/wp-content\/uploads\/2017\/12\/SD724911-218x150.jpg 218w, https:\/\/www2.memri.org\/espanol\/wp-content\/uploads\/2017\/12\/SD724911-696x482.jpg 696w, https:\/\/www2.memri.org\/espanol\/wp-content\/uploads\/2017\/12\/SD724911-1068x740.jpg 1068w, https:\/\/www2.memri.org\/espanol\/wp-content\/uploads\/2017\/12\/SD724911-606x420.jpg 606w\" sizes=\"auto, (max-width: 1171px) 100vw, 1171px\" \/><\/p>\n<p><img loading=\"lazy\" decoding=\"async\" class=\"alignnone size-full wp-image-41479\" src=\"https:\/\/www2.memri.org\/espanol\/wp-content\/uploads\/2017\/12\/SD724912.jpg\" width=\"1178\" height=\"808\" alt=\"\" srcset=\"https:\/\/www2.memri.org\/espanol\/wp-content\/uploads\/2017\/12\/SD724912.jpg 1178w, https:\/\/www2.memri.org\/espanol\/wp-content\/uploads\/2017\/12\/SD724912-300x206.jpg 300w, https:\/\/www2.memri.org\/espanol\/wp-content\/uploads\/2017\/12\/SD724912-768x527.jpg 768w, https:\/\/www2.memri.org\/espanol\/wp-content\/uploads\/2017\/12\/SD724912-1024x702.jpg 1024w, https:\/\/www2.memri.org\/espanol\/wp-content\/uploads\/2017\/12\/SD724912-600x412.jpg 600w, https:\/\/www2.memri.org\/espanol\/wp-content\/uploads\/2017\/12\/SD724912-100x70.jpg 100w, https:\/\/www2.memri.org\/espanol\/wp-content\/uploads\/2017\/12\/SD724912-218x150.jpg 218w, https:\/\/www2.memri.org\/espanol\/wp-content\/uploads\/2017\/12\/SD724912-696x477.jpg 696w, https:\/\/www2.memri.org\/espanol\/wp-content\/uploads\/2017\/12\/SD724912-1068x733.jpg 1068w, https:\/\/www2.memri.org\/espanol\/wp-content\/uploads\/2017\/12\/SD724912-612x420.jpg 612w\" sizes=\"auto, (max-width: 1178px) 100vw, 1178px\" \/><img loading=\"lazy\" decoding=\"async\" class=\"alignnone size-full wp-image-41480\" src=\"https:\/\/www2.memri.org\/espanol\/wp-content\/uploads\/2017\/12\/SD724913.jpg\" width=\"1167\" height=\"808\" alt=\"\" srcset=\"https:\/\/www2.memri.org\/espanol\/wp-content\/uploads\/2017\/12\/SD724913.jpg 1167w, https:\/\/www2.memri.org\/espanol\/wp-content\/uploads\/2017\/12\/SD724913-300x208.jpg 300w, https:\/\/www2.memri.org\/espanol\/wp-content\/uploads\/2017\/12\/SD724913-768x532.jpg 768w, https:\/\/www2.memri.org\/espanol\/wp-content\/uploads\/2017\/12\/SD724913-1024x709.jpg 1024w, https:\/\/www2.memri.org\/espanol\/wp-content\/uploads\/2017\/12\/SD724913-600x415.jpg 600w, https:\/\/www2.memri.org\/espanol\/wp-content\/uploads\/2017\/12\/SD724913-100x70.jpg 100w, https:\/\/www2.memri.org\/espanol\/wp-content\/uploads\/2017\/12\/SD724913-218x150.jpg 218w, https:\/\/www2.memri.org\/espanol\/wp-content\/uploads\/2017\/12\/SD724913-696x482.jpg 696w, https:\/\/www2.memri.org\/espanol\/wp-content\/uploads\/2017\/12\/SD724913-1068x739.jpg 1068w, https:\/\/www2.memri.org\/espanol\/wp-content\/uploads\/2017\/12\/SD724913-607x420.jpg 607w\" sizes=\"auto, (max-width: 1167px) 100vw, 1167px\" \/><\/p>\n<p>\u00abNosotros sol\u00edamos decir: [en \u00e1rabe] &#8216;Palestina y la noble Jerusal\u00e9n como su capital&#8217;. \u00bfAhora qu\u00e9 es lo que decimos? Palestina y Jerusal\u00e9n Oriental como su capital&#8217;. [En \u00e1rabe,] ambos adjetivos comienzan con la misma letra, pero reemplazamos &#8216;noble&#8217; por &#8216;Oriental&#8217; porque esto es lo que nuestros maestros nos dijeron\u00bb.<\/p>\n<p><img loading=\"lazy\" decoding=\"async\" class=\"alignnone size-full wp-image-41481\" src=\"https:\/\/www2.memri.org\/espanol\/wp-content\/uploads\/2017\/12\/SD724915_0.jpg\" width=\"1174\" height=\"803\" alt=\"\" srcset=\"https:\/\/www2.memri.org\/espanol\/wp-content\/uploads\/2017\/12\/SD724915_0.jpg 1174w, https:\/\/www2.memri.org\/espanol\/wp-content\/uploads\/2017\/12\/SD724915_0-300x205.jpg 300w, https:\/\/www2.memri.org\/espanol\/wp-content\/uploads\/2017\/12\/SD724915_0-768x525.jpg 768w, https:\/\/www2.memri.org\/espanol\/wp-content\/uploads\/2017\/12\/SD724915_0-1024x700.jpg 1024w, https:\/\/www2.memri.org\/espanol\/wp-content\/uploads\/2017\/12\/SD724915_0-600x410.jpg 600w, https:\/\/www2.memri.org\/espanol\/wp-content\/uploads\/2017\/12\/SD724915_0-218x150.jpg 218w, https:\/\/www2.memri.org\/espanol\/wp-content\/uploads\/2017\/12\/SD724915_0-696x476.jpg 696w, https:\/\/www2.memri.org\/espanol\/wp-content\/uploads\/2017\/12\/SD724915_0-1068x730.jpg 1068w, https:\/\/www2.memri.org\/espanol\/wp-content\/uploads\/2017\/12\/SD724915_0-614x420.jpg 614w\" sizes=\"auto, (max-width: 1174px) 100vw, 1174px\" \/><\/p>\n<p><img loading=\"lazy\" decoding=\"async\" class=\"alignnone size-full wp-image-41482\" src=\"https:\/\/www2.memri.org\/espanol\/wp-content\/uploads\/2017\/12\/SD724916.jpg\" width=\"1178\" height=\"805\" alt=\"\" srcset=\"https:\/\/www2.memri.org\/espanol\/wp-content\/uploads\/2017\/12\/SD724916.jpg 1178w, https:\/\/www2.memri.org\/espanol\/wp-content\/uploads\/2017\/12\/SD724916-300x205.jpg 300w, https:\/\/www2.memri.org\/espanol\/wp-content\/uploads\/2017\/12\/SD724916-768x525.jpg 768w, https:\/\/www2.memri.org\/espanol\/wp-content\/uploads\/2017\/12\/SD724916-1024x700.jpg 1024w, https:\/\/www2.memri.org\/espanol\/wp-content\/uploads\/2017\/12\/SD724916-600x410.jpg 600w, https:\/\/www2.memri.org\/espanol\/wp-content\/uploads\/2017\/12\/SD724916-218x150.jpg 218w, https:\/\/www2.memri.org\/espanol\/wp-content\/uploads\/2017\/12\/SD724916-696x476.jpg 696w, https:\/\/www2.memri.org\/espanol\/wp-content\/uploads\/2017\/12\/SD724916-1068x730.jpg 1068w, https:\/\/www2.memri.org\/espanol\/wp-content\/uploads\/2017\/12\/SD724916-615x420.jpg 615w\" sizes=\"auto, (max-width: 1178px) 100vw, 1178px\" \/><img loading=\"lazy\" decoding=\"async\" class=\"alignnone size-full wp-image-41483\" src=\"https:\/\/www2.memri.org\/espanol\/wp-content\/uploads\/2017\/12\/SD724917.jpg\" width=\"1170\" height=\"815\" alt=\"\" srcset=\"https:\/\/www2.memri.org\/espanol\/wp-content\/uploads\/2017\/12\/SD724917.jpg 1170w, https:\/\/www2.memri.org\/espanol\/wp-content\/uploads\/2017\/12\/SD724917-300x209.jpg 300w, https:\/\/www2.memri.org\/espanol\/wp-content\/uploads\/2017\/12\/SD724917-768x535.jpg 768w, https:\/\/www2.memri.org\/espanol\/wp-content\/uploads\/2017\/12\/SD724917-1024x713.jpg 1024w, https:\/\/www2.memri.org\/espanol\/wp-content\/uploads\/2017\/12\/SD724917-600x418.jpg 600w, https:\/\/www2.memri.org\/espanol\/wp-content\/uploads\/2017\/12\/SD724917-100x70.jpg 100w, https:\/\/www2.memri.org\/espanol\/wp-content\/uploads\/2017\/12\/SD724917-696x485.jpg 696w, https:\/\/www2.memri.org\/espanol\/wp-content\/uploads\/2017\/12\/SD724917-1068x744.jpg 1068w, https:\/\/www2.memri.org\/espanol\/wp-content\/uploads\/2017\/12\/SD724917-603x420.jpg 603w\" sizes=\"auto, (max-width: 1170px) 100vw, 1170px\" \/><\/p>\n<hr \/>\n<p><a href=\"#_ednref1\" name=\"_edn1\">[i]<\/a> Youtube.com\/watch?v=2dTAk01w8GQ&amp;app=desktop, publicado el 29 de octubre, 2016; visitado el 21 de diciembre, 2017.<\/p>\n<p><a href=\"#_ednref2\" name=\"_edn2\">[ii]<\/a> Youtube.com\/watch?v=DL-ezvA4Gxw&amp;app=desktop, publicado el 3 de octubre, 2015, visitado el 21 de diciembre, 2017.<\/p>\n<p><a href=\"#_ednref3\" name=\"_edn3\">[iii]<\/a> Fhttps:\/\/www.facebook.com\/pg\/kadrigolf\/about\/?ref=page_internal visitado el 21 de diciembre, 2017.<\/p>\n","protected":false},"excerpt":{"rendered":"<p>En un serm\u00f3n de los viernes el 15 de diciembre, 2017 en el Centro Isl\u00e1mico del Suroeste de Ontario (CISOO) en Londres, Ontario, Canad\u00e1, el Imam Jamal Taleb dijo, en ingl\u00e9s, que mientras los \u00e1rabes representan el 19% de los musulmanes del planeta, estos compran el 50% de las armas del mundo y que estas [&hellip;]<\/p>\n","protected":false},"author":1,"featured_media":41469,"comment_status":"open","ping_status":"open","sticky":false,"template":"","format":"standard","meta":{"footnotes":""},"categories":[4,6,2],"tags":[],"class_list":["post-41468","post","type-post","status-publish","format-standard","has-post-thumbnail","hentry","category-archivos","category-comunicados-especiales","category-featured"],"_links":{"self":[{"href":"https:\/\/www2.memri.org\/espanol\/wp-json\/wp\/v2\/posts\/41468","targetHints":{"allow":["GET"]}}],"collection":[{"href":"https:\/\/www2.memri.org\/espanol\/wp-json\/wp\/v2\/posts"}],"about":[{"href":"https:\/\/www2.memri.org\/espanol\/wp-json\/wp\/v2\/types\/post"}],"author":[{"embeddable":true,"href":"https:\/\/www2.memri.org\/espanol\/wp-json\/wp\/v2\/users\/1"}],"replies":[{"embeddable":true,"href":"https:\/\/www2.memri.org\/espanol\/wp-json\/wp\/v2\/comments?post=41468"}],"version-history":[{"count":0,"href":"https:\/\/www2.memri.org\/espanol\/wp-json\/wp\/v2\/posts\/41468\/revisions"}],"wp:featuredmedia":[{"embeddable":true,"href":"https:\/\/www2.memri.org\/espanol\/wp-json\/wp\/v2\/media\/41469"}],"wp:attachment":[{"href":"https:\/\/www2.memri.org\/espanol\/wp-json\/wp\/v2\/media?parent=41468"}],"wp:term":[{"taxonomy":"category","embeddable":true,"href":"https:\/\/www2.memri.org\/espanol\/wp-json\/wp\/v2\/categories?post=41468"},{"taxonomy":"post_tag","embeddable":true,"href":"https:\/\/www2.memri.org\/espanol\/wp-json\/wp\/v2\/tags?post=41468"}],"curies":[{"name":"wp","href":"https:\/\/api.w.org\/{rel}","templated":true}]}}