{"id":41213,"date":"2017-12-20T16:07:12","date_gmt":"2017-12-20T20:07:12","guid":{"rendered":"http:\/\/www2.memri.org\/espanol\/?p=41213"},"modified":"2017-12-20T16:22:06","modified_gmt":"2017-12-20T20:22:06","slug":"imam-en-houston-texas-en-sermon-sobre-nuestros-deberes-hacia-al-quds","status":"publish","type":"post","link":"https:\/\/www2.memri.org\/espanol\/imam-en-houston-texas-en-sermon-sobre-nuestros-deberes-hacia-al-quds\/41213","title":{"rendered":"Imam en Houston, Texas, en serm\u00f3n sobre &#8216;nuestros deberes hacia Al-Quds [Jerusal\u00e9n]&#8217; niega cualquier conexi\u00f3n jud\u00eda con Palestina, hace referencia al hadith sobre al asesinato de jud\u00edos: En el D\u00eda del Juicio Final &#8216;los musulmanes asesinar\u00e1n a los jud\u00edos&#8230; las piedras y los \u00e1rboles dir\u00e1n: Oh Musulmanes, Oh siervos de Al\u00e1, hay un jud\u00edo escondido tras de m\u00ed, ven y dale muerte&#8230; esto es lo que Al\u00e1 prometi\u00f3&#8217;"},"content":{"rendered":"<p><em>En su serm\u00f3n de los viernes 8 de diciembre, 2017 titulado \u00abNuestros Deberes a Al-Quds [Jerusal\u00e9n]\u00bb en la filial del Instituto Tajweed en Houston, Texas, el imam y fundador del instituto, Jeque Raed Saleh Al-Rousan, hablando en una combinaci\u00f3n de \u00e1rabe e ingl\u00e9s, hace referencia al ampliamente citado Hadith afirmando que en el D\u00eda del Juicio Final, los musulmanes combatir\u00e1n contra los jud\u00edos y los asesinar\u00e1n, diciendo:<\/em><\/p>\n<p><em>\u00abMis hermanos, el Profeta Mahoma trajo las buenas nuevas, cuando dijo: &#8216;El D\u00eda del Juicio Final no llegar\u00e1 hasta que los musulmanes combatan contra los jud\u00edos. Los musulmanes asesinar\u00e1n a los jud\u00edos y los jud\u00edos se esconder\u00e1n detr\u00e1s de las piedras y los \u00e1rboles, [que] dir\u00e1n: Oh musulm\u00e1n, oh sirviente de Al\u00e1, hay un jud\u00edo escondido tras de m\u00ed, ven y dale muerte&#8230; Esto es lo que Al\u00e1 prometi\u00f3\u00bb. Este a\u00f1adi\u00f3: \u00abLa hora [es decir, el D\u00eda del Juicio Final] no comenzar\u00e1 hasta que los musulmanes combatan contra los jud\u00edos all\u00ed, en Palestina\u00bb.<\/em><\/p>\n<p><em>Este tambi\u00e9n dijo que dado que \u00abGran Breta\u00f1a se trajo al [pueblo] jud\u00edo desde diferentes pa\u00edses para que vivan a Palestina&#8230; no me digan que Palestina es el pa\u00eds del [pueblo] jud\u00edo\u00bb.<\/em><\/p>\n<p><em>El video del serm\u00f3n fue publicado por el Instituto Tajweed en sus cuentas Facebook y YouTube.<a href=\"#_edn1\" name=\"_ednref1\"><strong>[1]<\/strong><\/a><\/em><\/p>\n<figure style=\"width: 909px\" class=\"wp-caption alignnone\"><img loading=\"lazy\" decoding=\"async\" class=\"alignnone size-full wp-image-41249\" src=\"https:\/\/www2.memri.org\/espanol\/wp-content\/uploads\/2017\/12\/SD7240-2-1.jpg\" width=\"909\" height=\"360\" alt=\"\" srcset=\"https:\/\/www2.memri.org\/espanol\/wp-content\/uploads\/2017\/12\/SD7240-2-1.jpg 909w, https:\/\/www2.memri.org\/espanol\/wp-content\/uploads\/2017\/12\/SD7240-2-1-300x119.jpg 300w, https:\/\/www2.memri.org\/espanol\/wp-content\/uploads\/2017\/12\/SD7240-2-1-768x304.jpg 768w, https:\/\/www2.memri.org\/espanol\/wp-content\/uploads\/2017\/12\/SD7240-2-1-600x238.jpg 600w, https:\/\/www2.memri.org\/espanol\/wp-content\/uploads\/2017\/12\/SD7240-2-1-696x276.jpg 696w\" sizes=\"auto, (max-width: 909px) 100vw, 909px\" \/><figcaption class=\"wp-caption-text\">Sheikh Al-Rousan hablando en el Instituto Tajweed. Fuente: Facebook.com\/pg\/tajweedinstitute\/posts\/?ref=page_internal, consultado el 18 de diciembre, 2017.<\/figcaption><\/figure>\n<p><em>Seg\u00fan su p\u00e1gina Facebook y su portal,<a href=\"#_edn2\" name=\"_ednref2\"><strong>[2]<\/strong><\/a> el Instituto Tajweed, que el Jeque Al-Rousan estableci\u00f3 en Florida en el 2013, con su filial en Houston que abri\u00f3 sus puertas a mediados del 2017<a href=\"#_edn3\" name=\"_ednref3\"><strong>[3]<\/strong><\/a>, es \u00abun instituto dentro de una organizaci\u00f3n 501 (c)(3) sin fines de lucro, que se esfuerza por ense\u00f1ar y difundir el aut\u00e9ntico conocimiento del Glorioso Cor\u00e1n. Nuestro objetivo es difundir las habilidades del Tajweed [la correcta recitaci\u00f3n del Cor\u00e1n] a todos los musulmanes, j\u00f3venes y ancianos, para que puedan llevar este conocimiento a las generaciones futuras\u00bb.<a href=\"#_edn4\" name=\"_ednref4\"><strong>[4]<\/strong><\/a><\/em><\/p>\n<p><em>El Jeque Al-Rousan, quien seg\u00fan la p\u00e1gina Facebook naci\u00f3 en Jordania, tiene una licenciatura en Hadith isl\u00e1mico en la Universidad Isl\u00e1mica de Al-Madina, Arabia Saudita<a href=\"#_edn5\" name=\"_ednref5\"><strong>[5]<\/strong><\/a> y, tras llegar a los Estados Unidos en el 2007, obtuvo una Maestr\u00eda en Estudios Isl\u00e1micos de la Fundaci\u00f3n Graduate Theological en Indiana. Ha servido como imam en mezquitas en Jordania y en los Estados Unidos, incluyendo en Masjid Al-Qassam en Tampa, FL. y en Ebad AlRahman en San Petersburgo, FL. Varios videos de YouTube, tanto en \u00e1rabe como en ingl\u00e9s, le muestran ense\u00f1ando como recitar el Cor\u00e1n en varios lugares.<a href=\"#_edn6\" name=\"_ednref6\"><strong>[6]<\/strong><\/a> Tambi\u00e9n dirigi\u00f3 un programa Hifdh (memorizaci\u00f3n del Cor\u00e1n) para los grados 4-9 en la Academia de J\u00f3venes Norteamericanos en Tampa.<a href=\"#_edn7\" name=\"_ednref7\"><strong>[7]<\/strong><\/a><\/em><\/p>\n<p><em>La p\u00e1gina Facebook del Instituto Tajweed muestra al Jeque Sheikh Al-Rousan impartiendo cursos sobre recitaci\u00f3n del Cor\u00e1n y dirige otros eventos, por ejemplo, un evento de recaudaci\u00f3n de fondos el 5 de febrero, 2016 para la Academia Austin Peace,<a href=\"#_edn8\" name=\"_ednref8\"><strong>[8]<\/strong><\/a> un evento en la Sociedad Isl\u00e1mica de Arlington, Texas,<a href=\"#_edn9\" name=\"_ednref9\"><strong>[9]<\/strong><\/a> una noche de recitaci\u00f3n del Cor\u00e1n en la Masjid As-Salam en Houston,<a href=\"#_edn10\" name=\"_ednref10\"><strong>[10]<\/strong><\/a> un evento el mes de abril, 2016 titulado \u00abEl Matrimonio Exitoso\u00bb en el Centro Comunitario Musulm\u00e1n del Norte en Austin,<a href=\"#_edn11\" name=\"_ednref11\"><strong>[11]<\/strong><\/a> y un curso pre-Ramad\u00e1n en el Centro Isl\u00e1mico River Oaks en Houston.<\/em><\/p>\n<p><em>Lo siguiente es el video de MEMRI TV y la transcripci\u00f3n de las declaraciones del Jeque Al-Rousan el 8 de diciembre, 2017:<\/em><\/p>\n<p><strong><em>Para ver este video, <a href=\"https:\/\/www.memri.org\/tv\/houston-imam-raed-rousan-muslims-kill-jews-palestine\">pulse aqu\u00ed<\/a> o debajo:<\/em><\/strong><\/p>\n<p><iframe src=\"https:\/\/www.memri.org\/player\/clip\/38253\/1\/1\" width=\"750\" height=\"540\" frameborder=\"0\"><\/iframe><\/p>\n<p><strong>\u00abLos jud\u00edos asesinaron a los profetas, estos no aceptaron ninguna religi\u00f3n\u00bb<\/strong><\/p>\n<p><strong>Raed Al-Rousan<\/strong>: \u00ab[Los jud\u00edos] asesinaron a los Profetas y a los mensajeros de Al\u00e1. Estos no aceptaron ninguna religi\u00f3n, e incluso modificaron la Tor\u00e1. Se convirtieron en enemigos de s\u00ed mismos y se pelearon entre s\u00ed, hermanos y hermanas. Vayan y lean la historia\u00bb.<\/p>\n<p><img loading=\"lazy\" decoding=\"async\" class=\"alignnone size-full wp-image-41250\" src=\"https:\/\/www2.memri.org\/espanol\/wp-content\/uploads\/2017\/12\/SD7240a-2-1.jpg\" width=\"1057\" height=\"581\" alt=\"\" srcset=\"https:\/\/www2.memri.org\/espanol\/wp-content\/uploads\/2017\/12\/SD7240a-2-1.jpg 1057w, https:\/\/www2.memri.org\/espanol\/wp-content\/uploads\/2017\/12\/SD7240a-2-1-300x165.jpg 300w, https:\/\/www2.memri.org\/espanol\/wp-content\/uploads\/2017\/12\/SD7240a-2-1-768x422.jpg 768w, https:\/\/www2.memri.org\/espanol\/wp-content\/uploads\/2017\/12\/SD7240a-2-1-1024x563.jpg 1024w, https:\/\/www2.memri.org\/espanol\/wp-content\/uploads\/2017\/12\/SD7240a-2-1-600x330.jpg 600w, https:\/\/www2.memri.org\/espanol\/wp-content\/uploads\/2017\/12\/SD7240a-2-1-696x383.jpg 696w, https:\/\/www2.memri.org\/espanol\/wp-content\/uploads\/2017\/12\/SD7240a-2-1-764x420.jpg 764w\" sizes=\"auto, (max-width: 1057px) 100vw, 1057px\" \/>\u00a0<img loading=\"lazy\" decoding=\"async\" class=\"alignnone size-full wp-image-41251\" src=\"https:\/\/www2.memri.org\/espanol\/wp-content\/uploads\/2017\/12\/SD7240b-2-1.jpg\" width=\"1063\" height=\"606\" alt=\"\" srcset=\"https:\/\/www2.memri.org\/espanol\/wp-content\/uploads\/2017\/12\/SD7240b-2-1.jpg 1063w, https:\/\/www2.memri.org\/espanol\/wp-content\/uploads\/2017\/12\/SD7240b-2-1-300x171.jpg 300w, https:\/\/www2.memri.org\/espanol\/wp-content\/uploads\/2017\/12\/SD7240b-2-1-768x438.jpg 768w, https:\/\/www2.memri.org\/espanol\/wp-content\/uploads\/2017\/12\/SD7240b-2-1-1024x584.jpg 1024w, https:\/\/www2.memri.org\/espanol\/wp-content\/uploads\/2017\/12\/SD7240b-2-1-600x342.jpg 600w, https:\/\/www2.memri.org\/espanol\/wp-content\/uploads\/2017\/12\/SD7240b-2-1-696x397.jpg 696w, https:\/\/www2.memri.org\/espanol\/wp-content\/uploads\/2017\/12\/SD7240b-2-1-737x420.jpg 737w\" sizes=\"auto, (max-width: 1063px) 100vw, 1063px\" \/><\/p>\n<p><strong>\u00abGran Breta\u00f1a&#8230; se trajo al [pueblo] jud\u00edo&#8230; para que viva en Palestina&#8230; No me digan que Palestina es el pa\u00eds del [pueblo] jud\u00edo\u00bb<\/strong><\/p>\n<p>\u00abHoy d\u00eda, dicen: saben, hemos estado viviendo en Palestina desde hace miles de a\u00f1os. Luego de la ca\u00edda del califato otomano, ellos pudieron&#8230; Gran Breta\u00f1a entr\u00f3 e hizo lo que hizo en Palestina y trajeron a los jud\u00edos y ahora estos est\u00e1n trayendo jud\u00edos de todos los rincones de la tierra. Est\u00e1n amasando all\u00ed a sus multitudes. As\u00ed que despu\u00e9s, saben, el reino otomano&#8230; despu\u00e9s que finaliz\u00f3&#8230; Gran Breta\u00f1a, que realizo ese acuerdo, trajo a los jud\u00edos de diferentes pa\u00edses para que vivan en Palestina. As\u00ed que no me digan que Palestina es el pa\u00eds del [pueblo] jud\u00edo. \u00a1No!<\/p>\n<p><img loading=\"lazy\" decoding=\"async\" class=\"alignnone size-full wp-image-41252\" src=\"https:\/\/www2.memri.org\/espanol\/wp-content\/uploads\/2017\/12\/SD7240c-2-1.jpg\" width=\"1060\" height=\"607\" alt=\"\" srcset=\"https:\/\/www2.memri.org\/espanol\/wp-content\/uploads\/2017\/12\/SD7240c-2-1.jpg 1060w, https:\/\/www2.memri.org\/espanol\/wp-content\/uploads\/2017\/12\/SD7240c-2-1-300x172.jpg 300w, https:\/\/www2.memri.org\/espanol\/wp-content\/uploads\/2017\/12\/SD7240c-2-1-768x440.jpg 768w, https:\/\/www2.memri.org\/espanol\/wp-content\/uploads\/2017\/12\/SD7240c-2-1-1024x586.jpg 1024w, https:\/\/www2.memri.org\/espanol\/wp-content\/uploads\/2017\/12\/SD7240c-2-1-600x344.jpg 600w, https:\/\/www2.memri.org\/espanol\/wp-content\/uploads\/2017\/12\/SD7240c-2-1-696x399.jpg 696w, https:\/\/www2.memri.org\/espanol\/wp-content\/uploads\/2017\/12\/SD7240c-2-1-733x420.jpg 733w\" sizes=\"auto, (max-width: 1060px) 100vw, 1060px\" \/>\u00a0<img loading=\"lazy\" decoding=\"async\" class=\"alignnone size-full wp-image-41253\" src=\"https:\/\/www2.memri.org\/espanol\/wp-content\/uploads\/2017\/12\/SD7240d-2-1.jpg\" width=\"1065\" height=\"611\" alt=\"\" srcset=\"https:\/\/www2.memri.org\/espanol\/wp-content\/uploads\/2017\/12\/SD7240d-2-1.jpg 1065w, https:\/\/www2.memri.org\/espanol\/wp-content\/uploads\/2017\/12\/SD7240d-2-1-300x172.jpg 300w, https:\/\/www2.memri.org\/espanol\/wp-content\/uploads\/2017\/12\/SD7240d-2-1-768x441.jpg 768w, https:\/\/www2.memri.org\/espanol\/wp-content\/uploads\/2017\/12\/SD7240d-2-1-1024x587.jpg 1024w, https:\/\/www2.memri.org\/espanol\/wp-content\/uploads\/2017\/12\/SD7240d-2-1-600x344.jpg 600w, https:\/\/www2.memri.org\/espanol\/wp-content\/uploads\/2017\/12\/SD7240d-2-1-696x399.jpg 696w, https:\/\/www2.memri.org\/espanol\/wp-content\/uploads\/2017\/12\/SD7240d-2-1-732x420.jpg 732w\" sizes=\"auto, (max-width: 1065px) 100vw, 1065px\" \/><\/p>\n<p><img loading=\"lazy\" decoding=\"async\" class=\"alignnone size-full wp-image-41254\" src=\"https:\/\/www2.memri.org\/espanol\/wp-content\/uploads\/2017\/12\/SD72403-2-1.jpg\" width=\"1063\" height=\"604\" alt=\"\" srcset=\"https:\/\/www2.memri.org\/espanol\/wp-content\/uploads\/2017\/12\/SD72403-2-1.jpg 1063w, https:\/\/www2.memri.org\/espanol\/wp-content\/uploads\/2017\/12\/SD72403-2-1-300x170.jpg 300w, https:\/\/www2.memri.org\/espanol\/wp-content\/uploads\/2017\/12\/SD72403-2-1-768x436.jpg 768w, https:\/\/www2.memri.org\/espanol\/wp-content\/uploads\/2017\/12\/SD72403-2-1-1024x582.jpg 1024w, https:\/\/www2.memri.org\/espanol\/wp-content\/uploads\/2017\/12\/SD72403-2-1-600x341.jpg 600w, https:\/\/www2.memri.org\/espanol\/wp-content\/uploads\/2017\/12\/SD72403-2-1-696x395.jpg 696w, https:\/\/www2.memri.org\/espanol\/wp-content\/uploads\/2017\/12\/SD72403-2-1-739x420.jpg 739w\" sizes=\"auto, (max-width: 1063px) 100vw, 1063px\" \/><\/p>\n<p>\u00abY Salom\u00f3n, y el Templo&#8230; \u00bfCu\u00e1ndo fue que vino Salom\u00f3n, de todas maneras? Esto es despu\u00e9s de&#8230; saben&#8230; los Profetas, saben, Salom\u00f3n y David&#8230; As\u00ed que hablamos de&#8230; ya saben, no en los primeros tiempos, no en los comienzos de los tiempos. Estos son los hechos que necesitamos saber y entender, hermanos y hermanas. As\u00ed que s\u00ed, Trump estaba equivocado\u00bb.<\/p>\n<p><img loading=\"lazy\" decoding=\"async\" class=\"alignnone size-full wp-image-41255\" src=\"https:\/\/www2.memri.org\/espanol\/wp-content\/uploads\/2017\/12\/SD7240t-2-1.jpg\" width=\"685\" height=\"366\" alt=\"\" srcset=\"https:\/\/www2.memri.org\/espanol\/wp-content\/uploads\/2017\/12\/SD7240t-2-1.jpg 685w, https:\/\/www2.memri.org\/espanol\/wp-content\/uploads\/2017\/12\/SD7240t-2-1-300x160.jpg 300w, https:\/\/www2.memri.org\/espanol\/wp-content\/uploads\/2017\/12\/SD7240t-2-1-600x321.jpg 600w\" sizes=\"auto, (max-width: 685px) 100vw, 685px\" \/><\/p>\n<p>[&#8230;]<\/p>\n<p><strong>\u00abEl Profeta Mahoma trajo las buenas nuevas cuando dijo: el D\u00eda del Juicio Final no llegar\u00e1 hasta que los musulmanes combatan contra los jud\u00edos; los musulmanes asesinaran a los jud\u00edos\u00bb<\/strong><\/p>\n<p>\u00abMis hermanos, el Profeta Mahoma trajo las buenas nuevas, cuando dijo: &#8216;El D\u00eda del Juicio Final no llegar\u00e1 hasta que los musulmanes combatan contra los jud\u00edos. Los musulmanes asesinar\u00e1n a los jud\u00edos y los jud\u00edos se esconder\u00e1n detr\u00e1s de las piedras y los \u00e1rboles y las piedras y los \u00e1rboles dir\u00e1n: Oh musulm\u00e1n, oh sirviente de Al\u00e1, hay un jud\u00edo escondido tras de m\u00ed, ven y dale muerte, excepto por el \u00e1rbol Gharqad, que es uno de sus \u00e1rboles. Esto es lo que Al\u00e1 prometi\u00f3.<\/p>\n<p><img loading=\"lazy\" decoding=\"async\" class=\"alignnone size-full wp-image-41256\" src=\"https:\/\/www2.memri.org\/espanol\/wp-content\/uploads\/2017\/12\/SD7240q-2-1.jpg\" width=\"1060\" height=\"606\" srcset=\"https:\/\/www2.memri.org\/espanol\/wp-content\/uploads\/2017\/12\/SD7240q-2-1.jpg 1060w, https:\/\/www2.memri.org\/espanol\/wp-content\/uploads\/2017\/12\/SD7240q-2-1-300x172.jpg 300w, https:\/\/www2.memri.org\/espanol\/wp-content\/uploads\/2017\/12\/SD7240q-2-1-768x439.jpg 768w, https:\/\/www2.memri.org\/espanol\/wp-content\/uploads\/2017\/12\/SD7240q-2-1-1024x585.jpg 1024w, https:\/\/www2.memri.org\/espanol\/wp-content\/uploads\/2017\/12\/SD7240q-2-1-600x343.jpg 600w, https:\/\/www2.memri.org\/espanol\/wp-content\/uploads\/2017\/12\/SD7240q-2-1-696x398.jpg 696w, https:\/\/www2.memri.org\/espanol\/wp-content\/uploads\/2017\/12\/SD7240q-2-1-735x420.jpg 735w\" sizes=\"auto, (max-width: 1060px) 100vw, 1060px\" \/><\/p>\n<p>\u00abLa hora [es decir, el D\u00eda del Juicio Final] no comenzar\u00e1 hasta que los musulmanes combatan contra los jud\u00edos all\u00ed, en Palestina. Y ellos conocen esta realidad. Los musulmanes obtendr\u00e1n la victoria. Los jud\u00edos se esconder\u00e1n detr\u00e1s de los \u00e1rboles y las piedras y las piedras y los \u00e1rboles llamaran a los musulmanes: &#8216;Oh musulm\u00e1n ven, hay un jud\u00edo tras de m\u00ed&#8217;, excepto por una especie de \u00e1rbol llamado &#8216;Gharqad&#8217; y, que alabado sea Al\u00e1, tratan de plantar por todas partes este Gharqad all\u00ed, porque conocen estos hechos, hermanos y hermanas. Pero est\u00e1n tratando de retrasarlo\u00bb.<\/p>\n<p><img loading=\"lazy\" decoding=\"async\" class=\"alignnone size-full wp-image-41257\" src=\"https:\/\/www2.memri.org\/espanol\/wp-content\/uploads\/2017\/12\/SD7240i-1.jpg\" width=\"1060\" height=\"585\" alt=\"\" srcset=\"https:\/\/www2.memri.org\/espanol\/wp-content\/uploads\/2017\/12\/SD7240i-1.jpg 1060w, https:\/\/www2.memri.org\/espanol\/wp-content\/uploads\/2017\/12\/SD7240i-1-300x166.jpg 300w, https:\/\/www2.memri.org\/espanol\/wp-content\/uploads\/2017\/12\/SD7240i-1-768x424.jpg 768w, https:\/\/www2.memri.org\/espanol\/wp-content\/uploads\/2017\/12\/SD7240i-1-1024x565.jpg 1024w, https:\/\/www2.memri.org\/espanol\/wp-content\/uploads\/2017\/12\/SD7240i-1-600x331.jpg 600w, https:\/\/www2.memri.org\/espanol\/wp-content\/uploads\/2017\/12\/SD7240i-1-696x385.jpg 696w, https:\/\/www2.memri.org\/espanol\/wp-content\/uploads\/2017\/12\/SD7240i-1-761x420.jpg 761w\" sizes=\"auto, (max-width: 1060px) 100vw, 1060px\" \/>\u00a0<img loading=\"lazy\" decoding=\"async\" class=\"alignnone size-full wp-image-41258\" src=\"https:\/\/www2.memri.org\/espanol\/wp-content\/uploads\/2017\/12\/SD7240j-1.jpg\" width=\"1061\" height=\"582\" alt=\"\" srcset=\"https:\/\/www2.memri.org\/espanol\/wp-content\/uploads\/2017\/12\/SD7240j-1.jpg 1061w, https:\/\/www2.memri.org\/espanol\/wp-content\/uploads\/2017\/12\/SD7240j-1-300x165.jpg 300w, https:\/\/www2.memri.org\/espanol\/wp-content\/uploads\/2017\/12\/SD7240j-1-768x421.jpg 768w, https:\/\/www2.memri.org\/espanol\/wp-content\/uploads\/2017\/12\/SD7240j-1-1024x562.jpg 1024w, https:\/\/www2.memri.org\/espanol\/wp-content\/uploads\/2017\/12\/SD7240j-1-600x329.jpg 600w, https:\/\/www2.memri.org\/espanol\/wp-content\/uploads\/2017\/12\/SD7240j-1-696x382.jpg 696w, https:\/\/www2.memri.org\/espanol\/wp-content\/uploads\/2017\/12\/SD7240j-1-766x420.jpg 766w\" sizes=\"auto, (max-width: 1061px) 100vw, 1061px\" \/><\/p>\n<p><strong>Un \u00absoldado jud\u00edo\u00bb dijo: \u00abTu Dios te dar\u00e1 la victoria&#8230; cuando ustedes chicos\u00bb asistan a las plegarias del amanecer y de los viernes \u00aben las mismas cantidades\u00bb; \u00abEst\u00e1n tratando de colocarnos todo tipo de obst\u00e1culos frente a nosotros&#8230; No quieren que conozcamos nuestra religi\u00f3n\u00bb<\/strong><\/p>\n<p>\u00abUn soldado jud\u00edo le dijo una vez a uno de mis amigos: &#8216;\u00bfSabes cu\u00e1ndo obtendr\u00e1s la victoria sobre nosotros? \u00bfSabes cu\u00e1ndo tu Dios te dar\u00e1 la victoria?&#8217; Dijo: &#8216;No, no lo s\u00e9&#8217;. Dijo \u00e9l: &#8216;Cuando ser\u00e1 que ustedes ser\u00e1n lo suficientemente numerosos en las plegarias del alba y en los rezos de los viernes&#8217;.<\/p>\n<p><img loading=\"lazy\" decoding=\"async\" class=\"alignnone size-full wp-image-41259\" src=\"https:\/\/www2.memri.org\/espanol\/wp-content\/uploads\/2017\/12\/SD7240k-1.jpg\" width=\"1061\" height=\"606\" alt=\"\" srcset=\"https:\/\/www2.memri.org\/espanol\/wp-content\/uploads\/2017\/12\/SD7240k-1.jpg 1061w, https:\/\/www2.memri.org\/espanol\/wp-content\/uploads\/2017\/12\/SD7240k-1-300x171.jpg 300w, https:\/\/www2.memri.org\/espanol\/wp-content\/uploads\/2017\/12\/SD7240k-1-768x439.jpg 768w, https:\/\/www2.memri.org\/espanol\/wp-content\/uploads\/2017\/12\/SD7240k-1-1024x585.jpg 1024w, https:\/\/www2.memri.org\/espanol\/wp-content\/uploads\/2017\/12\/SD7240k-1-600x343.jpg 600w, https:\/\/www2.memri.org\/espanol\/wp-content\/uploads\/2017\/12\/SD7240k-1-696x398.jpg 696w, https:\/\/www2.memri.org\/espanol\/wp-content\/uploads\/2017\/12\/SD7240k-1-735x420.jpg 735w\" sizes=\"auto, (max-width: 1061px) 100vw, 1061px\" \/>\u00a0<img loading=\"lazy\" decoding=\"async\" class=\"alignnone size-full wp-image-41260\" src=\"https:\/\/www2.memri.org\/espanol\/wp-content\/uploads\/2017\/12\/SD7240l-1.jpg\" width=\"1067\" height=\"592\" alt=\"\" srcset=\"https:\/\/www2.memri.org\/espanol\/wp-content\/uploads\/2017\/12\/SD7240l-1.jpg 1067w, https:\/\/www2.memri.org\/espanol\/wp-content\/uploads\/2017\/12\/SD7240l-1-300x166.jpg 300w, https:\/\/www2.memri.org\/espanol\/wp-content\/uploads\/2017\/12\/SD7240l-1-768x426.jpg 768w, https:\/\/www2.memri.org\/espanol\/wp-content\/uploads\/2017\/12\/SD7240l-1-1024x568.jpg 1024w, https:\/\/www2.memri.org\/espanol\/wp-content\/uploads\/2017\/12\/SD7240l-1-600x333.jpg 600w, https:\/\/www2.memri.org\/espanol\/wp-content\/uploads\/2017\/12\/SD7240l-1-696x385.jpg 696w, https:\/\/www2.memri.org\/espanol\/wp-content\/uploads\/2017\/12\/SD7240l-1-757x420.jpg 757w\" sizes=\"auto, (max-width: 1067px) 100vw, 1067px\" \/><\/p>\n<p><img loading=\"lazy\" decoding=\"async\" class=\"alignnone size-full wp-image-41261\" src=\"https:\/\/www2.memri.org\/espanol\/wp-content\/uploads\/2017\/12\/SD7240m-1.jpg\" width=\"1061\" height=\"606\" alt=\"\" srcset=\"https:\/\/www2.memri.org\/espanol\/wp-content\/uploads\/2017\/12\/SD7240m-1.jpg 1061w, https:\/\/www2.memri.org\/espanol\/wp-content\/uploads\/2017\/12\/SD7240m-1-300x171.jpg 300w, https:\/\/www2.memri.org\/espanol\/wp-content\/uploads\/2017\/12\/SD7240m-1-768x439.jpg 768w, https:\/\/www2.memri.org\/espanol\/wp-content\/uploads\/2017\/12\/SD7240m-1-1024x585.jpg 1024w, https:\/\/www2.memri.org\/espanol\/wp-content\/uploads\/2017\/12\/SD7240m-1-600x343.jpg 600w, https:\/\/www2.memri.org\/espanol\/wp-content\/uploads\/2017\/12\/SD7240m-1-696x398.jpg 696w, https:\/\/www2.memri.org\/espanol\/wp-content\/uploads\/2017\/12\/SD7240m-1-735x420.jpg 735w\" sizes=\"auto, (max-width: 1061px) 100vw, 1061px\" \/>\u00a0<img loading=\"lazy\" decoding=\"async\" class=\"alignnone size-full wp-image-41262\" src=\"https:\/\/www2.memri.org\/espanol\/wp-content\/uploads\/2017\/12\/SD7240n-1.jpg\" width=\"1066\" height=\"605\" alt=\"\" srcset=\"https:\/\/www2.memri.org\/espanol\/wp-content\/uploads\/2017\/12\/SD7240n-1.jpg 1066w, https:\/\/www2.memri.org\/espanol\/wp-content\/uploads\/2017\/12\/SD7240n-1-300x170.jpg 300w, https:\/\/www2.memri.org\/espanol\/wp-content\/uploads\/2017\/12\/SD7240n-1-768x436.jpg 768w, https:\/\/www2.memri.org\/espanol\/wp-content\/uploads\/2017\/12\/SD7240n-1-1024x581.jpg 1024w, https:\/\/www2.memri.org\/espanol\/wp-content\/uploads\/2017\/12\/SD7240n-1-600x341.jpg 600w, https:\/\/www2.memri.org\/espanol\/wp-content\/uploads\/2017\/12\/SD7240n-1-696x395.jpg 696w, https:\/\/www2.memri.org\/espanol\/wp-content\/uploads\/2017\/12\/SD7240n-1-740x420.jpg 740w\" sizes=\"auto, (max-width: 1066px) 100vw, 1066px\" \/><\/p>\n<p>\u00abEllos saben, pero est\u00e1n tratando de ponernos en frente todos los obst\u00e1culos, porque no quieren que seamos religiosos, no quieren que conozcamos nuestra religi\u00f3n.<\/p>\n<p><img loading=\"lazy\" decoding=\"async\" class=\"alignnone size-full wp-image-41263\" src=\"https:\/\/www2.memri.org\/espanol\/wp-content\/uploads\/2017\/12\/SD7240r-1.jpg\" width=\"1064\" height=\"608\" alt=\"\" srcset=\"https:\/\/www2.memri.org\/espanol\/wp-content\/uploads\/2017\/12\/SD7240r-1.jpg 1064w, https:\/\/www2.memri.org\/espanol\/wp-content\/uploads\/2017\/12\/SD7240r-1-300x171.jpg 300w, https:\/\/www2.memri.org\/espanol\/wp-content\/uploads\/2017\/12\/SD7240r-1-768x439.jpg 768w, https:\/\/www2.memri.org\/espanol\/wp-content\/uploads\/2017\/12\/SD7240r-1-1024x585.jpg 1024w, https:\/\/www2.memri.org\/espanol\/wp-content\/uploads\/2017\/12\/SD7240r-1-600x343.jpg 600w, https:\/\/www2.memri.org\/espanol\/wp-content\/uploads\/2017\/12\/SD7240r-1-696x398.jpg 696w, https:\/\/www2.memri.org\/espanol\/wp-content\/uploads\/2017\/12\/SD7240r-1-735x420.jpg 735w\" sizes=\"auto, (max-width: 1064px) 100vw, 1064px\" \/>\u00a0<img loading=\"lazy\" decoding=\"async\" class=\"alignnone size-full wp-image-41264\" src=\"https:\/\/www2.memri.org\/espanol\/wp-content\/uploads\/2017\/12\/SD7240s-1.jpg\" width=\"1062\" height=\"611\" alt=\"\" srcset=\"https:\/\/www2.memri.org\/espanol\/wp-content\/uploads\/2017\/12\/SD7240s-1.jpg 1062w, https:\/\/www2.memri.org\/espanol\/wp-content\/uploads\/2017\/12\/SD7240s-1-300x173.jpg 300w, https:\/\/www2.memri.org\/espanol\/wp-content\/uploads\/2017\/12\/SD7240s-1-768x442.jpg 768w, https:\/\/www2.memri.org\/espanol\/wp-content\/uploads\/2017\/12\/SD7240s-1-1024x589.jpg 1024w, https:\/\/www2.memri.org\/espanol\/wp-content\/uploads\/2017\/12\/SD7240s-1-600x345.jpg 600w, https:\/\/www2.memri.org\/espanol\/wp-content\/uploads\/2017\/12\/SD7240s-1-696x400.jpg 696w, https:\/\/www2.memri.org\/espanol\/wp-content\/uploads\/2017\/12\/SD7240s-1-730x420.jpg 730w\" sizes=\"auto, (max-width: 1062px) 100vw, 1062px\" \/><\/p>\n<p>\u00abTodos estos juegos en los pa\u00edses musulmanes y \u00e1rabes son de ellos. Ellos no desean un l\u00edder musulm\u00e1n. Observen lo que sucedi\u00f3 en Egipto. Ellos no desean un l\u00edder musulm\u00e1n, porque saben lo que suceder\u00e1\u00bb.<\/p>\n<hr \/>\n<p><a href=\"#_ednref1\" name=\"_edn1\">[1]<\/a> Facebook.com\/tajweedinstitute\/videos\/173938413196909\/, publicado el 8 de diciembre, 2017; Youtu.be\/mv5DexI8BPA, transmitido en vivo el 8 de diciembre, 2017, ambos visitados el 18 de diciembre, 2017.<\/p>\n<p><a href=\"#_ednref2\" name=\"_edn2\">[2]<\/a> Facebook.com\/pg\/tajweedinstitute\/about\/?ref=page_internal, Tajweedusa.org, visitado el 18 de diciembre, 2017<\/p>\n<p><a href=\"#_ednref3\" name=\"_edn3\">[3]<\/a> Facebook.com\/tajweedusa\/, 3 de junio de 2017, visitado el 18 de diciembre, 2017.<\/p>\n<p><a href=\"#_ednref4\" name=\"_edn4\">[4]<\/a> Facebook.com\/pg\/tajweedinstitute\/about\/?ref=page_internal, visitado el 18 de diciembre, 2017<\/p>\n<p><a href=\"#_ednref5\" name=\"_edn5\">[5]<\/a> Youtube.com\/watch?v=aXg4MAxoabA, publicado el 9 de mayo, 2012. Visitado el 18 de diciembre, 2017.<\/p>\n<p><a href=\"#_ednref6\" name=\"_edn6\">[6]<\/a> Youtube.com\/watch?v=3cpMCBPJyf4, publicado el 12 de diciembre, 2015, visitado el 18 de diciembre, 2017; Youtube.com\/watch?v=Hal4YNBKCYg, publicado el 9 de mayo, 2012, visitado el 18 de diciembre, 2017.<\/p>\n<p><a href=\"#_ednref7\" name=\"_edn7\">[7]<\/a> Ayatampa.org\/academics\/hifdh_program.cfm, visitado el 18 de diciembre, 2017.<\/p>\n<p><a href=\"#_ednref8\" name=\"_edn8\">[8]<\/a> Apacademy.org\/event\/islamic-schools-now-more-than-ever\/, visitado el 18 de diciembre, 2017.<\/p>\n<p><a href=\"#_ednref9\" name=\"_edn9\">[9]<\/a> Centermasjid.org\/conf\/speakers.html, visitado el 18 de diciembre, 2017.<\/p>\n<p><a href=\"#_ednref10\" name=\"_edn10\">[10]<\/a> Curvetube.com\/Night_of_Quran Mamdouh_Mahmoud_Raed_Alrousan _ &amp; _ Dilawar_Shah \/ ugVXxtY5ow4.video, visitado el 18 de diciembre, 2017.<\/p>\n<p><a href=\"#_ednref11\" name=\"_edn11\">[11]<\/a> Facebook.com\/events\/591383671013610\/, 18 de diciembre, 2017.<\/p>\n","protected":false},"excerpt":{"rendered":"<p>En su serm\u00f3n de los viernes 8 de diciembre, 2017 titulado \u00abNuestros Deberes a Al-Quds [Jerusal\u00e9n]\u00bb en la filial del Instituto Tajweed en Houston, Texas, el imam y fundador del instituto, Jeque Raed Saleh Al-Rousan, hablando en una combinaci\u00f3n de \u00e1rabe e ingl\u00e9s, hace referencia al ampliamente citado Hadith afirmando que en el D\u00eda del [&hellip;]<\/p>\n","protected":false},"author":1,"featured_media":41249,"comment_status":"open","ping_status":"open","sticky":false,"template":"","format":"standard","meta":{"footnotes":""},"categories":[4,6,9,2,16],"tags":[],"class_list":["post-41213","post","type-post","status-publish","format-standard","has-post-thumbnail","hentry","category-archivos","category-comunicados-especiales","category-temas","category-featured","category-proyecto-documental-sobre-antisemitismo"],"_links":{"self":[{"href":"https:\/\/www2.memri.org\/espanol\/wp-json\/wp\/v2\/posts\/41213","targetHints":{"allow":["GET"]}}],"collection":[{"href":"https:\/\/www2.memri.org\/espanol\/wp-json\/wp\/v2\/posts"}],"about":[{"href":"https:\/\/www2.memri.org\/espanol\/wp-json\/wp\/v2\/types\/post"}],"author":[{"embeddable":true,"href":"https:\/\/www2.memri.org\/espanol\/wp-json\/wp\/v2\/users\/1"}],"replies":[{"embeddable":true,"href":"https:\/\/www2.memri.org\/espanol\/wp-json\/wp\/v2\/comments?post=41213"}],"version-history":[{"count":0,"href":"https:\/\/www2.memri.org\/espanol\/wp-json\/wp\/v2\/posts\/41213\/revisions"}],"wp:featuredmedia":[{"embeddable":true,"href":"https:\/\/www2.memri.org\/espanol\/wp-json\/wp\/v2\/media\/41249"}],"wp:attachment":[{"href":"https:\/\/www2.memri.org\/espanol\/wp-json\/wp\/v2\/media?parent=41213"}],"wp:term":[{"taxonomy":"category","embeddable":true,"href":"https:\/\/www2.memri.org\/espanol\/wp-json\/wp\/v2\/categories?post=41213"},{"taxonomy":"post_tag","embeddable":true,"href":"https:\/\/www2.memri.org\/espanol\/wp-json\/wp\/v2\/tags?post=41213"}],"curies":[{"name":"wp","href":"https:\/\/api.w.org\/{rel}","templated":true}]}}