{"id":4112,"date":"2010-11-11T00:00:00","date_gmt":"2010-11-11T00:00:00","guid":{"rendered":"http:\/\/www2.memri.org\/espanol\/2010\/11\/11\/mufti-sunita-de-mt-libano-jeque-muhammad-ali-al-jozo-hezbola-esta-haciendo-peligrar-el-futuro-de-los-sunitas-en-toda-la-region-es-inconcebible-que-iran-tome-el-lugar-del-papel-arabe\/"},"modified":"2016-01-13T22:07:06","modified_gmt":"2016-01-13T22:07:06","slug":"mufti-sunita-de-mt-libano-jeque-muhammad-ali-al-jozo-hezbola-esta-haciendo-peligrar-el-futuro-de-los-sunitas-en-toda-la-region-es-inconcebible-que-iran-tome-el-lugar-del-papel-arabe","status":"publish","type":"post","link":"https:\/\/www2.memri.org\/espanol\/mufti-sunita-de-mt-libano-jeque-muhammad-ali-al-jozo-hezbola-esta-haciendo-peligrar-el-futuro-de-los-sunitas-en-toda-la-region-es-inconcebible-que-iran-tome-el-lugar-del-papel-arabe\/4112","title":{"rendered":"Mufti sunita de Mt. L\u00edbano Jeque Muhammad Ali Al-Jozo: Hezbol\u00e1 est\u00e1 haciendo peligrar &#8216;el futuro de los sunitas en toda la regi\u00f3n&#8217;, &#8216;Es inconcebible que Ir\u00e1n tome el lugar del papel \u00e1rabe&#8217;"},"content":{"rendered":"<div class=\"bodytext c1\">\n<p><em>En una reciente entrevista en televisi\u00f3n, Muhammad Ali Al-Jozo, el Muft\u00ed sunita de Mt. L\u00edbano, dijo que \u00abel futuro de los sunitas en toda la regi\u00f3n est\u00e1 en peligro\u00bb porque \u00abel Hezbol\u00e1 chi\u00edta est\u00e1 amasando armas, est\u00e1 entrenando gente y los est\u00e1 armando\u00bb. Este advirti\u00f3 sobre la posibilidad de que \u00ablas armas del Hezbol\u00e1 [se] vuelvan contra los libaneses\u00bb, tal como ocurri\u00f3 en los enfrentamientos de mayo del 2008.<\/em><\/p>\n<p><em>En la entrevista, que fue transmitida en el canal de la televisi\u00f3n libanesa LBC TV el 14 de octubre del 2010, Al-Jozo critic\u00f3 a Ir\u00e1n, diciendo: \u00abTodo es siempre &#8216;divino&#8217; con [Hezbola]. En cuanto a los otros &#8211; son simples mortales sin nada que ver con Dios&#8230; Es inconcebible para el papel de Ir\u00e1n tomar el lugar del papel de los \u00e1rabes\u00bb.<\/em><\/p>\n<p><em>En otra entrevista, que fue transmitida el 6 de junio, 2010 en el canal de televisi\u00f3n liban\u00e9s Murr TV, Al-Jozo arremeti\u00f3 contra Hezbol\u00e1 por la violencia sectaria en el L\u00edbano y por utilizar sus armas en contra de los libaneses. Este advirti\u00f3 que el \u00abverdadero presidente del L\u00edbano\u00bb es \u00abHassan Nasrallah, quien tiene ca\u00f1ones y ametralladoras y puede matar\u00bb.<\/em><\/p>\n<p><em>En varias ocasiones, Al-Jozo ha acusado a Hezbol\u00e1 por la guerra del 2006 contra Israel, que, seg\u00fan dijo, termin\u00f3 en fuertes p\u00e9rdidas para el L\u00edbano. En la entrevista del 6 de junio, dijo: \u00abLa verdad es que [Hezbol\u00e1] no puede defender el sur del L\u00edbano o el suburbio sur de Beirut. Vimos lo que sucedi\u00f3 en la guerra del 2006 &#8211; ni un solo puente qued\u00f3 intacto\u00bb. En una entrevista con Al-Arabiya TV, que fue transmitida varios meses despu\u00e9s de la guerra, el 17 de noviembre del 2006, Al-Jozo dijo que era \u00abinaceptable que Hezbol\u00e1 tomara tal decisi\u00f3n por s\u00ed misma\u00bb y que el L\u00edbano pag\u00f3 un precio muy alto por lo que Hezbol\u00e1 llama \u00abuna victoria divina\u00bb. Aunque destac\u00f3 que no est\u00e1 en contra de las armas si se emplean s\u00f3lo para la resistencia contra Israel, \u00absi estas armas se convierten en una amenaza interna y si Hezbol\u00e1 me impone lo que este quiera, sin tener en cuenta a todos los dem\u00e1s &#8211; esto es inaceptable, es una dictadura\u00bb.<\/em><\/p>\n<p><em>Para ver el segmento de video del 14 de octubre en MEMRI TV, visite: <a href=\"http:\/\/www.memritv.org\/clip\/en\/0\/0\/0\/0\/0\/0\/2654.htm\">http:\/\/www.memritv.org\/clip\/en\/0\/0\/0\/0\/0\/0\/2654.htm<\/a>.<\/em><\/p>\n<p><em>Para ver la entrevista el 6 de junio, visite: <a href=\"http:\/\/www.memritv.org\/clip\/en\/0\/0\/0\/0\/0\/0\/2538.htm\">http:\/\/www.memritv.org\/clip\/en\/0\/0\/0\/0\/0\/0\/2538.htm<\/a>.<\/em><\/p>\n<p><em>Para ver la entrevista del 17 de noviembre, 2006, visite: <a href=\"http:\/\/www.memritv.org\/clip\/en\/0\/0\/0\/0\/0\/0\/1326.htm\">http:\/\/www.memritv.org\/clip\/en\/0\/0\/0\/0\/0\/0\/1326.htm<\/a>.<\/em><\/p>\n<p><em>Para ver segmentos adicionales que destacan al Jeque Muhammad Ali Al-Jozo, dir\u00edjase a: <a href=\"http:\/\/www.memritv.org\/search\/en\/results\/0\/0\/0\/0\/0\/0\/0\/0\/0.htm?k=al-jozo&amp;bAdvSearch=false\">http:\/\/www.memritv.org\/search\/en\/results\/0\/0\/0\/0\/0\/0\/0\/0\/0.htm?k=al-jozo&amp;bAdvSearch=false<\/a><\/em><\/p>\n<p><em>A continuaci\u00f3n se presentan extractos de la entrevista del 14 de octubre, 2010:<\/em><\/p>\n<p><img loading=\"lazy\" decoding=\"async\" class=\"alignnone size-full wp-image-8800\" src=\"http:\/\/www2.memri.org\/espanol\/wp-content\/uploads\/2016\/01\/5461.jpg\" width=\"327\" height=\"240\" srcset=\"https:\/\/www2.memri.org\/espanol\/wp-content\/uploads\/2016\/01\/5461.jpg 327w, https:\/\/www2.memri.org\/espanol\/wp-content\/uploads\/2016\/01\/5461-300x220.jpg 300w, https:\/\/www2.memri.org\/espanol\/wp-content\/uploads\/2016\/01\/5461-80x60.jpg 80w\" sizes=\"auto, (max-width: 327px) 100vw, 327px\" \/><\/p>\n<p><strong>Ser\u00eda una cat\u00e1strofe \u00absi las armas de Hezbol\u00e1 se vuelven contra los libaneses\u00bb<\/strong><\/p>\n<p><strong>Entrevistador<\/strong>: \u00ab\u00bfTeme usted que una guerra podr\u00eda estallar en el L\u00edbano, siempre y cuando la resistencia se mantenga activa?\u00bb<\/p>\n<p><strong>Jeque Muhammad Ali Al-Jozo<\/strong>: \u00abLa guerra que Hezbol\u00e1 podr\u00eda querer incitar incurrir\u00eda en una gran p\u00e9rdida para la propia Hezbol\u00e1, porque perder\u00eda su estatus en el mundo isl\u00e1mico y \u00e1rabe. La gente ve al Hezbol\u00e1 como una entidad que combate contra Israel, no contra el pueblo liban\u00e9s. Si las armas de Hezbol\u00e1 se volvieran en contra de los libaneses &#8211; eso ser\u00eda una cat\u00e1strofe\u00bb.<\/p>\n<p><strong>Entrevistador<\/strong>: \u00abPero esto ya hab\u00eda sucedido en el pasado?\u00bb<\/p>\n<p><strong>Jeque Muhammad Ali Al-Jozo<\/strong>: \u00abS\u00ed, ocurri\u00f3 y esto es lo que nos aflige. Estas armas se volvieron contra el L\u00edbano el 7 de mayo [del 2008], e incluso antes de eso, con los incidentes en torno a la Universidad \u00c1rabe y a Al-Tariq Al-Jadida. [&#8230;]\u00bb<\/p>\n<p><strong>Entrevistador<\/strong>: \u00abSi Hezbol\u00e1 arma al pueblo, les dejar\u00edan entrar en sus casas sin confrontarlos? no se defender\u00edan ustedes mismos?\u00bb<\/p>\n<p><strong>Jeque Muhammad Ali Al-Jozo<\/strong>: \u00abNo creo que nos quedar\u00edamos de brazos cruzados. La gente tiene sus propias armas personales, por supuesto, pero las armas no se entregan de forma organizada, por ning\u00fan partido pol\u00edtico. En el pasado, hemos apoyado la resistencia contra Israel, pero hoy, no hay absolutamente ninguna raz\u00f3n para que nos armemos. \u00bfContra quien nos estar\u00edamos armando? contra Hezbol\u00e1? contra los chi\u00edtas? Esto es absurdo. No queremos pelear con los chi\u00edtas o hacer que luchen contra nosotros. Lo que queremos es vivir como hermanos en una patria y juntos hacerle frente a nuestro enemigo, Israel\u00bb.<\/p>\n<p><img loading=\"lazy\" decoding=\"async\" class=\"alignnone size-full wp-image-8801\" src=\"http:\/\/www2.memri.org\/espanol\/wp-content\/uploads\/2016\/01\/5462.jpg\" width=\"327\" height=\"239\" srcset=\"https:\/\/www2.memri.org\/espanol\/wp-content\/uploads\/2016\/01\/5462.jpg 327w, https:\/\/www2.memri.org\/espanol\/wp-content\/uploads\/2016\/01\/5462-300x219.jpg 300w\" sizes=\"auto, (max-width: 327px) 100vw, 327px\" \/><\/p>\n<p><strong>\u00abEl futuro de los sunitas en toda la regi\u00f3n est\u00e1 en peligro\u00bb<\/strong><\/p>\n<p><strong>Entrevistador<\/strong>: \u00abHonorable Mufti, si el Hezbol\u00e1 chi\u00edta est\u00e1 amasando armas, est\u00e1 entrenando gente y los est\u00e1 armando, \u00bfno le parece &#8211; de acuerdo a lo que usted mismo ha dicho &#8211; que el futuro de los sunitas est\u00e1 en peligro?\u00bb<\/p>\n<p><strong>Jeque Muhammad Ali Al-Jozo<\/strong>: \u00abEl futuro de los sunitas en toda la regi\u00f3n est\u00e1 en peligro\u00bb. [&#8230;]<\/p>\n<p><strong>\u00abTodo es siempre &#8216;divino&#8217; con el Hezbol\u00e1\u00bb<\/strong><\/p>\n<p><strong>Entrevistador<\/strong>: \u00abNasrallah le dijo el Presidente Ahmadinejad que Ir\u00e1n estaba cumpliendo con su deber divino \u00bfEst\u00e1 usted de acuerdo en que Ir\u00e1n posee un derecho divino?\u00bb.<\/p>\n<p><strong>Jeque Muhammad Ali Al-Jozo<\/strong>: \u00abLamentablemente, las expresiones utilizadas por Hassan Nasrallah, est\u00e1n siempre relacionadas con el&#8230; Hezbol\u00e1 [&#8216;El Partido de Dios&#8217;], la victoria divina, el deber divino &#8211; todo es siempre &#8216;divino&#8217; con ellos. En cuanto a los otros &#8211; son simples mortales sin nada que ver con Dios. Esto es inconcebible [&#8230;]\u00bb<\/p>\n<p><img loading=\"lazy\" decoding=\"async\" class=\"alignnone size-full wp-image-8803\" src=\"http:\/\/www2.memri.org\/espanol\/wp-content\/uploads\/2016\/01\/5463.jpg\" width=\"327\" height=\"240\" srcset=\"https:\/\/www2.memri.org\/espanol\/wp-content\/uploads\/2016\/01\/5463.jpg 327w, https:\/\/www2.memri.org\/espanol\/wp-content\/uploads\/2016\/01\/5463-300x220.jpg 300w, https:\/\/www2.memri.org\/espanol\/wp-content\/uploads\/2016\/01\/5463-80x60.jpg 80w\" sizes=\"auto, (max-width: 327px) 100vw, 327px\" \/><\/p>\n<p><strong>\u00abEs inconcebible que el papel de Ir\u00e1n tome el lugar que le corresponde al papel \u00e1rabe\u00bb<\/strong><\/p>\n<p><strong>Jeque Muhammad Ali Al-Jozo<\/strong>: \u00abPor lo tanto, digo: La guerra divina sobre la que ellos hablan debe ser dirigida contra los enemigos. Con el debido respeto a Ir\u00e1n, decimos: Ustedes deben unir las palabras de los musulmanes y estar junto a los estados \u00e1rabes. Nadie puede superar el papel de los \u00e1rabes, en ninguna forma o contorno. El L\u00edbano es un estado \u00e1rabe, con fuertes lazos con los \u00e1rabes, a los cuales no podemos renunciar. Es inconcebible que el papel de Ir\u00e1n tome el lugar del papel de los \u00e1rabes\u00bb.<\/p>\n<\/div>\n","protected":false},"excerpt":{"rendered":"<p>En una reciente entrevista en televisi\u00f3n, Muhammad Ali Al-Jozo, el Muft\u00ed sunita de Mt. L\u00edbano, dijo que \u00abel futuro de los sunitas en toda la regi\u00f3n est\u00e1 en peligro\u00bb porque \u00abel Hezbol\u00e1 chi\u00edta est\u00e1 amasando armas, est\u00e1 entrenando gente y los est\u00e1 armando\u00bb. Este advirti\u00f3 sobre la posibilidad de que \u00ablas armas del Hezbol\u00e1 [se] [&hellip;]<\/p>\n","protected":false},"author":1,"featured_media":8800,"comment_status":"open","ping_status":"open","sticky":false,"template":"","format":"standard","meta":{"footnotes":""},"categories":[6,14,27],"tags":[],"class_list":["post-4112","post","type-post","status-publish","format-standard","has-post-thumbnail","hentry","category-comunicados-especiales","category-relaciones-inter-arabes","category-libano"],"_links":{"self":[{"href":"https:\/\/www2.memri.org\/espanol\/wp-json\/wp\/v2\/posts\/4112","targetHints":{"allow":["GET"]}}],"collection":[{"href":"https:\/\/www2.memri.org\/espanol\/wp-json\/wp\/v2\/posts"}],"about":[{"href":"https:\/\/www2.memri.org\/espanol\/wp-json\/wp\/v2\/types\/post"}],"author":[{"embeddable":true,"href":"https:\/\/www2.memri.org\/espanol\/wp-json\/wp\/v2\/users\/1"}],"replies":[{"embeddable":true,"href":"https:\/\/www2.memri.org\/espanol\/wp-json\/wp\/v2\/comments?post=4112"}],"version-history":[{"count":0,"href":"https:\/\/www2.memri.org\/espanol\/wp-json\/wp\/v2\/posts\/4112\/revisions"}],"wp:featuredmedia":[{"embeddable":true,"href":"https:\/\/www2.memri.org\/espanol\/wp-json\/wp\/v2\/media\/8800"}],"wp:attachment":[{"href":"https:\/\/www2.memri.org\/espanol\/wp-json\/wp\/v2\/media?parent=4112"}],"wp:term":[{"taxonomy":"category","embeddable":true,"href":"https:\/\/www2.memri.org\/espanol\/wp-json\/wp\/v2\/categories?post=4112"},{"taxonomy":"post_tag","embeddable":true,"href":"https:\/\/www2.memri.org\/espanol\/wp-json\/wp\/v2\/tags?post=4112"}],"curies":[{"name":"wp","href":"https:\/\/api.w.org\/{rel}","templated":true}]}}