{"id":40975,"date":"2017-12-14T15:30:00","date_gmt":"2017-12-14T19:30:00","guid":{"rendered":"http:\/\/www2.memri.org\/espanol\/?p=40975"},"modified":"2017-12-18T17:19:31","modified_gmt":"2017-12-18T21:19:31","slug":"tras-el-encuentro-interreligioso-de-unidad-en-el-centro-islamico-de-jersey-city-nueva-jersey-el-imam-del-centro-en-sermones-acusa-a-los-judios-de-llevar-a-cabo-la-masacre-en-la-mezquita-del-sin","status":"publish","type":"post","link":"https:\/\/www2.memri.org\/espanol\/tras-el-encuentro-interreligioso-de-unidad-en-el-centro-islamico-de-jersey-city-nueva-jersey-el-imam-del-centro-en-sermones-acusa-a-los-judios-de-llevar-a-cabo-la-masacre-en-la-mezquita-del-sin\/40975","title":{"rendered":"Tras el &#8216;Encuentro Interreligioso de Unidad&#8217; en el Centro Isl\u00e1mico de Jersey City, Nueva Jersey, el imam del centro en sermones, acusa a los jud\u00edos de llevar a cabo la masacre en la mezquita del Sina\u00ed y reza para ser martirizado en la Mezquita Al-Aqsa, que se encuentra bajo los pies de los simios y cerdos"},"content":{"rendered":"<p><strong><em>La campa\u00f1a de recaudaci\u00f3n de fondos de Fin de A\u00f1o &#8211; MEMRI 2017 ya est\u00e1 en marcha. Por favor, considere apoyar el Proyecto Documentaci\u00f3n sobre Antisemitismo y Negaci\u00f3n del Holocausto de MEMRI, que incluye exponer sermones extremistas y antisemitas en los Estados Unidos y Occidente y apoyar a aquellos que se expresan en contra del extremismo. Para m\u00e1s informaci\u00f3n sobre c\u00f3mo puede usted apoyar este proyecto, haga <a href=\"https:\/\/www.memri.org\/reports\/please-support-memris-efforts-expose-antisemitism-and-extremism-west-and-middle-east\">clic aqu\u00ed<\/a>.<\/em><\/strong><\/p>\n<p><em>El 12 de noviembre, 2017 el Centro Isl\u00e1mico de Jersey City organiz\u00f3 el \u00abEncuentro Interreligioso de Unidad 2017\u00bb, patrocinado por la Asociaci\u00f3n de Hermandad de Hudson Country, el cual se identifica como \u00abun cuerpo interreligioso para el entendimiento y el apoyo mutuo\u00bb. El evento fue considerado como \u00abuna Reuni\u00f3n Interreligiosa de Unidad para los diversos grupos religiosos del condado Hudson, incluyendo las comunidades bah\u00e1&#8217;\u00eds, cristianas, hind\u00faes, jud\u00edas, musulmanas y sij\u00bb.<a href=\"#_edn1\" name=\"_ednref1\"><strong>[i]<\/strong><\/a><\/em><\/p>\n<p><em>Cabe se\u00f1alar que el Centro Isl\u00e1mico de Nueva Jersey trabaja con las agencias gubernamentales involucradas en contra-terrorismo y en el pasado trabaj\u00f3 con el ej\u00e9rcito de los Estado Unidos.<a href=\"#_edn2\" name=\"_ednref2\"><strong>[ii]<\/strong><\/a><\/em><\/p>\n<p><strong><em>El presidente del Centro Isl\u00e1mico de Nueva Jersey Ahmed Shedeed<\/em><\/strong><\/p>\n<p><em>El evento interreligioso fue organizado por el presidente del centro, el egipcio Ahmed Shedeed,<a href=\"#_edn3\" name=\"_ednref3\"><strong>[iii]<\/strong><\/a> quien fue honrado por el senador Cory Booker de Nueva Jersey al ser elegido como invitado para asistir al discurso del ahora ex-presidente Barack Obama en enero del 2016. Seg\u00fan una biograf\u00eda suya publicada por el Senador Booker, Shedeed no solo es presidente del Centro Isl\u00e1mico de Jersey City, sino tambi\u00e9n \u00abl\u00edder en el Centro Isl\u00e1mico Al-Tahweed, una de las mezquitas m\u00e1s grandes y antiguas de Nueva Jersey. Shedeed tambi\u00e9n se desempe\u00f1a como vicealcalde honorario de Asuntos \u00c1rabes en Jersey City&#8230; [y] tambi\u00e9n sirve como miembro del Comit\u00e9 de Alcance a la Asociaci\u00f3n de Antiguos Alumnos de la Academia de Ciudadanos de Newark del FBI&#8230; Es miembro de la Oficina del Comit\u00e9 de Divulgaci\u00f3n Musulmana del Fiscal General de Nueva Jersey y sirve en el Consejo Consultivo Interreligioso para el Departamento de Seguridad Nacional de Nueva Jersey\u00bb.<a href=\"#_edn4\" name=\"_ednref4\"><strong>[iv]<\/strong><\/a><\/em><\/p>\n<figure style=\"width: 439px\" class=\"wp-caption alignnone\"><img loading=\"lazy\" decoding=\"async\" class=\"alignnone size-full wp-image-41133\" src=\"https:\/\/www2.memri.org\/espanol\/wp-content\/uploads\/2017\/12\/sd7229r-4.jpg\" width=\"439\" height=\"306\" alt=\"\" srcset=\"https:\/\/www2.memri.org\/espanol\/wp-content\/uploads\/2017\/12\/sd7229r-4.jpg 439w, https:\/\/www2.memri.org\/espanol\/wp-content\/uploads\/2017\/12\/sd7229r-4-300x209.jpg 300w, https:\/\/www2.memri.org\/espanol\/wp-content\/uploads\/2017\/12\/sd7229r-4-100x70.jpg 100w\" sizes=\"auto, (max-width: 439px) 100vw, 439px\" \/><figcaption class=\"wp-caption-text\">El presidente del Centro Isl\u00e1mico de Jersey City Ahmed Shedeed y el senador Corey Booker. Fuente: Facebook.com\/corybooker\/photos\/a.115558592227.120345.36872302227\/10155112890687228\/?type=3, publicado el 12 de enero, 2016.<\/figcaption><\/figure>\n<p><em>En un anuncio titulado \u00abMi invitado al discurso del Estado de la Uni\u00f3n: Ahmed Shedeed\u00bb, el Senador Booker escribi\u00f3: \u00abPorque creo en la capacidad ilimitada de nuestro pa\u00eds en superar la intolerancia, el miedo y la discriminaci\u00f3n y celebrar el pluralismo que nos hace fuertes, invit\u00e9 al residente de Nueva Jersey Ahmed Shedeed al discurso final del Estado de la Uni\u00f3n el martes del ahora ex-presidente Obama. El Sr. Shedeed es el presidente del Centro Isl\u00e1mico de Jersey City y l\u00edder en el Centro Isl\u00e1mico Al-Tahweed, una de las mezquitas m\u00e1s grandes y antiguas de Nueva Jersey. A lo largo de su vida, Shedeed se ha pronunciado en favor de la tolerancia religiosa y el entendimiento mutuo. Su vida y su trabajo son ejemplos de c\u00f3mo la diversidad de Estados Unidos nos hace a todos mejores\u00bb. Tambi\u00e9n se\u00f1al\u00f3 que, como presidente del centro, Shedeed \u00abpromueve el entendimiento interreligioso y cultiva la participaci\u00f3n y el enriquecimiento de la comunidad musulmana en la regi\u00f3n\u00bb.<a href=\"#_edn5\" name=\"_ednref5\"><strong>[v]<\/strong><\/a><\/em><\/p>\n<p><strong><em>El evento interreligioso<\/em><\/strong><\/p>\n<p><em>Oradores en el evento incluyeron a Janice Rufino de la Oficina de Seguridad Nacional de Nueva Jersey;<a href=\"#_edn6\" name=\"_ednref6\"><strong>[vi]<\/strong><\/a> l\u00edderes locales de la comunidad jud\u00eda, incluyendo al Rabino Brian Beal de Temple Beth-El en Jersey City;<a href=\"#_edn7\" name=\"_ednref7\"><strong>[vii]<\/strong><\/a> la Rabbanit Naomi Kalish, quien dirigi\u00f3 el evento<a href=\"#_edn8\" name=\"_ednref8\"><strong>[viii]<\/strong><\/a> y otros representantes jud\u00edos, adem\u00e1s de un representante de la comunidad Bahai de Jersey City<a href=\"#_edn9\" name=\"_ednref9\"><strong>[ix]<\/strong><\/a> y un sacerdote de la Iglesia Ortodoxa Copta de San Jorge y Santa Shenouda de Jersey City.<a href=\"#_edn10\" name=\"_ednref10\"><strong>[x]<\/strong><\/a> Otros participantes incluyeron al Rabino Rob Scheinberg de la Sinagoga Unida de Hoboken, quien actu\u00f3 con el coro de la sinagoga.<a href=\"#_edn11\" name=\"_ednref11\"><strong>[xi]<\/strong><\/a> El comit\u00e9 de bienvenida en nombre del centro incluy\u00f3 a los imames Aymen Elkasaby y Ali Farghal; Ahmed Shaheed agradeci\u00f3 personalmente al Imam Elkasaby por sus esfuerzos en el evento.<\/em><\/p>\n<figure style=\"width: 702px\" class=\"wp-caption alignnone\"><img loading=\"lazy\" decoding=\"async\" class=\"alignnone size-full wp-image-41134\" src=\"https:\/\/www2.memri.org\/espanol\/wp-content\/uploads\/2017\/12\/sd7229a-4.jpg\" width=\"702\" height=\"199\" alt=\"\" srcset=\"https:\/\/www2.memri.org\/espanol\/wp-content\/uploads\/2017\/12\/sd7229a-4.jpg 702w, https:\/\/www2.memri.org\/espanol\/wp-content\/uploads\/2017\/12\/sd7229a-4-300x85.jpg 300w, https:\/\/www2.memri.org\/espanol\/wp-content\/uploads\/2017\/12\/sd7229a-4-600x170.jpg 600w, https:\/\/www2.memri.org\/espanol\/wp-content\/uploads\/2017\/12\/sd7229a-4-696x197.jpg 696w\" sizes=\"auto, (max-width: 702px) 100vw, 702px\" \/><figcaption class=\"wp-caption-text\">Izquierda: Ahmed Shedeed en el evento interreligioso; a la derecha: Shedeed con el Imam Aymen Elkasaby en el evento.<\/figcaption><\/figure>\n<figure style=\"width: 668px\" class=\"wp-caption alignnone\"><img loading=\"lazy\" decoding=\"async\" class=\"alignnone size-full wp-image-41135\" src=\"https:\/\/www2.memri.org\/espanol\/wp-content\/uploads\/2017\/12\/sd7229b-3.jpg\" width=\"668\" height=\"188\" alt=\"\" srcset=\"https:\/\/www2.memri.org\/espanol\/wp-content\/uploads\/2017\/12\/sd7229b-3.jpg 668w, https:\/\/www2.memri.org\/espanol\/wp-content\/uploads\/2017\/12\/sd7229b-3-300x84.jpg 300w, https:\/\/www2.memri.org\/espanol\/wp-content\/uploads\/2017\/12\/sd7229b-3-600x169.jpg 600w\" sizes=\"auto, (max-width: 668px) 100vw, 668px\" \/><figcaption class=\"wp-caption-text\">La Rabbanit Naomi Kalish (izquierda) y Janice Rufino de la Oficina de Seguridad Nacional de Nueva Jersey en el evento. Fuente: MEMRI TV, Youtube.com\/watch?v=VD8cgk3W0dI&amp;feature=youtu.be&amp;t=817.<\/figcaption><\/figure>\n<p><strong><em>Los sermones del Imam Elkasaby en el centro<\/em><\/strong><\/p>\n<p><em>Sin embargo, luego de este evento, el Imam Elkasaby pronunci\u00f3 sermones en \u00e1rabe en el Centro Isl\u00e1mico en los que dio declaraciones que contrastaban marcadamente con las opiniones expresadas en el evento interreligioso. Estas incluyeron teor\u00edas de conspiraci\u00f3n contra los jud\u00edos, refiri\u00e9ndose a los jud\u00edos como \u00absimios y cerdos\u00bb, orar por el martirio y m\u00e1s.<\/em><\/p>\n<p><iframe src=\"https:\/\/www.memri.org\/player\/clip\/38193\/780,440\/1\" width=\"780\" height=\"440\" frameborder=\"0\"><\/iframe><\/p>\n<p><em>Los siguientes son videos de MEMRI TV de dos de esos sermones, el del 24 de noviembre y el del 8 de diciembre, 2017.<\/em><\/p>\n<p><strong>Imam Aymen Elkasaby, 24 de noviembre, 2017: Los jud\u00edos llevaron a cabo la masacre en la mezquita del Sina\u00ed; \u00abOh Al\u00e1, cuenta a los opresores uno a uno y ases\u00ednalos hasta el \u00faltimo de ellos\u00bb<\/strong><\/p>\n<p>El 24 de noviembre, el Im\u00e1n Elkasaby conden\u00f3 el ataque terrorista de ese d\u00eda en la Mezquita Al-Rawdah en el Sina\u00ed, en el que decenas de individuos armados asesinaron a m\u00e1s de 300 fieles e hirieron al menos a 122 m\u00e1s, diciendo: \u00ab\u00bfA qui\u00e9n le sirve todo esto? \u00bfPor qu\u00e9 inter\u00e9s son asesinados musulmanes en el Sina\u00ed y en todo el mundo isl\u00e1mico? \u00bfPor el inter\u00e9s de qui\u00e9n son expulsados \u200b\u200blos habitantes del Sina\u00ed? \u00bfPor el inter\u00e9s de qui\u00e9n son asesinados musulmanes en medio de plegarias?<\/p>\n<p><img loading=\"lazy\" decoding=\"async\" class=\"alignnone size-full wp-image-41136\" src=\"https:\/\/www2.memri.org\/espanol\/wp-content\/uploads\/2017\/12\/sd7229c-3.jpg\" width=\"700\" height=\"188\" alt=\"\" srcset=\"https:\/\/www2.memri.org\/espanol\/wp-content\/uploads\/2017\/12\/sd7229c-3.jpg 700w, https:\/\/www2.memri.org\/espanol\/wp-content\/uploads\/2017\/12\/sd7229c-3-300x81.jpg 300w, https:\/\/www2.memri.org\/espanol\/wp-content\/uploads\/2017\/12\/sd7229c-3-600x161.jpg 600w, https:\/\/www2.memri.org\/espanol\/wp-content\/uploads\/2017\/12\/sd7229c-3-696x188.jpg 696w\" sizes=\"auto, (max-width: 700px) 100vw, 700px\" \/><\/p>\n<p>Llamando \u00abrid\u00edculo\u00bb a la afirmaci\u00f3n de que el EIIS fue responsable por el ataque, este argument\u00f3 que \u00abel ataque solo pudo haber sido perpetrado por los enemigos del Islam, los jud\u00edos y sus subordinados de entre los gobernantes musulmanes\u00bb ya que \u00abes inconcebible que un musulm\u00e1n vuele por los aires una iglesia o una mezquita\u00bb. Este continu\u00f3: \u00abOh Al\u00e1, v\u00e9ngate de quienes hayan derramado la sangre de los musulmanes&#8230; Al\u00e1, v\u00e9ngate de quienes hayan asesinado a musulmanes&#8230; Oh Al\u00e1, cuenta a los opresores uno a uno y dales muerte hasta el \u00faltimo de ellos. No dejes a ninguno vivo sobre el planeta\u00bb<\/p>\n<p><img loading=\"lazy\" decoding=\"async\" class=\"alignnone size-full wp-image-41137\" src=\"https:\/\/www2.memri.org\/espanol\/wp-content\/uploads\/2017\/12\/sd7229d-3.jpg\" width=\"712\" height=\"391\" alt=\"\" srcset=\"https:\/\/www2.memri.org\/espanol\/wp-content\/uploads\/2017\/12\/sd7229d-3.jpg 712w, https:\/\/www2.memri.org\/espanol\/wp-content\/uploads\/2017\/12\/sd7229d-3-300x165.jpg 300w, https:\/\/www2.memri.org\/espanol\/wp-content\/uploads\/2017\/12\/sd7229d-3-600x329.jpg 600w, https:\/\/www2.memri.org\/espanol\/wp-content\/uploads\/2017\/12\/sd7229d-3-696x382.jpg 696w\" sizes=\"auto, (max-width: 712px) 100vw, 712px\" \/><\/p>\n<p>Lamentando el estado del Islam hoy d\u00eda, este les record\u00f3 a sus feligreses del hadith diciendo que \u00abcualquier naci\u00f3n que abandon\u00f3 el yihad fue humillada por Al\u00e1\u00bb. Occidente, agreg\u00f3, \u00abhizo que nuestra naci\u00f3n abandonara el yihad y ahora se encuentra en el \u00faltimo lugar de todas las naciones\u00bb.<a href=\"#_edn12\" name=\"_ednref12\">[xii]<\/a><\/p>\n<p>Un video del serm\u00f3n del Imam Elkasaby fue publicado en el canal YouTube del Centro Isl\u00e1mico de Jersey City.<\/p>\n<p><strong>Para ver este serm\u00f3n en MEMRI TV, <a href=\"https:\/\/www.memri.org\/tv\/antisemitic-sermon-jersey-city-imam-aymen-elkasaby\">pulse aqu\u00ed<\/a> o debajo.<\/strong><\/p>\n<p><iframe src=\"https:\/\/www.memri.org\/player\/clip\/38154\/780,440\/1\" width=\"780\" height=\"440\" frameborder=\"0\"><\/iframe><\/p>\n<p>Lo siguiente son extractos del serm\u00f3n:<\/p>\n<p><strong>Jeque Aymen Elkasaby<\/strong>: \u00abCuando los musulmanes rezaban sus plegarias de los viernes en la Mezquita Al-Rawdah en el Sina\u00ed, se produjo un terrible incidente y comenz\u00f3 a correr sangre. Hubo m\u00e1s de 250 m\u00e1rtires en esos rezos del viernes y m\u00e1s de 110 heridos. Esta gente no cometi\u00f3 ning\u00fan delito ni pecado. Lo \u00fanico que hicieron fue ir a la casa de Al\u00e1.<\/p>\n<p>[&#8230;]<\/p>\n<p>\u00ab\u00bfA qui\u00e9n les sirve esto? \u00bfPor el inter\u00e9s de qui\u00e9nes son estos musulmanes asesinados en el Sina\u00ed y en todo el mundo isl\u00e1mico? \u00bfPor el bien de qu\u00e9 intereses est\u00e1n expulsando a los habitantes del Sina\u00ed? \u00bfPor el inter\u00e9s de quienes son asesinados estos musulmanes en medio de los rezos?<\/p>\n<p>[&#8230;]<\/p>\n<p>\u00abAlgunos condenan el ataque, diciendo que fue realizado por terroristas del EIIS. Basta! Dejen de ser rid\u00edculos! Se han burlado de nosotros con [historias] del EIIS y grupos similares. Por Al\u00e1, esto solo pudo haber sido hecho por los enemigos del Islam &#8211; los jud\u00edos y sus subordinados de entre los gobernantes musulmanes. \u00bfDe qu\u00e9 EIIS est\u00e1n hablando? \u00bfA qu\u00e9 grupos se refieren? \u00bfDe qu\u00e9 musulmanes est\u00e1n ustedes hablando? Ning\u00fan musulm\u00e1n que recite las dos shahadas har\u00eda nunca tal cosa en la casa de rezos de Al\u00e1, en un hogar cristiano o incluso en una iglesia. Es inconcebible que un musulm\u00e1n vuele por los aires una iglesia o una mezquita.<\/p>\n<p>[&#8230;]<\/p>\n<p>\u00ab\u00a1Oh Al\u00e1, v\u00e9ngate de quien haya derramado la sangre de los musulmanes!\u00bb<\/p>\n<p><strong>Congregaci\u00f3n<\/strong>: \u00abAm\u00e9n\u00bb.<\/p>\n<p><strong>Jeque Aymen Elkasaby<\/strong>: \u00ab\u00a1Al\u00e1, v\u00e9ngate de quien sea haya asesinado musulmanes!\u00bb<\/p>\n<p><strong>Congregaci\u00f3n<\/strong>: \u00abAm\u00e9n\u00bb.<\/p>\n<p><strong>Jeque Aymen Elkasaby<\/strong>: \u00abAl\u00e1, v\u00e9ngate de quien viol\u00f3 la santidad de los lugares de rezo de Al\u00e1\u00bb.<\/p>\n<p><strong>Congregaci\u00f3n<\/strong>: \u00abAm\u00e9n\u00bb.<\/p>\n<p><strong>Jeque Aymen Elkasaby<\/strong>: \u00ab\u00a1Oh Al\u00e1, apura tu venganza, o Se\u00f1or de los Mundos!\u00bb<\/p>\n<p><strong>Congregaci\u00f3n<\/strong>: \u00abAm\u00e9n\u00bb.<\/p>\n<p><strong>Jeque Aymen Elkasaby<\/strong>: \u00abOh Al\u00e1, cuenta a los opresores uno a uno y ases\u00ednalos hasta el \u00faltimo de ellos. No dejes a ninguno sobre la Tierra\u00bb.<\/p>\n<p>[&#8230;]<\/p>\n<p>\u00abVean lo que le ha sucedido a la sociedad isl\u00e1mica. Vean el estado del Islam en los pa\u00edses \u00e1rabes, cuando un pa\u00eds como los Emiratos \u00c1rabes Unidos es el mayor importador de alcohol en el mundo. \u00bfPor qu\u00e9 el Islam ha llegado al punto en el que todos los pa\u00edses isl\u00e1micos acosan a un solo pa\u00eds [Qatar], solo porque defiende la Mezquita Al-Aqsa? \u00bfQu\u00e9 queda por decir sobre el Islam y los musulmanes? Hemos producido una generaci\u00f3n de idiotas que no saben nada sobre el Islam. [El hadith dice:] &#8216;Cualquier naci\u00f3n que abandon\u00f3 el yihad fue humillada por Al\u00e1&#8217;.<\/p>\n<p>[&#8230;]<\/p>\n<p>\u00abNo existe separaci\u00f3n de religi\u00f3n y estado en el Islam. El Islam es justicia, misericordia, libertad, shura, yihad e ideolog\u00eda. El Islam es un mensaje. El Islam es una religi\u00f3n que lo incluye todo.<\/p>\n<p>[&#8230;]<\/p>\n<p>\u00ab\u00bfQu\u00e9 desea Occidente de los musulmanes? Dicen que un cierto pa\u00eds musulm\u00e1n es un pa\u00eds de paz y se merece el Premio Nobel de la Paz y que otro pa\u00eds es el mejor pa\u00eds del mundo. Estos hicieron que nuestra naci\u00f3n abandonara el yihad y ahora se encuentra de ultimo en la fila de todas las naciones\u00bb.<\/p>\n<p><strong>Imam Elkasaby, 8 de diciembre, 2017: \u00abMientras la Mezquita Al-Aqsa permanezca prisionera en manos de los jud\u00edos&#8230; bajo los pies de los monos y cerdos, esta naci\u00f3n seguir\u00e1 humillada\u00bb<\/strong><\/p>\n<p>El Imam Elkasaby dedic\u00f3 su serm\u00f3n el 8 de diciembre al anuncio de reconocimiento por parte del Presidente estadounidense Trump de Jerusal\u00e9n como la capital de Israel. Este desafi\u00f3 la suposici\u00f3n de que Israel es invencible, citando del Cor\u00e1n para demostrar que los jud\u00edos \u00abson las m\u00e1s cobardes de las naciones\u00bb y agreg\u00f3: \u00abMientras la Mezquita Al-Aqsa siga prisionera en manos de los jud\u00edos&#8230; mientras la Mezquita Al-Aqsa permanezca bajo los pies de los monos y cerdos, esta naci\u00f3n seguir\u00e1 siendo humillada\u00bb. Luego de orar para que Al\u00e1 le conceda el \u00abmartirio en el umbral de la Mezquita Al-Aqsa\u00bb y aniquilar a \u00ablos opresores saqueadores\u00bb hasta el \u00faltimo de ellos, uno de los fieles se levant\u00f3 e invit\u00f3 a la congregaci\u00f3n a una manifestaci\u00f3n en Times Square para protestar por el anuncio del \u00abdemente\u00bb presidente de los Estados Unidos. Tambi\u00e9n fue publicado un video de este serm\u00f3n en el canal YouTube del Centro Isl\u00e1mico de Jersey City.<\/p>\n<p><strong>Para ver este serm\u00f3n en MEMRI TV, pulse aqu\u00ed o debajo<\/strong><\/p>\n<p><iframe src=\"https:\/\/www.memri.org\/player\/clip\/38154\/780,440\/1\" width=\"780\" height=\"440\" frameborder=\"0\"><\/iframe><\/p>\n<p>Lo siguiente son extractos del serm\u00f3n:<\/p>\n<p><strong>Jeque Aymen Elkasaby<\/strong>: \u00abNo me digan que Israel es una superpotencia. No me digan que Israel posee un ej\u00e9rcito que no puede ser derrotado. \u00bfQui\u00e9n dice? \u00bfQui\u00e9n dice? [El Cor\u00e1n dice:] &#8216;Ellos no combatir\u00e1n contra todos ustedes, excepto dentro de ciudades fortificadas o por detr\u00e1s de muros\u00bb.<\/p>\n<p>[&#8230;]<\/p>\n<p>\u00abSon las m\u00e1s cobardes de las naciones. Son los m\u00e1s d\u00e9biles de todos los pueblos\u00bb.<\/p>\n<p>[&#8230;]<\/p>\n<p>\u00abNo duden nunca del apoyo de Al\u00e1. No duden jam\u00e1s de la capacidad de Al\u00e1 para otorgarle la victoria a esta naci\u00f3n. Al\u00e1 le otorgar\u00e1 la victoria a esta naci\u00f3n y la Mezquita Al-Aqsa ser\u00e1 recuperada.<\/p>\n<p>[&#8230;]<\/p>\n<p>\u00abMientras la Mezquita Al-Aqsa siga prisionera en manos de los jud\u00edos, esta naci\u00f3n seguir\u00e1 siendo humillada. Mientras la Mezquita Al-Aqsa permanezca bajo los pies de los monos y cerdos, esta naci\u00f3n seguir\u00e1 siendo humillada.<\/p>\n<p>[&#8230;]<\/p>\n<p>\u00abEsta naci\u00f3n debe saber que darle apoyo a la Mezquita Al-Aqsa es una obligaci\u00f3n religiosa que les ser\u00e1 preguntada cuando est\u00e9n frente a Al\u00e1. Mientras la Mezquita Al-Aqsa siga permaneciendo como un prisionero humillado bajo opresi\u00f3n de los jud\u00edos, esta naci\u00f3n nunca prevalecer\u00e1.<\/p>\n<p><img loading=\"lazy\" decoding=\"async\" class=\"alignnone size-full wp-image-41138\" src=\"https:\/\/www2.memri.org\/espanol\/wp-content\/uploads\/2017\/12\/sd7229l-3.jpg\" width=\"711\" height=\"196\" alt=\"\" srcset=\"https:\/\/www2.memri.org\/espanol\/wp-content\/uploads\/2017\/12\/sd7229l-3.jpg 711w, https:\/\/www2.memri.org\/espanol\/wp-content\/uploads\/2017\/12\/sd7229l-3-300x83.jpg 300w, https:\/\/www2.memri.org\/espanol\/wp-content\/uploads\/2017\/12\/sd7229l-3-600x165.jpg 600w, https:\/\/www2.memri.org\/espanol\/wp-content\/uploads\/2017\/12\/sd7229l-3-696x192.jpg 696w\" sizes=\"auto, (max-width: 711px) 100vw, 711px\" \/><\/p>\n<p>[&#8230;]<\/p>\n<p><img loading=\"lazy\" decoding=\"async\" class=\"alignnone size-full wp-image-41139\" src=\"https:\/\/www2.memri.org\/espanol\/wp-content\/uploads\/2017\/12\/sd7229m-3.jpg\" width=\"1200\" height=\"663\" alt=\"\" srcset=\"https:\/\/www2.memri.org\/espanol\/wp-content\/uploads\/2017\/12\/sd7229m-3.jpg 1200w, https:\/\/www2.memri.org\/espanol\/wp-content\/uploads\/2017\/12\/sd7229m-3-300x166.jpg 300w, https:\/\/www2.memri.org\/espanol\/wp-content\/uploads\/2017\/12\/sd7229m-3-768x424.jpg 768w, https:\/\/www2.memri.org\/espanol\/wp-content\/uploads\/2017\/12\/sd7229m-3-1024x566.jpg 1024w, https:\/\/www2.memri.org\/espanol\/wp-content\/uploads\/2017\/12\/sd7229m-3-600x332.jpg 600w, https:\/\/www2.memri.org\/espanol\/wp-content\/uploads\/2017\/12\/sd7229m-3-696x385.jpg 696w, https:\/\/www2.memri.org\/espanol\/wp-content\/uploads\/2017\/12\/sd7229m-3-1068x590.jpg 1068w, https:\/\/www2.memri.org\/espanol\/wp-content\/uploads\/2017\/12\/sd7229m-3-760x420.jpg 760w\" sizes=\"auto, (max-width: 1200px) 100vw, 1200px\" \/><\/p>\n<p>\u00ab\u00a1Oh Al\u00e1, tr\u00e1enos de vuelta Al-Aqsa al manto del Islam y de los musulmanes!\u00bb<\/p>\n<p><strong>Congregaci\u00f3n<\/strong>: \u00abAm\u00e9n\u00bb.<\/p>\n<p><strong>Jeque Aymen Elkasaby<\/strong>: \u00abAl\u00e1, col\u00f3canos entre Tus ej\u00e9rcitos\u00bb.<\/p>\n<p><strong>Congregaci\u00f3n<\/strong>: \u00abAm\u00e9n\u00bb.<\/p>\n<p><img loading=\"lazy\" decoding=\"async\" class=\"alignnone size-full wp-image-41140\" src=\"https:\/\/www2.memri.org\/espanol\/wp-content\/uploads\/2017\/12\/sd7229n-3.jpg\" width=\"1200\" height=\"644\" alt=\"\" srcset=\"https:\/\/www2.memri.org\/espanol\/wp-content\/uploads\/2017\/12\/sd7229n-3.jpg 1200w, https:\/\/www2.memri.org\/espanol\/wp-content\/uploads\/2017\/12\/sd7229n-3-300x161.jpg 300w, https:\/\/www2.memri.org\/espanol\/wp-content\/uploads\/2017\/12\/sd7229n-3-768x412.jpg 768w, https:\/\/www2.memri.org\/espanol\/wp-content\/uploads\/2017\/12\/sd7229n-3-1024x550.jpg 1024w, https:\/\/www2.memri.org\/espanol\/wp-content\/uploads\/2017\/12\/sd7229n-3-600x322.jpg 600w, https:\/\/www2.memri.org\/espanol\/wp-content\/uploads\/2017\/12\/sd7229n-3-696x374.jpg 696w, https:\/\/www2.memri.org\/espanol\/wp-content\/uploads\/2017\/12\/sd7229n-3-1068x573.jpg 1068w, https:\/\/www2.memri.org\/espanol\/wp-content\/uploads\/2017\/12\/sd7229n-3-783x420.jpg 783w\" sizes=\"auto, (max-width: 1200px) 100vw, 1200px\" \/><\/p>\n<p><strong>Jeque Aymen Elkasaby<\/strong>: \u00abAl\u00e1, te pedimos nos concedas el martirio sobre el umbral de la Mezquita Al-Aqsa\u00bb.<\/p>\n<p><strong>Congregaci\u00f3n<\/strong>: \u00abAm\u00e9n\u00bb.<\/p>\n<p><img loading=\"lazy\" decoding=\"async\" class=\"alignnone size-full wp-image-41141\" src=\"https:\/\/www2.memri.org\/espanol\/wp-content\/uploads\/2017\/12\/sd7229o-2.jpg\" width=\"1200\" height=\"629\" alt=\"\" srcset=\"https:\/\/www2.memri.org\/espanol\/wp-content\/uploads\/2017\/12\/sd7229o-2.jpg 1200w, https:\/\/www2.memri.org\/espanol\/wp-content\/uploads\/2017\/12\/sd7229o-2-300x157.jpg 300w, https:\/\/www2.memri.org\/espanol\/wp-content\/uploads\/2017\/12\/sd7229o-2-768x403.jpg 768w, https:\/\/www2.memri.org\/espanol\/wp-content\/uploads\/2017\/12\/sd7229o-2-1024x537.jpg 1024w, https:\/\/www2.memri.org\/espanol\/wp-content\/uploads\/2017\/12\/sd7229o-2-600x315.jpg 600w, https:\/\/www2.memri.org\/espanol\/wp-content\/uploads\/2017\/12\/sd7229o-2-696x365.jpg 696w, https:\/\/www2.memri.org\/espanol\/wp-content\/uploads\/2017\/12\/sd7229o-2-1068x560.jpg 1068w, https:\/\/www2.memri.org\/espanol\/wp-content\/uploads\/2017\/12\/sd7229o-2-801x420.jpg 801w\" sizes=\"auto, (max-width: 1200px) 100vw, 1200px\" \/><\/p>\n<p><strong>Jeque Aymen Elkasaby<\/strong>: \u00abAl\u00e1, te pedimos que nos concedas el martirio sobre el umbral de la Mezquita Al-Aqsa\u00bb.<\/p>\n<p><strong>Congregaci\u00f3n<\/strong>: \u00abAm\u00e9n\u00bb.<\/p>\n<p><img loading=\"lazy\" decoding=\"async\" class=\"alignnone size-full wp-image-41142\" src=\"https:\/\/www2.memri.org\/espanol\/wp-content\/uploads\/2017\/12\/sd7229p.jpg\" width=\"1200\" height=\"654\" alt=\"\" srcset=\"https:\/\/www2.memri.org\/espanol\/wp-content\/uploads\/2017\/12\/sd7229p.jpg 1200w, https:\/\/www2.memri.org\/espanol\/wp-content\/uploads\/2017\/12\/sd7229p-300x164.jpg 300w, https:\/\/www2.memri.org\/espanol\/wp-content\/uploads\/2017\/12\/sd7229p-768x419.jpg 768w, https:\/\/www2.memri.org\/espanol\/wp-content\/uploads\/2017\/12\/sd7229p-1024x558.jpg 1024w, https:\/\/www2.memri.org\/espanol\/wp-content\/uploads\/2017\/12\/sd7229p-600x327.jpg 600w, https:\/\/www2.memri.org\/espanol\/wp-content\/uploads\/2017\/12\/sd7229p-696x379.jpg 696w, https:\/\/www2.memri.org\/espanol\/wp-content\/uploads\/2017\/12\/sd7229p-1068x582.jpg 1068w, https:\/\/www2.memri.org\/espanol\/wp-content\/uploads\/2017\/12\/sd7229p-771x420.jpg 771w\" sizes=\"auto, (max-width: 1200px) 100vw, 1200px\" \/><\/p>\n<p><strong>Jeque Aymen Elkasaby<\/strong>: \u00abTe pedimos que nos permitas orar en las premisas [de Al-Aqsa] y ser martirizado en su umbral\u00bb.<\/p>\n<p><img loading=\"lazy\" decoding=\"async\" class=\"alignnone size-full wp-image-41143\" src=\"https:\/\/www2.memri.org\/espanol\/wp-content\/uploads\/2017\/12\/sd7229q.jpg\" width=\"688\" height=\"187\" alt=\"\" srcset=\"https:\/\/www2.memri.org\/espanol\/wp-content\/uploads\/2017\/12\/sd7229q.jpg 688w, https:\/\/www2.memri.org\/espanol\/wp-content\/uploads\/2017\/12\/sd7229q-300x82.jpg 300w, https:\/\/www2.memri.org\/espanol\/wp-content\/uploads\/2017\/12\/sd7229q-600x163.jpg 600w\" sizes=\"auto, (max-width: 688px) 100vw, 688px\" \/><\/p>\n<hr \/>\n<p><a href=\"#_ednref1\" name=\"_edn1\">[i]<\/a> Facebook.com\/events\/883227411854304; Facebook.com\/HudsonCountyNJInterfaith\/?ref=page_internal, visitado el 11 de diciembre, 2017.<\/p>\n<p><a href=\"#_ednref2\" name=\"_edn2\">[ii]<\/a> En abril, 2008 cadetes de West Point tomando un curso de \u00abGanar la Paz\u00bb que incluy\u00f3 un viaje de tres d\u00edas a Jersey City visitaron el centro y pasaron noches all\u00ed. El Times de Nueva York, 6 de abril, 2008.<\/p>\n<p><a href=\"#_ednref3\" name=\"_edn3\">[iii]<\/a> Youtu.be\/VD8cgk3W0dI?t=309, publicado el 16 de noviembre, 2017, visitado el 13 de diciembre, 2017.<\/p>\n<p><a href=\"#_ednref4\" name=\"_edn4\">[iv]<\/a> Facebook.com\/corybooker\/photos\/a.115558592227.120345.36872302227\/10155112890687228\/?type=3, publicado el 12 de enero, 2016.<\/p>\n<p><a href=\"#_ednref5\" name=\"_edn5\">[v]<\/a> Medium.com\/@CoryBooker\/my-state-of-the-union-guest-ahmed-shedeed-4d3cb97b809c, 11 de enero, 2016.<\/p>\n<p><a href=\"#_ednref6\" name=\"_edn6\">[vi]<\/a> Youtu.be\/VD8cgk3W0dI?t=817, publicado el 16 de noviembre, 2017, visitado el 13 de diciembre, 2017.<\/p>\n<p><a href=\"#_ednref7\" name=\"_edn7\">[vii]<\/a> Youtu.be\/VD8cgk3W0dI?t=2795, publicado el 16 de noviembre, 2017, visitado el 13 de diciembre, 2017.<\/p>\n<p><a href=\"#_ednref8\" name=\"_edn8\">[viii]<\/a> Youtu.be\/VD8cgk3W0dI?t=3084, Youtube.com\/watch?v=VD8cgk3W0dI&amp;feature=youtu.be&amp;t=3084, publicado el 16 de noviembre, 2017, visitado el 13 de diciembre, 2017.<\/p>\n<p><a href=\"#_ednref9\" name=\"_edn9\">[ix]<\/a> Youtu.be\/VD8cgk3W0dI?t=3506, publicado el 16 de noviembre, 2017, visitado el 13 de diciembre, 2017.<\/p>\n<p><a href=\"#_ednref10\" name=\"_edn10\">[x]<\/a> Youtu.be\/VD8cgk3W0dI?t=4593 publicado el 16 de noviembre, 2017, visitado el 13 de diciembre, 2017.<\/p>\n<p><a href=\"#_ednref11\" name=\"_edn11\">[xi]<\/a> Youtu.be\/VD8cgk3W0dI?t=3336 publicado el 16 de noviembre, 2017, visitado el 13 de diciembre, 2017.<\/p>\n<p><a href=\"#_ednref12\" name=\"_edn12\">[xii]<\/a> http:\/\/media.memritv.org\/GUESTSDOWNLOAD\/RU4SD.zip pegar en el navegador para descargar<\/p>\n","protected":false},"excerpt":{"rendered":"<p>La campa\u00f1a de recaudaci\u00f3n de fondos de Fin de A\u00f1o &#8211; MEMRI 2017 ya est\u00e1 en marcha. Por favor, considere apoyar el Proyecto Documentaci\u00f3n sobre Antisemitismo y Negaci\u00f3n del Holocausto de MEMRI, que incluye exponer sermones extremistas y antisemitas en los Estados Unidos y Occidente y apoyar a aquellos que se expresan en contra del [&hellip;]<\/p>\n","protected":false},"author":1,"featured_media":41022,"comment_status":"open","ping_status":"open","sticky":false,"template":"","format":"standard","meta":{"footnotes":""},"categories":[4,6,9,2,16],"tags":[],"class_list":["post-40975","post","type-post","status-publish","format-standard","has-post-thumbnail","hentry","category-archivos","category-comunicados-especiales","category-temas","category-featured","category-proyecto-documental-sobre-antisemitismo"],"_links":{"self":[{"href":"https:\/\/www2.memri.org\/espanol\/wp-json\/wp\/v2\/posts\/40975","targetHints":{"allow":["GET"]}}],"collection":[{"href":"https:\/\/www2.memri.org\/espanol\/wp-json\/wp\/v2\/posts"}],"about":[{"href":"https:\/\/www2.memri.org\/espanol\/wp-json\/wp\/v2\/types\/post"}],"author":[{"embeddable":true,"href":"https:\/\/www2.memri.org\/espanol\/wp-json\/wp\/v2\/users\/1"}],"replies":[{"embeddable":true,"href":"https:\/\/www2.memri.org\/espanol\/wp-json\/wp\/v2\/comments?post=40975"}],"version-history":[{"count":0,"href":"https:\/\/www2.memri.org\/espanol\/wp-json\/wp\/v2\/posts\/40975\/revisions"}],"wp:featuredmedia":[{"embeddable":true,"href":"https:\/\/www2.memri.org\/espanol\/wp-json\/wp\/v2\/media\/41022"}],"wp:attachment":[{"href":"https:\/\/www2.memri.org\/espanol\/wp-json\/wp\/v2\/media?parent=40975"}],"wp:term":[{"taxonomy":"category","embeddable":true,"href":"https:\/\/www2.memri.org\/espanol\/wp-json\/wp\/v2\/categories?post=40975"},{"taxonomy":"post_tag","embeddable":true,"href":"https:\/\/www2.memri.org\/espanol\/wp-json\/wp\/v2\/tags?post=40975"}],"curies":[{"name":"wp","href":"https:\/\/api.w.org\/{rel}","templated":true}]}}