{"id":40939,"date":"2017-12-12T17:52:56","date_gmt":"2017-12-12T21:52:56","guid":{"rendered":"http:\/\/www2.memri.org\/espanol\/?p=40939"},"modified":"2017-12-13T17:55:11","modified_gmt":"2017-12-13T21:55:11","slug":"periodista-egipcio-llama-al-yihad-contra-israel-en-respuesta-al-reconocimiento-por-trump-de-jerusalen-como-su-capital","status":"publish","type":"post","link":"https:\/\/www2.memri.org\/espanol\/periodista-egipcio-llama-al-yihad-contra-israel-en-respuesta-al-reconocimiento-por-trump-de-jerusalen-como-su-capital\/40939","title":{"rendered":"Periodista egipcio llama al yihad contra Israel en respuesta al reconocimiento por Trump de Jerusal\u00e9n como su capital"},"content":{"rendered":"<p><em>Tras el anuncio del Presidente de los Estados Unidos Donald Trump, el 6 de diciembre, 2017 reconociendo a Jerusal\u00e9n como la capital de Israel,<a href=\"#_edn1\" name=\"_ednref1\"><strong>[1]<\/strong><\/a> el diario egipcio Al-Masry Al-Youm public\u00f3 un art\u00edculo del principal periodista Muhammad Amin, ex-presidente de la junta del diario, en el que critica a los \u00e1rabes quienes, seg\u00fan \u00e9l, protestan contra la decisi\u00f3n de Trump solo en las redes sociales y no hacen nada m\u00e1s que eso.<\/em><\/p>\n<p><em>En el art\u00edculo, titulado \u00ab\u00bfD\u00f3nde Est\u00e1n los Millones?\u00bb el cual tambi\u00e9n es el t\u00edtulo de una canci\u00f3n popular<a href=\"#_edn2\" name=\"_ednref2\"><strong>[2]<\/strong><\/a> de la \u00e9poca de la primera intifada que exhorta a los palestinos a unirse a la violencia contra Israel. Amin llama a los activistas yihadistas a expresar su ira hasta que \u00abIsrael no pueda dormir y Trump se arrepienta de su decisi\u00f3n y se retracte\u00bb.<\/em><\/p>\n<figure style=\"width: 546px\" class=\"wp-caption alignnone\"><img loading=\"lazy\" decoding=\"async\" class=\"alignnone size-full wp-image-40940\" src=\"https:\/\/www2.memri.org\/espanol\/wp-content\/uploads\/2017\/12\/SD7223.jpg\" width=\"546\" height=\"363\" alt=\"\" srcset=\"https:\/\/www2.memri.org\/espanol\/wp-content\/uploads\/2017\/12\/SD7223.jpg 546w, https:\/\/www2.memri.org\/espanol\/wp-content\/uploads\/2017\/12\/SD7223-300x199.jpg 300w\" sizes=\"auto, (max-width: 546px) 100vw, 546px\" \/><figcaption class=\"wp-caption-text\">Un manifestante le prende fuego a una bandera israel\u00ed en una protesta en una mezquita de Alejandr\u00eda (Fuente: Al-Yawm Al-Sabi, Egipto, 8 de diciembre, 2017).<\/figcaption><\/figure>\n<p><em>Lo siguiente son extractos traducidos del art\u00edculo de Muhammad Amin<a href=\"#_edn3\" name=\"_ednref3\"><strong>[3]<\/strong><\/a>:<\/em><\/p>\n<p>\u00abLos escenarios [de] lo que suceder\u00eda si Trump decidiera trasladar la embajada a Jerusal\u00e9n eran todos conocidos y calculados con anticipaci\u00f3n. En lo que respecta a Israel y los estadounidenses, la historia era conocida: los \u00e1rabes cambiar\u00edan sus fotos de perfil en Facebook, cantar\u00edan, escribir\u00edan canciones de protesta y publicar\u00edan condenas [y eso es todo]&#8230;<\/p>\n<p>\u00abDe hecho, los j\u00f3venes \u00e1rabes escribieron &#8216;Jerusal\u00e9n es \u00c1rabe&#8217; en las redes sociales, le agregaron un <em>keffiyeh<\/em> palestino a las fotograf\u00edas, las publicaron e instaron a otros a publicarlas [tambi\u00e9n]. Algunas personas titearon contra la decisi\u00f3n de Trump y lo llamaron loco y algunos compartieron la canci\u00f3n &#8216;\u00bfD\u00f3nde Est\u00e1n los Millones? \u00bfD\u00f3nde? \u00bfD\u00f3nde Est\u00e1 el Pueblo \u00c1rabe? \u00bfD\u00f3nde est\u00e1 el honor, d\u00f3nde?&#8217; Todos se unieron en la canci\u00f3n&#8230; Esa era la expectativa y esos son exactamente los escenarios que ocurrieron!<\/p>\n<p>\u00abS\u00e9 que algunos no [poseen la capacidad de hacer] otra cosa que no sea cambiar su [imagen] en el perfil&#8230; cantar o escribir poes\u00eda y colocarle m\u00fasica. Eso tambi\u00e9n es una manera de [expresar] ira, pero esto no le concierne a la Casa Blanca y permanece dentro de los l\u00edmites seguros [de protesta].<\/p>\n<p>\u00abLe\u00ed los publicados [en las redes sociales], le\u00ed los chistes burlones y observ\u00e9 a Julia Boutros mientras cantaba: &#8216;\u00bfD\u00f3nde est\u00e1n los millones? \u00bfD\u00f3nde, d\u00f3nde, d\u00f3nde? \u00bfD\u00f3nde est\u00e1 el pueblo \u00e1rabe? \u00bfD\u00f3nde est\u00e1 la furia \u00e1rabe? \u00bfDonde est\u00e1 la sangre \u00e1rabe? \u00bfD\u00f3nde est\u00e1 el honor \u00e1rabe?&#8230;&#8217; [Pero] no hay un mill\u00f3n de m\u00e1rtires y nadie va [a Jerusal\u00e9n] y nadie viene!<\/p>\n<p>\u00abTodos se esconden y descansan y solo se cuidan a s\u00ed mismos. Recitamos las plegarias de los viernes y no se dijo ni una palabra sobre Jerusal\u00e9n o sobre Al-Aqsa, ni durante el serm\u00f3n ni cuando se ley\u00f3 el Cor\u00e1n, como si lo sucedido no hubiese sucedido. Solo Al-Azhar puso los gritos [sobre Jerusal\u00e9n]<a href=\"#_edn4\" name=\"_ednref4\">[4]<\/a> y en la Mezquita El Qaed Ibrahim [en Alejandr\u00eda] quemaron la bandera israel\u00ed.<a href=\"#_edn5\" name=\"_ednref5\">[5]<\/a> La participaci\u00f3n simb\u00f3lica y el comportamiento culto &#8211; yo lo entiendo, pero [si] nadie hace nada, \u00a1nada suceder\u00e1!<\/p>\n<p>\u00abEstamos hablando sobre Jerusal\u00e9n y Al-Aqsa. Queremos ver a las brigadas yihadistas, las brigadas de la resistencia y [las Brigadas] Izz Al-Din de Hamas, queremos ver las acciones heroicas ya, ya es hora de estas. Rescaten Jerusal\u00e9n y Al-Aqsa, op\u00f3nganse a la imperiosa decisi\u00f3n estadounidense, op\u00f3nganse a la decisi\u00f3n de Trump, el demente.<\/p>\n<p>\u00abTrump apost\u00f3 a que solo se cambiar\u00edan las [fotos] de los perfiles. Netanyahu apost\u00f3 a que solo se quemar\u00eda la bandera israel\u00ed. No hagan que sus apuestas est\u00e9n en lo correcto, expresen su ira y rabia hasta que Israel no pueda dormir\u00bb, la [ex-primera ministra israel\u00ed] Golda Meir sol\u00eda decir. &#8216;Estas son naciones que duermen&#8217; y los aliados de [Israel] todav\u00eda creen eso hoy. Hagan que Trump se arrepienta y se retracte, para que Tel Aviv [es decir, Israel] prefiera tratar bien a [los palestinos] \u00ab.<\/p>\n<hr \/>\n<p><a href=\"#_ednref1\" name=\"_edn1\">[1]<\/a> V\u00e9ase el Despacho Especial No. 7217 de MEMRI, Reacciones al anuncio del Presidente Trump sobre el tema Jerusal\u00e9n: Hamas y el eje de la resistencia llaman a la violencia y a atacar los Intereses estadounidenses; La Autoridad Palestina y los pa\u00edses \u00e1rabes moderados expresan una condena restringida en espera a que la decisi\u00f3n sea reversada, 10 de diciembre, 2017.<\/p>\n<p><a href=\"#_ednref2\" name=\"_edn2\">[2]<\/a> La cantante libanesa Julia Boutros, que interpreta \u00ab\u00bfD\u00f3nde est\u00e1n los millones?\u00bb expres\u00f3 su indignaci\u00f3n por el anuncio de Trump en su cuenta Instagram, citando de la canci\u00f3n. En respuesta, numerosos usuarios de Instagram compartieron la letra de las canciones de Boutros en protesta contra el anuncio de Trump. V\u00e9ase <em>Al-Nahar<\/em> (L\u00edbano), 7 de diciembre, 2017.<\/p>\n<p><a href=\"#_ednref3\" name=\"_edn3\">[3]<\/a> <em>Al-Masry Al-Youm<\/em> (Egipto), 9 de diciembre, 2017.<\/p>\n<p><a href=\"#_ednref4\" name=\"_edn4\">[4]<\/a> Para obtener informaci\u00f3n sobre la llamada del Gran Jeque Ahmed Al-Tayeb a dedicarle el serm\u00f3n de los viernes a Jerusal\u00e9n, v\u00e9ase <em>Al-Masry Al-Youm<\/em> (Egipto), 7 de diciembre, 2017.<\/p>\n<p><a href=\"#_ednref5\" name=\"_edn5\">[5]<\/a> Para m\u00e1s informaci\u00f3n, v\u00e9ase <em>Al-Yawm Al-Sabi<\/em> (Egipto), 8 de diciembre, 2017.<\/p>\n","protected":false},"excerpt":{"rendered":"<p>Tras el anuncio del Presidente de los Estados Unidos Donald Trump, el 6 de diciembre, 2017 reconociendo a Jerusal\u00e9n como la capital de Israel,[1] el diario egipcio Al-Masry Al-Youm public\u00f3 un art\u00edculo del principal periodista Muhammad Amin, ex-presidente de la junta del diario, en el que critica a los \u00e1rabes quienes, seg\u00fan \u00e9l, protestan contra [&hellip;]<\/p>\n","protected":false},"author":1,"featured_media":40940,"comment_status":"open","ping_status":"open","sticky":false,"template":"","format":"standard","meta":{"footnotes":""},"categories":[4,10,19,6,9,18,2],"tags":[],"class_list":["post-40939","post","type-post","status-publish","format-standard","has-post-thumbnail","hentry","category-archivos","category-estudios-sobre-terrorismo-y-yihad","category-egipto","category-comunicados-especiales","category-temas","category-paises","category-featured"],"_links":{"self":[{"href":"https:\/\/www2.memri.org\/espanol\/wp-json\/wp\/v2\/posts\/40939","targetHints":{"allow":["GET"]}}],"collection":[{"href":"https:\/\/www2.memri.org\/espanol\/wp-json\/wp\/v2\/posts"}],"about":[{"href":"https:\/\/www2.memri.org\/espanol\/wp-json\/wp\/v2\/types\/post"}],"author":[{"embeddable":true,"href":"https:\/\/www2.memri.org\/espanol\/wp-json\/wp\/v2\/users\/1"}],"replies":[{"embeddable":true,"href":"https:\/\/www2.memri.org\/espanol\/wp-json\/wp\/v2\/comments?post=40939"}],"version-history":[{"count":0,"href":"https:\/\/www2.memri.org\/espanol\/wp-json\/wp\/v2\/posts\/40939\/revisions"}],"wp:featuredmedia":[{"embeddable":true,"href":"https:\/\/www2.memri.org\/espanol\/wp-json\/wp\/v2\/media\/40940"}],"wp:attachment":[{"href":"https:\/\/www2.memri.org\/espanol\/wp-json\/wp\/v2\/media?parent=40939"}],"wp:term":[{"taxonomy":"category","embeddable":true,"href":"https:\/\/www2.memri.org\/espanol\/wp-json\/wp\/v2\/categories?post=40939"},{"taxonomy":"post_tag","embeddable":true,"href":"https:\/\/www2.memri.org\/espanol\/wp-json\/wp\/v2\/tags?post=40939"}],"curies":[{"name":"wp","href":"https:\/\/api.w.org\/{rel}","templated":true}]}}