{"id":40887,"date":"2017-12-12T16:37:00","date_gmt":"2017-12-12T20:37:00","guid":{"rendered":"http:\/\/www2.memri.org\/espanol\/?p=40887"},"modified":"2017-12-12T16:45:11","modified_gmt":"2017-12-12T20:45:11","slug":"imagenes-de-protestas-contra-estados-unidos-e-israel-en-ciudades-paquistanies-tras-reconocimiento-de-jerusalen-como-capital-de-israel-por-el-presidente-trump","status":"publish","type":"post","link":"https:\/\/www2.memri.org\/espanol\/imagenes-de-protestas-contra-estados-unidos-e-israel-en-ciudades-paquistanies-tras-reconocimiento-de-jerusalen-como-capital-de-israel-por-el-presidente-trump\/40887","title":{"rendered":"Im\u00e1genes de protestas contra Estados Unidos e Israel en ciudades paquistan\u00edes tras reconocimiento de Jerusal\u00e9n como capital de Israel por el Presidente Trump"},"content":{"rendered":"<p><em>El 6 de diciembre, 2017 el Presidente de los Estados Unidos Donald Trump, reconoci\u00f3 a Jerusal\u00e9n como la capital de Israel, allanando el camino para mudar la Embajada de los Estados Unidos a Jerusal\u00e9n. Luego de su anuncio a la decisi\u00f3n, estallaron protestas en Pakist\u00e1n. A continuaci\u00f3n se presentan im\u00e1genes de las protestas contra Estados Unidos e Israel organizadas por grupos religiosos en diferentes ciudades paquistan\u00edes.<\/em><\/p>\n<p><img loading=\"lazy\" decoding=\"async\" class=\"alignnone size-full wp-image-40905\" src=\"https:\/\/www2.memri.org\/espanol\/wp-content\/uploads\/2017\/12\/SD7222-1-1.jpg\" width=\"786\" height=\"311\" alt=\"\" srcset=\"https:\/\/www2.memri.org\/espanol\/wp-content\/uploads\/2017\/12\/SD7222-1-1.jpg 786w, https:\/\/www2.memri.org\/espanol\/wp-content\/uploads\/2017\/12\/SD7222-1-1-300x119.jpg 300w, https:\/\/www2.memri.org\/espanol\/wp-content\/uploads\/2017\/12\/SD7222-1-1-768x304.jpg 768w, https:\/\/www2.memri.org\/espanol\/wp-content\/uploads\/2017\/12\/SD7222-1-1-600x237.jpg 600w, https:\/\/www2.memri.org\/espanol\/wp-content\/uploads\/2017\/12\/SD7222-1-1-696x275.jpg 696w\" sizes=\"auto, (max-width: 786px) 100vw, 786px\" \/><\/p>\n<p>En la imagen superior izquierda, miembros del Consejo Difa-e-Pakistan (una red de grupos militantes religiosos y yihadistas) en la ciudad de Bahawalpur incineran banderas de Estados Unidos e Israel. A la derecha, manifestantes en Lahore queman una efigie de Donald Trump para protestar contra su reconocimiento a Jerusal\u00e9n como la capital de Israel. (Imagen: Roznama Islam, 9 de diciembre, 2017).<\/p>\n<p><img loading=\"lazy\" decoding=\"async\" class=\"alignnone size-full wp-image-40906\" src=\"https:\/\/www2.memri.org\/espanol\/wp-content\/uploads\/2017\/12\/SD72221-1-1.jpg\" width=\"576\" height=\"314\" alt=\"\" srcset=\"https:\/\/www2.memri.org\/espanol\/wp-content\/uploads\/2017\/12\/SD72221-1-1.jpg 576w, https:\/\/www2.memri.org\/espanol\/wp-content\/uploads\/2017\/12\/SD72221-1-1-300x164.jpg 300w\" sizes=\"auto, (max-width: 576px) 100vw, 576px\" \/><\/p>\n<p>En Rawalpindi, miembros de Jamaat-e-Islami Pakistan protestan contra la decisi\u00f3n de Estados Unidos de reconocer a Jerusal\u00e9n como la capital de Israel. (Imagen: <em>Roznama Dunya<\/em>, 9 de diciembre, 2017).<\/p>\n<p><img loading=\"lazy\" decoding=\"async\" class=\"alignnone size-full wp-image-40907\" src=\"https:\/\/www2.memri.org\/espanol\/wp-content\/uploads\/2017\/12\/SD72222_0-1.jpg\" width=\"600\" height=\"306\" alt=\"\" srcset=\"https:\/\/www2.memri.org\/espanol\/wp-content\/uploads\/2017\/12\/SD72222_0-1.jpg 600w, https:\/\/www2.memri.org\/espanol\/wp-content\/uploads\/2017\/12\/SD72222_0-1-300x153.jpg 300w\" sizes=\"auto, (max-width: 600px) 100vw, 600px\" \/><\/p>\n<p>Una protesta en la Mezquita Badshahi de Lahore fue organizada por Majlis-e-Ulama Pakistan y Majlis-e-A&#8217;immah Al-Masajid Pakistan. Los mensajes en las pancartas exigen la \u00abliberaci\u00f3n\u00bb de Jerusal\u00e9n. (Imagen: Roznama Express, 9 de diciembre, 2017).<\/p>\n<p><img loading=\"lazy\" decoding=\"async\" class=\"alignnone size-full wp-image-40908\" src=\"https:\/\/www2.memri.org\/espanol\/wp-content\/uploads\/2017\/12\/SD72223_1-1.jpg\" width=\"600\" height=\"306\" alt=\"\" srcset=\"https:\/\/www2.memri.org\/espanol\/wp-content\/uploads\/2017\/12\/SD72223_1-1.jpg 600w, https:\/\/www2.memri.org\/espanol\/wp-content\/uploads\/2017\/12\/SD72223_1-1-300x153.jpg 300w\" sizes=\"auto, (max-width: 600px) 100vw, 600px\" \/><\/p>\n<p>Hafiz Muhammad Saeed, el fundador de la organizaci\u00f3n yihadista Lashkar-e-Taiba y presidente de su ala caritativa Jamaatud Dawa, se dirige a una manifestaci\u00f3n anti-Estados Unidos e Israel. Algunas pancartas leen: \u00abUna cura para Estados Unidos, Al-Yihad Al-Yihad\u00bb. (Imagen: Roznama Express, 9 de diciembre, 2017).<\/p>\n<p><img loading=\"lazy\" decoding=\"async\" class=\"alignnone size-full wp-image-40909\" src=\"https:\/\/www2.memri.org\/espanol\/wp-content\/uploads\/2017\/12\/SD72224-1.jpg\" width=\"480\" height=\"600\" alt=\"\" srcset=\"https:\/\/www2.memri.org\/espanol\/wp-content\/uploads\/2017\/12\/SD72224-1.jpg 480w, https:\/\/www2.memri.org\/espanol\/wp-content\/uploads\/2017\/12\/SD72224-1-240x300.jpg 240w, https:\/\/www2.memri.org\/espanol\/wp-content\/uploads\/2017\/12\/SD72224-1-336x420.jpg 336w\" sizes=\"auto, (max-width: 480px) 100vw, 480px\" \/><\/p>\n<p>Un anuncio publicitario publicado por el Consejo Difa-e-Pakistan llamando a una \u00abMarcha Tahaffuz-e-Bait Al-Maqdas\u00bb en Karachi el 10 de diciembre. (Imagen: Roznama Islam, 9 de diciembre, 2017).<\/p>\n<p><img loading=\"lazy\" decoding=\"async\" class=\"alignnone size-full wp-image-40910\" src=\"https:\/\/www2.memri.org\/espanol\/wp-content\/uploads\/2017\/12\/SD72225-1.jpg\" width=\"620\" height=\"209\" alt=\"\" srcset=\"https:\/\/www2.memri.org\/espanol\/wp-content\/uploads\/2017\/12\/SD72225-1.jpg 620w, https:\/\/www2.memri.org\/espanol\/wp-content\/uploads\/2017\/12\/SD72225-1-300x101.jpg 300w, https:\/\/www2.memri.org\/espanol\/wp-content\/uploads\/2017\/12\/SD72225-1-600x202.jpg 600w\" sizes=\"auto, (max-width: 620px) 100vw, 620px\" \/><\/p>\n<p>En Karachi, miembros de Jamaat-e-Islami Pakistan queman una bandera israel\u00ed para protestar contra los Estados Unidos. (Imagen: Roznama Ummat, 8 de diciembre, 2017).<\/p>\n<p><img loading=\"lazy\" decoding=\"async\" class=\"alignnone size-full wp-image-40911\" src=\"https:\/\/www2.memri.org\/espanol\/wp-content\/uploads\/2017\/12\/SD72226_1-1.jpg\" width=\"600\" height=\"386\" alt=\"\" srcset=\"https:\/\/www2.memri.org\/espanol\/wp-content\/uploads\/2017\/12\/SD72226_1-1.jpg 600w, https:\/\/www2.memri.org\/espanol\/wp-content\/uploads\/2017\/12\/SD72226_1-1-300x193.jpg 300w\" sizes=\"auto, (max-width: 600px) 100vw, 600px\" \/><\/p>\n<p>En las ciudades de Faisalabad y Quetta, manifestantes queman banderas de Estados Unidos e Israel. La pancarta de la izquierda lee: \u00abEl reconocimiento por los Estados Unidos a Jerusal\u00e9n como la capital de Israel es una conspiraci\u00f3n contra el mundo isl\u00e1mico. (Imagen: Roznama Islam, 8 de diciembre, 2017).<\/p>\n<p><img loading=\"lazy\" decoding=\"async\" class=\"alignnone size-full wp-image-40912\" src=\"https:\/\/www2.memri.org\/espanol\/wp-content\/uploads\/2017\/12\/SD72227_0-1.jpg\" width=\"600\" height=\"331\" alt=\"\" srcset=\"https:\/\/www2.memri.org\/espanol\/wp-content\/uploads\/2017\/12\/SD72227_0-1.jpg 600w, https:\/\/www2.memri.org\/espanol\/wp-content\/uploads\/2017\/12\/SD72227_0-1-300x166.jpg 300w\" sizes=\"auto, (max-width: 600px) 100vw, 600px\" \/><\/p>\n<p>En Lahore, una protesta religiosa respaldada por el senador pakistan\u00ed Profesor Sajid Mir fue organizada por Jamiat Ahle Hadith, una organizaci\u00f3n religiosa. El texto clave dice: \u00abEstados Unidos, nosotros no aceptamos sus reglas&#8230;\u00bb (Imagen: Roznama Express, 9 de diciembre, 2017).<\/p>\n<p><img loading=\"lazy\" decoding=\"async\" class=\"alignnone size-full wp-image-40913\" src=\"https:\/\/www2.memri.org\/espanol\/wp-content\/uploads\/2017\/12\/SD72228_1-1.jpg\" width=\"600\" height=\"563\" alt=\"\" srcset=\"https:\/\/www2.memri.org\/espanol\/wp-content\/uploads\/2017\/12\/SD72228_1-1.jpg 600w, https:\/\/www2.memri.org\/espanol\/wp-content\/uploads\/2017\/12\/SD72228_1-1-300x282.jpg 300w, https:\/\/www2.memri.org\/espanol\/wp-content\/uploads\/2017\/12\/SD72228_1-1-448x420.jpg 448w\" sizes=\"auto, (max-width: 600px) 100vw, 600px\" \/><\/p>\n<p>En Karachi, miembros mujeres de Jamaat-e-Islami marchan en una protesta. La pancarta pide por \u00abAl-Yihad, Al-Yihad\u00bb. (Imagen: Roznama Ummat, 10 de diciembre, 2017).<\/p>\n<p><img loading=\"lazy\" decoding=\"async\" class=\"alignnone size-full wp-image-40914\" src=\"https:\/\/www2.memri.org\/espanol\/wp-content\/uploads\/2017\/12\/SD72229-1.jpg\" width=\"917\" height=\"238\" alt=\"\" srcset=\"https:\/\/www2.memri.org\/espanol\/wp-content\/uploads\/2017\/12\/SD72229-1.jpg 917w, https:\/\/www2.memri.org\/espanol\/wp-content\/uploads\/2017\/12\/SD72229-1-300x78.jpg 300w, https:\/\/www2.memri.org\/espanol\/wp-content\/uploads\/2017\/12\/SD72229-1-768x199.jpg 768w, https:\/\/www2.memri.org\/espanol\/wp-content\/uploads\/2017\/12\/SD72229-1-600x156.jpg 600w, https:\/\/www2.memri.org\/espanol\/wp-content\/uploads\/2017\/12\/SD72229-1-696x181.jpg 696w\" sizes=\"auto, (max-width: 917px) 100vw, 917px\" \/><\/p>\n<p>En Rawalpindi, miembros del Consejo Difa-e-Pakistan, una red de grupos religiosos asociados al fundador de Lashkar-e-Taiba Hafiz Muhammad Saeed, queman la bandera estadounidense. En Islamabad, chicos caminan sobre las banderas de Estados Unidos e Israel. (Imagen: Roznama Ummat, 8 de diciembre, 2017).<\/p>\n<p><img loading=\"lazy\" decoding=\"async\" class=\"alignnone size-full wp-image-40915\" src=\"https:\/\/www2.memri.org\/espanol\/wp-content\/uploads\/2017\/12\/SD722210_0-1.jpg\" width=\"600\" height=\"328\" alt=\"\" srcset=\"https:\/\/www2.memri.org\/espanol\/wp-content\/uploads\/2017\/12\/SD722210_0-1.jpg 600w, https:\/\/www2.memri.org\/espanol\/wp-content\/uploads\/2017\/12\/SD722210_0-1-300x164.jpg 300w\" sizes=\"auto, (max-width: 600px) 100vw, 600px\" \/><\/p>\n<p>Tehreek Labbaik Ya Rasool Allah (TLY), un grupo suf\u00ed que logr\u00f3 colocar un cerco a Islamabad durante tres semanas en noviembre, 2017 organiz\u00f3 una protesta en Lahore diciendo: \u00abJerusal\u00e9n como la capital de los jud\u00edos es inaceptable\u00bb. (Imagen: Roznama Express, 9 de diciembre, 2017).<\/p>\n<p><img loading=\"lazy\" decoding=\"async\" class=\"alignnone size-full wp-image-40916\" src=\"https:\/\/www2.memri.org\/espanol\/wp-content\/uploads\/2017\/12\/SD722211_0-1.jpg\" width=\"600\" height=\"322\" alt=\"\" srcset=\"https:\/\/www2.memri.org\/espanol\/wp-content\/uploads\/2017\/12\/SD722211_0-1.jpg 600w, https:\/\/www2.memri.org\/espanol\/wp-content\/uploads\/2017\/12\/SD722211_0-1-300x161.jpg 300w\" sizes=\"auto, (max-width: 600px) 100vw, 600px\" \/><\/p>\n<p>Islami Jamiat-e-Talaba, el ala estudiantil de Jamaat-e-Islami Pakistan, organiz\u00f3 una protesta anti-Israel y anti-Estados Unidos en Lahore. (Imagen: Roznama Express, 9 de diciembre, 2017).<\/p>\n<p><img loading=\"lazy\" decoding=\"async\" class=\"alignnone size-full wp-image-40917\" src=\"https:\/\/www2.memri.org\/espanol\/wp-content\/uploads\/2017\/12\/SD722212_2-1.jpg\" width=\"630\" height=\"377\" alt=\"\" srcset=\"https:\/\/www2.memri.org\/espanol\/wp-content\/uploads\/2017\/12\/SD722212_2-1.jpg 630w, https:\/\/www2.memri.org\/espanol\/wp-content\/uploads\/2017\/12\/SD722212_2-1-300x180.jpg 300w, https:\/\/www2.memri.org\/espanol\/wp-content\/uploads\/2017\/12\/SD722212_2-1-600x359.jpg 600w\" sizes=\"auto, (max-width: 630px) 100vw, 630px\" \/><\/p>\n<p>En Islamabad, abogados pakistan\u00edes protestan contra el reconocimiento por los Estados Unidos de Jerusal\u00e9n como la capital de Israel. (Imagen: Roznama Ummat, 9 de diciembre, 2017).<\/p>\n<p><img loading=\"lazy\" decoding=\"async\" class=\"alignnone size-full wp-image-40918\" src=\"https:\/\/www2.memri.org\/espanol\/wp-content\/uploads\/2017\/12\/SD722213-1.jpg\" width=\"630\" height=\"379\" alt=\"\" srcset=\"https:\/\/www2.memri.org\/espanol\/wp-content\/uploads\/2017\/12\/SD722213-1.jpg 630w, https:\/\/www2.memri.org\/espanol\/wp-content\/uploads\/2017\/12\/SD722213-1-300x180.jpg 300w, https:\/\/www2.memri.org\/espanol\/wp-content\/uploads\/2017\/12\/SD722213-1-600x361.jpg 600w\" sizes=\"auto, (max-width: 630px) 100vw, 630px\" \/><\/p>\n<p>En Rawalpindi, miembros de la sociedad civil protestan contra el Presidente Trump. El cartel lee: \u00abLa \u00fanica cura para Israel: Al-Yihad, Al-Yihad\u00bb. (Imagen: Roznama Ummat, 10 de diciembre, 2017).<\/p>\n<p><img loading=\"lazy\" decoding=\"async\" class=\"alignnone size-full wp-image-40919\" src=\"https:\/\/www2.memri.org\/espanol\/wp-content\/uploads\/2017\/12\/SD722214-1.jpg\" width=\"630\" height=\"449\" alt=\"\" srcset=\"https:\/\/www2.memri.org\/espanol\/wp-content\/uploads\/2017\/12\/SD722214-1.jpg 630w, https:\/\/www2.memri.org\/espanol\/wp-content\/uploads\/2017\/12\/SD722214-1-300x214.jpg 300w, https:\/\/www2.memri.org\/espanol\/wp-content\/uploads\/2017\/12\/SD722214-1-600x428.jpg 600w, https:\/\/www2.memri.org\/espanol\/wp-content\/uploads\/2017\/12\/SD722214-1-100x70.jpg 100w, https:\/\/www2.memri.org\/espanol\/wp-content\/uploads\/2017\/12\/SD722214-1-589x420.jpg 589w\" sizes=\"auto, (max-width: 630px) 100vw, 630px\" \/><\/p>\n<p>Hafiz Naeemur Rehman, el emir de Jamaat-e-Islami Pakistan para Karachi, lidera una marcha en protesta contra los Estados Unidos en Karachi. (Imagen: <em>Roznama Ummat<\/em>, 9 de diciembre, 2017).<\/p>\n","protected":false},"excerpt":{"rendered":"<p>El 6 de diciembre, 2017 el Presidente de los Estados Unidos Donald Trump, reconoci\u00f3 a Jerusal\u00e9n como la capital de Israel, allanando el camino para mudar la Embajada de los Estados Unidos a Jerusal\u00e9n. Luego de su anuncio a la decisi\u00f3n, estallaron protestas en Pakist\u00e1n. A continuaci\u00f3n se presentan im\u00e1genes de las protestas contra Estados [&hellip;]<\/p>\n","protected":false},"author":1,"featured_media":40905,"comment_status":"open","ping_status":"open","sticky":false,"template":"","format":"standard","meta":{"footnotes":""},"categories":[4,6,9,11,2],"tags":[],"class_list":["post-40887","post","type-post","status-publish","format-standard","has-post-thumbnail","hentry","category-archivos","category-comunicados-especiales","category-temas","category-e-u-a-y-el-medio-oriente","category-featured"],"_links":{"self":[{"href":"https:\/\/www2.memri.org\/espanol\/wp-json\/wp\/v2\/posts\/40887","targetHints":{"allow":["GET"]}}],"collection":[{"href":"https:\/\/www2.memri.org\/espanol\/wp-json\/wp\/v2\/posts"}],"about":[{"href":"https:\/\/www2.memri.org\/espanol\/wp-json\/wp\/v2\/types\/post"}],"author":[{"embeddable":true,"href":"https:\/\/www2.memri.org\/espanol\/wp-json\/wp\/v2\/users\/1"}],"replies":[{"embeddable":true,"href":"https:\/\/www2.memri.org\/espanol\/wp-json\/wp\/v2\/comments?post=40887"}],"version-history":[{"count":0,"href":"https:\/\/www2.memri.org\/espanol\/wp-json\/wp\/v2\/posts\/40887\/revisions"}],"wp:featuredmedia":[{"embeddable":true,"href":"https:\/\/www2.memri.org\/espanol\/wp-json\/wp\/v2\/media\/40905"}],"wp:attachment":[{"href":"https:\/\/www2.memri.org\/espanol\/wp-json\/wp\/v2\/media?parent=40887"}],"wp:term":[{"taxonomy":"category","embeddable":true,"href":"https:\/\/www2.memri.org\/espanol\/wp-json\/wp\/v2\/categories?post=40887"},{"taxonomy":"post_tag","embeddable":true,"href":"https:\/\/www2.memri.org\/espanol\/wp-json\/wp\/v2\/tags?post=40887"}],"curies":[{"name":"wp","href":"https:\/\/api.w.org\/{rel}","templated":true}]}}