{"id":40314,"date":"2017-11-22T14:58:57","date_gmt":"2017-11-22T18:58:57","guid":{"rendered":"http:\/\/www2.memri.org\/espanol\/?p=40314"},"modified":"2017-11-22T14:58:57","modified_gmt":"2017-11-22T18:58:57","slug":"funcionarios-de-fatah-asisten-a-ceremonia-conmemorativa-a-perpetradores-de-apunalamientos-y-arrollamientos","status":"publish","type":"post","link":"https:\/\/www2.memri.org\/espanol\/funcionarios-de-fatah-asisten-a-ceremonia-conmemorativa-a-perpetradores-de-apunalamientos-y-arrollamientos\/40314","title":{"rendered":"Funcionarios de Fatah asisten a ceremonia conmemorativa a perpetradores de apu\u00f1alamientos y arrollamientos"},"content":{"rendered":"<p>El 20 de noviembre, 2017 el diario de la Autoridad Palestina (AP) <em>Al-Hayat Al-Jadida<\/em> inform\u00f3 que el Instituto Universitario Moderno de Ramala hab\u00eda celebrado una ceremonia conmemorativa para \u00abestudiantes m\u00e1rtires\u00bb, al que asistieron el miembro del Comit\u00e9 Central de Fatah Jamal Muhaisen y el secretario de la filial de Fatah en Ramala y Al-Bireh Muwaffaq Sahwil. Algunos de estos estudiantes hab\u00edan sido asesinados mientras intentaban llevar a cabo sus ataques de apu\u00f1alamiento o arrollamientos contra israel\u00edes. Por ejemplo, Ahmad Jahajha fue asesinado por la Guardia de Fronteras israel\u00ed el 16 de diciembre, 2016 cuando intentaba atropellar a varios oficiales de la Guardia de Fronteras<a href=\"#_edn1\" name=\"_ednref1\">[1]<\/a>; &#8216;Ali Al-Kar fue asesinado por disparos causados por las FDI el 17 de marzo, 2016 luego de apu\u00f1alar a una mujer soldado<a href=\"#_edn2\" name=\"_ednref2\">[2]<\/a>; y Muhammad Al-Jallad muri\u00f3 al ser herido el 10 de febrero, 2017 luego de que le dispararon tratando de llevar a cabo un apu\u00f1alamiento en un puesto de control militar.<a href=\"#_edn3\" name=\"_ednref3\">[3]<\/a> Cabe se\u00f1alar que el instituto universitario tambi\u00e9n le otorg\u00f3 grados p\u00f3stumos a Jahajha y Al-Kar en una ceremonia en agosto, 2016 a la que asisti\u00f3 el Ministro de Educaci\u00f3n de la Autoridad Palestina Sabri Saidam.<a href=\"#_edn4\" name=\"_ednref4\">[4]<\/a><\/p>\n<p>Hablando en la ceremonia conmemorativa, el miembro del Comit\u00e9 Central de Fatah Jamal Muhaisen subray\u00f3 \u00abla importancia de la juventud palestina en la lucha\u00bb agregando que \u00abel Sindicato de la Uni\u00f3n de Estudiantes, fundado por el l\u00edder Yasser Arafat&#8230; ha desempe\u00f1ado un papel central en la lucha palestina\u00bb. Refiri\u00e9ndose a la intenci\u00f3n de Estados Unidos de cerrar la representaci\u00f3n de la OLP en Washington DC, este afirm\u00f3 tajante que \u00abno renunciaremos a la toma de decisiones palestina de manera independiente, cueste lo que cueste\u00bb y agreg\u00f3: \u00abA pesar de las dificultades en el camino por [nuestra] causa nacional, la bandera palestina continuar\u00e1 ondeando hasta que alcancemos la victoria y la liberaci\u00f3n de esta despreciable ocupaci\u00f3n\u00bb.<\/p>\n<p>La madre de Mahmoud &#8216;Aliyan, un estudiante del instituto, asesinado a disparos por las FDI en noviembre, 2015 durante violentos disturbios, habl\u00f3 en nombre de las familias de los m\u00e1rtires y dijo que \u00abla sangre de los m\u00e1rtires reg\u00f3 el suelo y caus\u00f3 que el suelo de los jardines se impregnaran de flores\u00bb. Ella dijo que estaba orgullosa de ser la madre de un m\u00e1rtir que hab\u00eda sacrificado \u00absu sangre y su vida por el bien de su patria y su pueblo\u00bb.<\/p>\n<p>El representante del Movimiento Juvenil Fatah en el instituto universitario Hussein &#8216;Ajouli, elogi\u00f3 a los m\u00e1rtires, incluyendo a los que hab\u00edan sido estudiantes en la instituci\u00f3n, \u00abquienes cayeron defendiendo [nuestro] honor, a fin de redimir a Al-Aqsa, Jerusal\u00e9n y Palestina\u00bb.<a href=\"#_edn5\" name=\"_ednref5\">[5]<\/a><em>\u00a0<\/em><\/p>\n<figure style=\"width: 650px\" class=\"wp-caption alignnone\"><img loading=\"lazy\" decoding=\"async\" class=\"alignnone size-full wp-image-40315\" src=\"https:\/\/www2.memri.org\/espanol\/wp-content\/uploads\/2017\/11\/MemorialLogo.jpg\" width=\"650\" height=\"433\" alt=\"\" srcset=\"https:\/\/www2.memri.org\/espanol\/wp-content\/uploads\/2017\/11\/MemorialLogo.jpg 650w, https:\/\/www2.memri.org\/espanol\/wp-content\/uploads\/2017\/11\/MemorialLogo-300x200.jpg 300w, https:\/\/www2.memri.org\/espanol\/wp-content\/uploads\/2017\/11\/MemorialLogo-600x400.jpg 600w, https:\/\/www2.memri.org\/espanol\/wp-content\/uploads\/2017\/11\/MemorialLogo-630x420.jpg 630w\" sizes=\"auto, (max-width: 650px) 100vw, 650px\" \/><figcaption class=\"wp-caption-text\">Funcionarios de Fatah en el monumento (imagen: maannews.net, 19 de noviembre, 2017)<\/figcaption><\/figure>\n<hr \/>\n<p>&nbsp;<\/p>\n<p><a href=\"#_ednref1\" name=\"_edn1\">[1]<\/a> Maannews.net, 16 de diciembre, 2016.<\/p>\n<p><a href=\"#_ednref2\" name=\"_edn2\">[2]<\/a> Alhadath.ps, 17 de marzo, 2016.<\/p>\n<p><a href=\"#_ednref3\" name=\"_edn3\">[3]<\/a> Wafa.ps, 10 de febrero, 2017. La familia de Al-Jallad tambi\u00e9n fue recibida por el Presidente palestino Mahmoud &#8216;Abbas. V\u00e9ase MEMRI Despacho Especial No. 6819, El Presidente palestino &#8216;Abbas se re\u00fane con terroristas y las familias de los terroristas, 8 de marzo, 2017.<\/p>\n<p><a href=\"#_ednref4\" name=\"_edn4\">[4]<\/a> Maannews.net, 2 de agosto, 2017. Para ver otros ejemplos de la AP donde honran a los terroristas, v\u00e9ase los informes de MEMRI: Despacho Especial No. 6523, Con la publicaci\u00f3n de los resultados finales de la escuela secundaria, la prensa de la Autoridad Palestina se\u00f1ala muertes de estudiantes que realizaron apu\u00f1alamientos y enfatiza: &#8216;Morir como m\u00e1rtir es el camino de la excelencia y de la superioridad&#8217;, 13 de julio, 2016; Despacho Especial No. 7010, Autoridad Palestina realiza funeral militar a terroristas, 14 de julio, 2016; Despacho Especial No. 6623, Reacciones contrastantes de la AP a la \u00faltima oleada de terrorismo: &#8216;Abbas: Los chicos se vuelcan hacia el tomar los cuchillos por su propia voluntad para llevar a cabo apu\u00f1alamientos; Canciller\u00eda de la Autoridad Palestina: Israel ejecuta a palestinos sin causa alguna, 22 de septiembre, 2016.<\/p>\n<p><a href=\"#_ednref5\" name=\"_edn5\">[5]<\/a> <em>Al-Hayat Al-Jadida<\/em> (AP), 20 de noviembre, 2017.<\/p>\n","protected":false},"excerpt":{"rendered":"<p>El 20 de noviembre, 2017 el diario de la Autoridad Palestina (AP) Al-Hayat Al-Jadida inform\u00f3 que el Instituto Universitario Moderno de Ramala hab\u00eda celebrado una ceremonia conmemorativa para \u00abestudiantes m\u00e1rtires\u00bb, al que asistieron el miembro del Comit\u00e9 Central de Fatah Jamal Muhaisen y el secretario de la filial de Fatah en Ramala y Al-Bireh Muwaffaq [&hellip;]<\/p>\n","protected":false},"author":1,"featured_media":40315,"comment_status":"open","ping_status":"open","sticky":false,"template":"","format":"standard","meta":{"footnotes":""},"categories":[4,6,18,2,23],"tags":[],"class_list":["post-40314","post","type-post","status-publish","format-standard","has-post-thumbnail","hentry","category-archivos","category-comunicados-especiales","category-paises","category-featured","category-autoridad-palestina"],"_links":{"self":[{"href":"https:\/\/www2.memri.org\/espanol\/wp-json\/wp\/v2\/posts\/40314","targetHints":{"allow":["GET"]}}],"collection":[{"href":"https:\/\/www2.memri.org\/espanol\/wp-json\/wp\/v2\/posts"}],"about":[{"href":"https:\/\/www2.memri.org\/espanol\/wp-json\/wp\/v2\/types\/post"}],"author":[{"embeddable":true,"href":"https:\/\/www2.memri.org\/espanol\/wp-json\/wp\/v2\/users\/1"}],"replies":[{"embeddable":true,"href":"https:\/\/www2.memri.org\/espanol\/wp-json\/wp\/v2\/comments?post=40314"}],"version-history":[{"count":0,"href":"https:\/\/www2.memri.org\/espanol\/wp-json\/wp\/v2\/posts\/40314\/revisions"}],"wp:featuredmedia":[{"embeddable":true,"href":"https:\/\/www2.memri.org\/espanol\/wp-json\/wp\/v2\/media\/40315"}],"wp:attachment":[{"href":"https:\/\/www2.memri.org\/espanol\/wp-json\/wp\/v2\/media?parent=40314"}],"wp:term":[{"taxonomy":"category","embeddable":true,"href":"https:\/\/www2.memri.org\/espanol\/wp-json\/wp\/v2\/categories?post=40314"},{"taxonomy":"post_tag","embeddable":true,"href":"https:\/\/www2.memri.org\/espanol\/wp-json\/wp\/v2\/tags?post=40314"}],"curies":[{"name":"wp","href":"https:\/\/api.w.org\/{rel}","templated":true}]}}