{"id":4021,"date":"2010-10-13T00:00:00","date_gmt":"2010-10-13T00:00:00","guid":{"rendered":"http:\/\/www2.memri.org\/espanol\/2010\/10\/13\/archivo-hassan-nasrallah-a-finales-de-los-80s-el-libano-deberia-ser-parte-de-la-gran-republica-islamica-gobernado-por-el-lider-de-iran-quien-deberia-nombrar-a-todos-los-gobernantes-islamicos\/"},"modified":"2016-01-13T22:09:36","modified_gmt":"2016-01-13T22:09:36","slug":"archivo-hassan-nasrallah-a-finales-de-los-80s-el-libano-deberia-ser-parte-de-la-gran-republica-islamica-gobernado-por-el-lider-de-iran-quien-deberia-nombrar-a-todos-los-gobernantes-islamicos","status":"publish","type":"post","link":"https:\/\/www2.memri.org\/espanol\/archivo-hassan-nasrallah-a-finales-de-los-80s-el-libano-deberia-ser-parte-de-la-gran-republica-islamica-gobernado-por-el-lider-de-iran-quien-deberia-nombrar-a-todos-los-gobernantes-islamicos\/4021","title":{"rendered":"ARCHIVO &#8211; Hassan Nasrallah a finales de los 80s: El L\u00edbano deber\u00eda ser parte de la Gran Rep\u00fablica Isl\u00e1mica gobernado por el l\u00edder de Ir\u00e1n, qui\u00e9n deber\u00eda nombrar a todos los gobernantes isl\u00e1micos"},"content":{"rendered":"<div class=\"bodytext c1\">\n<p><em>A continuaci\u00f3n se presentan extractos de un segmento de video de Hassan Nasrallah antes de asumir el cargo de Secretario General del Hezbol\u00e1. El video fue publicado en Internet.<\/em><\/p>\n<p><em>Para ver este segmento de video en MEMRI TV, visite<br \/><a href=\"http:\/\/www.memritv.org\/clip\/en\/0\/0\/0\/0\/0\/0\/2636.htm\">http:\/\/www.memritv.org\/clip\/en\/0\/0\/0\/0\/0\/0\/2636.htm<\/a>.<\/em><\/p>\n<p><img loading=\"lazy\" decoding=\"async\" class=\"alignnone size-full wp-image-9012\" src=\"http:\/\/www2.memri.org\/espanol\/wp-content\/uploads\/2016\/01\/5202.jpg\" width=\"314\" height=\"209\" srcset=\"https:\/\/www2.memri.org\/espanol\/wp-content\/uploads\/2016\/01\/5202.jpg 314w, https:\/\/www2.memri.org\/espanol\/wp-content\/uploads\/2016\/01\/5202-300x200.jpg 300w\" sizes=\"auto, (max-width: 314px) 100vw, 314px\" \/><\/p>\n<p><strong>Hassan Nasrallah<\/strong>: \u00ab\u00bfCu\u00e1l es la naturaleza del r\u00e9gimen que Hezbol\u00e1 quiere para el L\u00edbano en la actualidad, a raz\u00f3n de la situaci\u00f3n del pa\u00eds y las numerosas sectas? Las anteriores conferencias han respondido a esta pregunta ahora, no tenemos un plan para un r\u00e9gimen en el L\u00edbano. Creemos que debemos eliminar el colonialismo y la [ocupaci\u00f3n] israel\u00ed y, s\u00f3lo entonces un plan puede ponerse en pr\u00e1ctica.<\/p>\n<p>\u00abNuestro plan, al cual nosotros como fieles creyentes, no tenemos otra alternativa, es establecer un estado isl\u00e1mico bajo mandato del Islam. El L\u00edbano no deber\u00eda ser una rep\u00fablica isl\u00e1mica por si misma, sino m\u00e1s bien, parte de la Gran Rep\u00fablica Isl\u00e1mica, gobernado por el Maestro del Tiempo [el Mahdi] y su delegado justo, el Gobernante Jurisprudente, Imam Jomeini.<\/p>\n<p>[&#8230;]<\/p>\n<p>\u00ab[Se me pregunt\u00f3] sobre las relaciones de Hezbol\u00e1 con Ir\u00e1n y con el liderazgo de la Revoluci\u00f3n Isl\u00e1mica en Ir\u00e1n. En cuanto a nosotros se refiere, estas relaciones&#8230; soy una de las personas que trabajan para Hezbol\u00e1 y sus aparatos activos. Yo no me hubiera quedado ni un solo instante en ning\u00fan aparato del Hezbol\u00e1 si no estuviera absolutamente convencido de que estos aparatos est\u00e1n conectados a trav\u00e9s de una cierta jerarqu\u00eda, al Gobernante Jurisprudente y L\u00edder, cuyas decisiones son vinculantes.<\/p>\n<p>\u00abEn lo que a nosotros respecta, esto es axiom\u00e1tico. Las declaraciones diplom\u00e1ticas y pol\u00edticas no son lo importante en este caso, el Ayatol\u00e1 Karroubi no puede limitarse a admitir:.. S\u00ed, Hezbol\u00e1 es nuestra gente en el L\u00edbano. Esto es inconcebible, tanto en lo pol\u00edtico y en los medios de comunicaci\u00f3n racionales. Nuestra relaci\u00f3n esencial y org\u00e1nica con los dirigentes de la Revoluci\u00f3n Isl\u00e1mica en Ir\u00e1n y el Mandato del Jurisprudente es axiom\u00e1tica, en la medida en que a nosotros respecta.<\/p>\n<p>\u00abPertenecemos a este camino, hacemos sacrificios por su causa y nos exponemos a peligros, porque estamos convencidos de que la sangre que derramamos fluye por el bien del Mandato del Jurisprudente.<\/p>\n<p>[&#8230;]<\/p>\n<p>\u00abDeber\u00eda el Gobernante Jurisprudente ser el que nombre a los l\u00edderes y les otorgue legitimidad sobre ellos en todos los pa\u00edses musulmanes? S\u00ed, porque su jurisprudencia no est\u00e1 limitada por fronteras geogr\u00e1ficas. Esta se extiende a cualquier lugar donde puedan estar los musulmanes\u00bb. [&#8230;]<\/p>\n<\/div>\n","protected":false},"excerpt":{"rendered":"<p>A continuaci\u00f3n se presentan extractos de un segmento de video de Hassan Nasrallah antes de asumir el cargo de Secretario General del Hezbol\u00e1. El video fue publicado en Internet. Para ver este segmento de video en MEMRI TV, visitehttp:\/\/www.memritv.org\/clip\/en\/0\/0\/0\/0\/0\/0\/2636.htm. Hassan Nasrallah: \u00ab\u00bfCu\u00e1l es la naturaleza del r\u00e9gimen que Hezbol\u00e1 quiere para el L\u00edbano en la [&hellip;]<\/p>\n","protected":false},"author":1,"featured_media":9012,"comment_status":"open","ping_status":"open","sticky":false,"template":"","format":"standard","meta":{"footnotes":""},"categories":[6,20,27],"tags":[],"class_list":["post-4021","post","type-post","status-publish","format-standard","has-post-thumbnail","hentry","category-comunicados-especiales","category-iran","category-libano"],"_links":{"self":[{"href":"https:\/\/www2.memri.org\/espanol\/wp-json\/wp\/v2\/posts\/4021","targetHints":{"allow":["GET"]}}],"collection":[{"href":"https:\/\/www2.memri.org\/espanol\/wp-json\/wp\/v2\/posts"}],"about":[{"href":"https:\/\/www2.memri.org\/espanol\/wp-json\/wp\/v2\/types\/post"}],"author":[{"embeddable":true,"href":"https:\/\/www2.memri.org\/espanol\/wp-json\/wp\/v2\/users\/1"}],"replies":[{"embeddable":true,"href":"https:\/\/www2.memri.org\/espanol\/wp-json\/wp\/v2\/comments?post=4021"}],"version-history":[{"count":0,"href":"https:\/\/www2.memri.org\/espanol\/wp-json\/wp\/v2\/posts\/4021\/revisions"}],"wp:featuredmedia":[{"embeddable":true,"href":"https:\/\/www2.memri.org\/espanol\/wp-json\/wp\/v2\/media\/9012"}],"wp:attachment":[{"href":"https:\/\/www2.memri.org\/espanol\/wp-json\/wp\/v2\/media?parent=4021"}],"wp:term":[{"taxonomy":"category","embeddable":true,"href":"https:\/\/www2.memri.org\/espanol\/wp-json\/wp\/v2\/categories?post=4021"},{"taxonomy":"post_tag","embeddable":true,"href":"https:\/\/www2.memri.org\/espanol\/wp-json\/wp\/v2\/tags?post=4021"}],"curies":[{"name":"wp","href":"https:\/\/api.w.org\/{rel}","templated":true}]}}