{"id":3990,"date":"2010-09-21T00:00:00","date_gmt":"2010-09-21T00:00:00","guid":{"rendered":"http:\/\/www2.memri.org\/espanol\/2010\/09\/21\/redactores-arabes-dejen-de-hablar-del-jihad-ofensivo\/"},"modified":"2016-01-13T22:11:38","modified_gmt":"2016-01-13T22:11:38","slug":"redactores-arabes-dejen-de-hablar-del-jihad-ofensivo","status":"publish","type":"post","link":"https:\/\/www2.memri.org\/espanol\/redactores-arabes-dejen-de-hablar-del-jihad-ofensivo\/3990","title":{"rendered":"Redactores \u00e1rabes: Dejen de hablar del Jihad ofensivo"},"content":{"rendered":"<div class=\"bodytext c2\">\n<p><em>Uno de los temas dominantes durante el Ramad\u00e1n en el mundo \u00e1rabe es la discusi\u00f3n en los medios de comunicaci\u00f3n y en los c\u00edrculos religiosos, del mandamiento del Jihad y la obligaci\u00f3n en este de emprender la guerra contra los infieles. <a href=\"#_edn1\" name=\"_ednref1\">[1]<\/a> Dos art\u00edculos en la prensa saudita y egipcia respectivamente, se pronunciaron en contra de esta \u00abguerra santa ofensiva\u00bb.<\/em><\/p>\n<p><em>El columnista Khaled Al-&#8216;Ghanami escribi\u00f3 en el diario saudita Al-Watan en contra de los extremistas que llaman al Jihad contra los infieles y sostiene que es la mejor manera de propagar el Islam. Este dijo que los medios de comunicaci\u00f3n de hoy d\u00eda ofrecen una variedad de maneras de difundir el mensaje del Islam, de modo que no existe ninguna justificaci\u00f3n para hacer la guerra. Al-&#8216;Ghanami dividi\u00f3 a los partidarios del Jihad ofensivo en dos grupos: aquellos que llaman al Jihad inmediato y los que piensan que mientras los musulmanes sean d\u00e9biles no existe ning\u00fan punto en discutir el Jihad.<\/em><\/p>\n<p><em>En su columna sobre el Cor\u00e1n y el Sunna en el diario egipcio Al-Gomhouriyya, &#8216;Abdallah Al-Naggar escribi\u00f3 acerca de los predicadores que se centran en el Jihad ofensivo durante Ramad\u00e1n, refiri\u00e9ndose en particular a los predicadores en Egipto, que insisten en esta cuesti\u00f3n el d\u00eda 10 del mes de Ramad\u00e1n &#8211; la fecha en el calendario isl\u00e1mico en el que Egipto celebra la \u00abvictoria\u00bb de la guerra de 1973 con Israel. Este sugiri\u00f3 que en nuestra \u00e9poca es mejor hacer hincapi\u00e9 en el Jihad como auto-defensa, no ofensivo, agregando que los musulmanes en la actualidad no tienen la fuerza o la fe que les permita instituir el Islam en todo el mundo (Esto lo coloca en la segunda de las Categor\u00edas de Al-&#8216;Ghanami&#8217;s).<\/em><\/p>\n<p><em>Lo siguiente son extractos de las dos columnas:<\/em><\/p>\n<p><strong>Gracias a la televisi\u00f3n por sat\u00e9lite e Internet, no existe ninguna justificaci\u00f3n para que sea el Jihad el que difunda el Islam<\/strong><\/p>\n<p>Al-&#8216;Ghanami escribi\u00f3 en su columna: \u00abLos cl\u00e9rigos musulmanes han categorizado el [mandamiento del] &#8216;Jihad por el bien de Al\u00e1 y la guerra&#8217; en dos tipos: el Jihad ofensivo y el Jihad defensivo. Todas las naciones del mundo, a excepci\u00f3n de unos cuantos suf\u00edes y gente que cree en someterse al destino, aceptan la legitimidad del Jihad defensivo &#8211; es decir, la auto-defensa.<\/p>\n<p>\u00abEl Jihad ofensivo significa redadas preventivas: el Imam de los musulmanes declara el Jihad, que tiene como objetivo la conquista de las tierras no isl\u00e1micas y luego o impone el <em>jizya<\/em> [impuesto para los no-musulmanes] sobre ellos y [que viven en paz] con ellos, o que sus habitantes se conviertan al Islam por su propia voluntad. Este tipo de Jihad era la costumbre cuando no hab\u00eda medios de propagar la religi\u00f3n y la gente viv\u00eda en la ignorancia total sobre el Islam. Es por eso que este tipo de Jihad fue legitimado &#8211; como una manera de desterrar esta ignorancia y eliminar la tiran\u00eda de los reyes que oprim\u00edan a los d\u00e9biles y les negaban la libertad de elegir su religi\u00f3n o su forma de vida.<\/p>\n<p>\u00abHoy d\u00eda, cuando existen otras maneras de transmitir el mensaje del Islam a la humanidad, a trav\u00e9s de los medios de comunicaci\u00f3n &#8211; incluyendo los canales de televisi\u00f3n por sat\u00e9lite e Internet &#8211; ya no hay ninguna justificaci\u00f3n [por el Jihad ofensivo] a fin de transmitir el mensaje del Islam a la humanidad. Este mensaje ya ha llegado y por lo tanto \u00abDejen al que quiera creer y, dejen al que quiera (rechazarlo) [Cor\u00e1n 18:29]&#8217;, ya que [el Cor\u00e1n declara:] &#8216;Que no haya coacci\u00f3n en la religi\u00f3n [Cor\u00e1n 2:256]&#8217;.<\/p>\n<p>\u00ab[La idea] de forzar a la gente a convertirse es completamente il\u00f3gica. Cuando la espada descansa en el cuello del hombre que uno desea convertir, \u00e9l le dir\u00e1 lo que uno quiere [escuchar] &#8211; pero la fe en su coraz\u00f3n seguir\u00e1 siendo la de su propia voluntad.<\/p>\n<p>\u00abLa idea de ataque y conquista por la fuerza es considerada altamente impropia, incluso en grandes segmentos de predicadores que abogan por la soluci\u00f3n isl\u00e1mica &#8211; y sobre todo entre aquellos que viven en Europa, que disfrutan de la libertad de esos pa\u00edses, tales como la atenci\u00f3n de la salud y la educaci\u00f3n. Ellos saben que no podr\u00e1n disponer de una cuarta parte de los derechos [que ahora tienen] si la identidad de esos pa\u00edses cambia [e.d. si son conquistados por el Islam]&#8230;<\/p>\n<p>\u00ab[Por el contrario], existen aquellos, si bien son pocos, que piensan que los gobernantes musulmanes deben declarar el Jihad a todos los habitantes del planeta de manera que nos montaremos [sobre] nuestros caballos y camellos, nos apoderaremos de la Torre Eiffel por la espada y enderezaremos la torre inclinada de Pisa.<\/p>\n<p>\u00abOtros, un poco m\u00e1s sabios, creen que nosotros [los musulmanes] estamos en un estado de debilidad y por esta raz\u00f3n debemos sentarnos a esperar hasta que la era de nuestra fuerza regrese. Luego regresaremos de nuevo a los caballos, espadas y redadas; pero mientras la debilidad se imponga, no hay nada vergonzoso sobre el <em>taqiyya<\/em> [es decir, ocultar nuestra fe] hasta que haya llegado el momento. Si esto no es hipocres\u00eda, no s\u00e9 lo que es. Hace unos d\u00edas, le\u00ed el manifiesto de alguien que tiene este punto de vista <a href=\"#_edn2\" name=\"_ednref2\">[2]<\/a> &#8211; un manifiesto en el que plantea todo este asunto de nuevo. [Est\u00e1 escrito] en esa misma melod\u00eda [antigua], basada en el supuesto de que el mundo no sabe leer, no controla y no entiende [lo que estamos diciendo], que teme nuestro tono y nuestra religi\u00f3n y que no est\u00e1 prestando atenci\u00f3n a las llamadas de asesinar, a la tiran\u00eda y la agresi\u00f3n que nosotros estamos esparciendo.<\/p>\n<p>\u00abNo me sorprende en lo absoluto estas personas, que no aman a su patria y no la colocan en el tope de su agenda. La idea de un [estado supranacional musulm\u00e1n] oculta un potencial devastador y la capacidad de cegar personas &#8211; hasta el punto de que un miembro del grupo [que defiende esta idea] podr\u00eda ver el mundo entero como su patria, incluyendo la parte que a\u00fan no ha invadido con espadas y lanzas. [Pero] lo que es asombroso es la capacidad de estas personas de mantener esta voz extremista en la esfera p\u00fablica&#8230;<\/p>\n<p>\u00abAl mismo tiempo, nos encontramos con que las voces libres que est\u00e1n conduciendo un debate profundo y esencial acerca de estas cuestiones no tienen ninguna oportunidad de hacerse escuchar en p\u00fablico en lo absoluto. La voz moderada, que es el camino de este pa\u00eds [es decir, Arabia Saudita] liderado por el Rey &#8216;Abdallah bin &#8216;Abd Al-&#8216;Aziz, debe ser escuchada m\u00e1s entre el p\u00fablico en general y debe tener absoluta libertad para criticar estos puntos de vista extremistas que s\u00f3lo traen el mal y la cat\u00e1strofe. Estas voces extremistas son la raz\u00f3n por la derrota de muchas de nuestras justas demandas, incluyendo nuestro derecho a la tierra ocupada y a [nuestra exigencia de que] la parte culpable de esa ocupaci\u00f3n, [es decir Israel] sea condenado\u00bb. <a href=\"#_edn3\" name=\"_ednref3\">[3]<\/a><\/p>\n<p><strong>En nuestras circunstancias, debemos hacer hincapi\u00e9 en el Jihad como autodefensa<\/strong><\/p>\n<p>&#8216;Abdallah Al-Naggar escribi\u00f3 en su columna: \u00abEventos [hist\u00f3ricos] que tuvieron lugar durante el Ramad\u00e1n requieren que los predicadores hablen de batallas y del Jihad, en particular los d\u00edas 10, 17 y [20 de cada mes]. El d\u00eda 10 fue el conflicto exitoso en los tiempos modernos entre los \u00e1rabes e Israel [es decir, la Guerra de 1973], que termin\u00f3 en una victoria que le devolvi\u00f3 a los \u00e1rabes el respeto&#8230; Debido a que este evento se produjo el 10 de Ramad\u00e1n, los programas de [televisi\u00f3n] se llenaron de opiniones y la p\u00e1ginas de los [peri\u00f3dicos] se llenaron de escritos sobre este hecho, [con los oradores y escritores] vinculando este acontecimiento a los preceptos de la religi\u00f3n isl\u00e1mica sobre el Jihad y la defensa de la tierra y la patria.<\/p>\n<p>\u00abAsimismo, el 17 de Ramad\u00e1n se produjo la Batalla de Badr, <a href=\"#_edn4\" name=\"_ednref4\">[4]<\/a> y el 20 fue la conquista de la Meca por [Mahoma]. Por esta raz\u00f3n, el mes de Ramad\u00e1n es un terreno f\u00e9rtil para las conversaciones sobre [el concepto del Jihad] y la defensa en el Islam.<\/p>\n<p>\u00abDurante d\u00e9cadas, e incluso siglos&#8230; aquellos que hablaron de este asunto [es decir, el Jihad] no lo manipularon [adecuadamente]. Estos se centraron en el aspecto de la fuerza &#8211; que era una de las caracter\u00edsticas de los musulmanes en esa \u00e9poca [primera] &#8211; y sobre lo que sucedi\u00f3 junto con el uso de la fuerza &#8211; es decir, matar a los enemigos, triunfar sobre ellos y decapitar a los que obstinadamente se opusieron a la predica del Islam en su estado primitivo, o que incitaron en su contra.<\/p>\n<p>\u00abHoy d\u00eda, las circunstancias de los musulmanes son diferentes y las platicas que hablan de este aspecto [del Jihad] requieren un enfoque inteligente, que haga hincapi\u00e9 en el aspecto de la auto-defensa, en lugar de la agresi\u00f3n y el ataque. Al\u00e1 no les orden\u00f3 a los musulmanes atacar; exigi\u00f3 que lucharan contra los que los combaten a ellos. Tal como dice el Cor\u00e1n: &#8216;Luchen por la causa de Al\u00e1 contra quienes combatan contra ustedes, pero no transgredan los l\u00edmites, porque Al\u00e1 no ama a los transgresores&#8217;, y &#8216;si te atacan, dales muerte [Cor\u00e1n 2:190-191]&#8217;.<\/p>\n<p>\u00abAlgunos de estos altavoces est\u00e1n todav\u00eda cautivos al pasado isl\u00e1mico primitivo. Mencionando este pasado tal vez es \u00fatil para levantar la moral, pero despierta la enemistad de la gente que piensa mal de nosotros y que les gustar\u00eda vernos desaparecer en la tierra, con toda la memoria de nosotros perdida, cada vez que les recordamos lo que les hicimos en el pasado.<\/p>\n<p>\u00abNo hay nada en el mundo que podamos utilizar para repeler [la fuerza de estas personas] y nuestros corazones no tienen una fe que nos haga capaces de triunfar sobre ellos. Por esta raz\u00f3n, hay una necesidad de sabidur\u00eda en nuestros debates apasionados de guerra y batallas\u00bb. <a href=\"#_edn5\" name=\"_ednref5\">[5]<\/a><\/p>\n<\/p>\n<hr class=\"c1\" size=\"1\" width=\"33%\" \/>\n<p><a href=\"#_ednref1\" name=\"_edn1\">[1]<\/a> V\u00e9ase MEMRI Investigaci\u00f3n y An\u00e1lisis No. 636 \u00abLlamadas en el mundo musulm\u00e1n a intensificar el Jihad durante Ramad\u00e1n\u00bb, 13 de septiembre del 2010, <a href=\"http:\/\/www2.memri.org\/bin\/espanol\/articulos.cgi?Page=archives&amp;Area=ia&amp;ID=IA63610\">http:\/\/www2.memri.org\/bin\/espanol\/articulos.cgi?Page=archives&amp;Area=ia&amp;ID=IA63610<\/a>.<\/p>\n<p><a href=\"#_ednref2\" name=\"_edn2\">[2]<\/a> Al parecer una referencia a un reciente art\u00edculo del Jeque saud\u00ed &#8216;Abd Al-Rahman bin Nasser Al-Barrak, antiguo profesor de la Universidad Isl\u00e1mica Imam Muhammad bin Saud en Riad. El art\u00edculo fue publicado en el portal del Jeque (albrrak.net). V\u00e9ase MEMRI Investigaci\u00f3n y An\u00e1lisis No. 636 \u00abLlamadas en el mundo musulm\u00e1n a intensificar el Jihad durante Ramad\u00e1n\u00bb, 13 de septiembre, 2010, <a href=\"http:\/\/www2.memri.org\/bin\/espanol\/articulos.cgi?Page=archives&amp;Area=ia&amp;ID=IA63610\">http:\/\/www2.memri.org\/bin\/espanol\/articulos.cgi?Page=archives&amp;Area=ia&amp;ID=IA63610<\/a>.<\/p>\n<p><a href=\"#_ednref3\" name=\"_edn3\">[3]<\/a> <em>Al-Watan<\/em> (Arabia Saudita), 19 de agosto, 2010.<\/p>\n<p><a href=\"#_ednref4\" name=\"_edn4\">[4]<\/a> La Batalla de Badr se llev\u00f3 a cabo en el a\u00f1o 624, cuando Mahoma tuvo su primer triunfo sobre la tribu Quraish, que habitaban en la Meca. En la tradici\u00f3n isl\u00e1mica, esta batalla simboliza el hero\u00edsmo y la victoria.<\/p>\n<p><a href=\"#_ednref5\" name=\"_edn5\">[5]<\/a> <em>Al-Gomhouriyya<\/em> (Egipto), 25 de agosto, 2010.<\/p>\n<\/div>\n","protected":false},"excerpt":{"rendered":"<p>Uno de los temas dominantes durante el Ramad\u00e1n en el mundo \u00e1rabe es la discusi\u00f3n en los medios de comunicaci\u00f3n y en los c\u00edrculos religiosos, del mandamiento del Jihad y la obligaci\u00f3n en este de emprender la guerra contra los infieles. [1] Dos art\u00edculos en la prensa saudita y egipcia respectivamente, se pronunciaron en contra [&hellip;]<\/p>\n","protected":false},"author":1,"featured_media":0,"comment_status":"open","ping_status":"open","sticky":false,"template":"","format":"standard","meta":{"footnotes":""},"categories":[10,6],"tags":[],"class_list":["post-3990","post","type-post","status-publish","format-standard","hentry","category-estudios-sobre-terrorismo-y-yihad","category-comunicados-especiales"],"_links":{"self":[{"href":"https:\/\/www2.memri.org\/espanol\/wp-json\/wp\/v2\/posts\/3990","targetHints":{"allow":["GET"]}}],"collection":[{"href":"https:\/\/www2.memri.org\/espanol\/wp-json\/wp\/v2\/posts"}],"about":[{"href":"https:\/\/www2.memri.org\/espanol\/wp-json\/wp\/v2\/types\/post"}],"author":[{"embeddable":true,"href":"https:\/\/www2.memri.org\/espanol\/wp-json\/wp\/v2\/users\/1"}],"replies":[{"embeddable":true,"href":"https:\/\/www2.memri.org\/espanol\/wp-json\/wp\/v2\/comments?post=3990"}],"version-history":[{"count":0,"href":"https:\/\/www2.memri.org\/espanol\/wp-json\/wp\/v2\/posts\/3990\/revisions"}],"wp:attachment":[{"href":"https:\/\/www2.memri.org\/espanol\/wp-json\/wp\/v2\/media?parent=3990"}],"wp:term":[{"taxonomy":"category","embeddable":true,"href":"https:\/\/www2.memri.org\/espanol\/wp-json\/wp\/v2\/categories?post=3990"},{"taxonomy":"post_tag","embeddable":true,"href":"https:\/\/www2.memri.org\/espanol\/wp-json\/wp\/v2\/tags?post=3990"}],"curies":[{"name":"wp","href":"https:\/\/api.w.org\/{rel}","templated":true}]}}