{"id":3956,"date":"2010-09-08T00:00:00","date_gmt":"2010-09-08T00:00:00","guid":{"rendered":"http:\/\/www2.memri.org\/espanol\/2010\/09\/08\/ministro-de-dotaciones-religiosas-de-la-autoridad-palestina-mahmoud-habbash-acusa-a-iran-de-ser-responsable-por-los-ataques-terroristas-de-hamas-e-insinua-que-el-lider-de-hamas-mashal-es-culpable-de\/"},"modified":"2016-01-13T22:12:24","modified_gmt":"2016-01-13T22:12:24","slug":"ministro-de-dotaciones-religiosas-de-la-autoridad-palestina-mahmoud-habbash-acusa-a-iran-de-ser-responsable-por-los-ataques-terroristas-de-hamas-e-insinua-que-el-lider-de-hamas-mashal-es-culpable-de","status":"publish","type":"post","link":"https:\/\/www2.memri.org\/espanol\/ministro-de-dotaciones-religiosas-de-la-autoridad-palestina-mahmoud-habbash-acusa-a-iran-de-ser-responsable-por-los-ataques-terroristas-de-hamas-e-insinua-que-el-lider-de-hamas-mashal-es-culpable-de\/3956","title":{"rendered":"Ministro de Dotaciones Religiosas de la Autoridad Palestina Mahmoud Habbash acusa a Ir\u00e1n de ser responsable por los ataques terroristas de Hamas, e insin\u00faa que el l\u00edder de Hamas Mash&#8217;al es culpable de herej\u00eda"},"content":{"rendered":"<div class=\"bodytext c1\">\n<p><em>Lo siguiente son extractos de un discurso p\u00fablico emitido por el Ministro de Dotaciones Religiosas Mahmud Habbash, el cual fue emitido en el canal de televisi\u00f3n de<\/em> <em>la Autoridad Palestina<\/em> <em>el 3 de septiembre, 2010. Para ver este segmento de video en MEMRI TV, visite <a href=\"http:\/\/www.memritv.org\/clip\/en\/0\/0\/0\/0\/0\/0\/2604.htm\">http:\/\/www.memritv.org\/clip\/en\/0\/0\/0\/0\/0\/0\/2604.htm<\/a>.<\/em><\/p>\n<p><img loading=\"lazy\" decoding=\"async\" class=\"alignnone size-full wp-image-9262\" src=\"http:\/\/www2.memri.org\/espanol\/wp-content\/uploads\/2016\/01\/5014.jpg\" width=\"361\" height=\"250\" srcset=\"https:\/\/www2.memri.org\/espanol\/wp-content\/uploads\/2016\/01\/5014.jpg 361w, https:\/\/www2.memri.org\/espanol\/wp-content\/uploads\/2016\/01\/5014-300x208.jpg 300w, https:\/\/www2.memri.org\/espanol\/wp-content\/uploads\/2016\/01\/5014-100x70.jpg 100w, https:\/\/www2.memri.org\/espanol\/wp-content\/uploads\/2016\/01\/5014-218x150.jpg 218w\" sizes=\"auto, (max-width: 361px) 100vw, 361px\" \/><\/p>\n<p><strong>\u00abCuando el pueblo de<\/strong> <strong>la Ribera Occidental&#8230;<\/strong> <strong>emprenda una resistencia popular&#8230; nosotros no vimos a ning\u00fan [miembro de Hamas]\u00bb<\/strong><\/p>\n<p><strong>Mahmud Habbash<\/strong>: \u00ab\u00bfCu\u00e1l es el secreto detr\u00e1s de la sincronizaci\u00f3n de las operaciones armadas llevadas a cabo en la Ribera Occidental? Nos gustar\u00eda entender el secreto detr\u00e1s de este itinerario. El Jeque Ahmad Yassin fue asesinado, luego, el Jeque Abd Al-Aziz Al-Rantisi fue asesinado, entonces los l\u00edderes de [Hamas] en Gaza fueron asesinados y luego Gaza fue pulverizada en la reciente guerra &#8211; pero no escuchamos ni siquiera el zumbido de una sola bala. No vimos a ninguna de estas personas.<\/p>\n<p>&#8216;Cuando el pueblo de la Ribera Occidental este contra la pared y emprenda una resistencia popular con el fin de desafiar los asentamientos, al muro, la opresi\u00f3n y el saqueo de nuestras tierras, no vimos a ning\u00fan [miembro] de Hamas. \u00bfD\u00f3nde estaban?<\/p>\n<p>\u00abDe repente&#8230; al mismo momento en que el Presidente &#8216;Abu Mazen [Mahmoud Abbas] arrib\u00f3 a Washington y Netanyahu se encontr\u00f3 a si mismo con la espalda contra la pared y no tuvo m\u00e1s remedio que ajustarse a si mismo a la propuesta internacional, Netanyahu se salvo, de repente y los palestinos se encuentran a si mismos en problemas. Esta operaci\u00f3n salv\u00f3 al primer ministro israel\u00ed. Inmediatamente despu\u00e9s de esta, escuchamos que el presidente de los Estados Unidos no habla de otra cosa que la seguridad de Israel. Todos los dem\u00e1s temas fueron puestos de lado para dar paso a la seguridad de Israel\u00bb.<\/p>\n<p><strong>\u00abSer\u00eda diferente si la decisi\u00f3n pol\u00edtica hubiese venido de Palestina, desde Gaza, pero vino de Teher\u00e1n\u00bb<\/strong><\/p>\n<p>\u00ab\u00bfQui\u00e9n les dio motivo de esto? Aquellos que estaban detr\u00e1s&#8230; No estoy diciendo aquellos que lo llevaron a cabo&#8230; Fueron aquellos quienes planificaron, dieron luz verde y tomaron la decisi\u00f3n pol\u00edtica. Ser\u00eda diferente si la decisi\u00f3n pol\u00edtica hubiese partido desde Palestina, desde Gaza, pero esta vino desde Teher\u00e1n, donde uno encuentra la tumba de Abu Lu&#8217;lu&#8217; Al-Majusi, el asesino del [Califa] &#8216;Omar Ibn Al-Khattab. Este lleg\u00f3 del lugar en que viven los que maldicen a los [califas] Abu Bakr y &#8216;Omar y aquellos que insultan el honor de &#8216;Aisha. Los [chi\u00edtas] dicen que el Cor\u00e1n en poder de los musulmanes de hoy es falsificado. Niegan el <em>Sunna<\/em> del Profeta Mahoma y acusan a sus compa\u00f1eros de herej\u00eda.<\/p>\n<p>\u00abLuego, hace dos d\u00edas, un l\u00edder de Hamas dijo: &#8216;Jomeini fue toda una naci\u00f3n encarnada en un solo hombre&#8217;. Este llam\u00f3 a Jomeini &#8216;un conquistador&#8217; y as\u00ed sucesivamente. Hermanos, Jomeini escribi\u00f3 en su libro, <em>El Gobierno Isl\u00e1mico<\/em>, que el estatus de los imams chi\u00edtas no es alcanzado ni siquiera por los \u00e1ngeles o los profetas. Puede eso todav\u00eda ser llamado Islam? \u00bfPuede este seguir siendo contemplado como una naci\u00f3n encarnada en un hombre?<\/p>\n<p>\u00abKhaled Mash&#8217;al dijo que Hamas es el hijo leg\u00edtimo del Imam Jomeini. Si el Imam Jomeini &#8211; o solo Jomeini sin el &#8216;im\u00e1n&#8217; &#8211; dijera que el estatus de sus imams fue mayor que el de los \u00e1ngeles o los profetas &#8211; es decir, que sus imams son mejores que el Profeta Mahoma y mejores que los \u00e1ngeles y todos los profetas &#8211; que veredicto se le concede en el Islam? \u00bfQu\u00e9 veredicto es otorgado por alguien que se considera a si mismo un hijo espiritual de quien profiere tal herej\u00eda?<\/p>\n<p>\u00abAdem\u00e1s, Jomeini, pueda Al\u00e1 maldecirlo, dijo que sus imams tienen una autoridad generadora, a la que todas las part\u00edculas del universo est\u00e1n sujetas. En otras palabras, son capaces de decir &#8216;deja que suceda&#8230;&lsquo; y sucede. \u00bfQui\u00e9n tiene tanto poder? Al\u00e1. Este se puede encontrar en <em>El Gobierno Isl\u00e1mico<\/em> de Jomeini\u00bb. [&#8230;]<\/p>\n<\/div>\n","protected":false},"excerpt":{"rendered":"<p>Lo siguiente son extractos de un discurso p\u00fablico emitido por el Ministro de Dotaciones Religiosas Mahmud Habbash, el cual fue emitido en el canal de televisi\u00f3n de la Autoridad Palestina el 3 de septiembre, 2010. Para ver este segmento de video en MEMRI TV, visite http:\/\/www.memritv.org\/clip\/en\/0\/0\/0\/0\/0\/0\/2604.htm. \u00abCuando el pueblo de la Ribera Occidental&#8230; emprenda una [&hellip;]<\/p>\n","protected":false},"author":1,"featured_media":9262,"comment_status":"open","ping_status":"open","sticky":false,"template":"","format":"standard","meta":{"footnotes":""},"categories":[6,20,14,23],"tags":[],"class_list":["post-3956","post","type-post","status-publish","format-standard","has-post-thumbnail","hentry","category-comunicados-especiales","category-iran","category-relaciones-inter-arabes","category-autoridad-palestina"],"_links":{"self":[{"href":"https:\/\/www2.memri.org\/espanol\/wp-json\/wp\/v2\/posts\/3956","targetHints":{"allow":["GET"]}}],"collection":[{"href":"https:\/\/www2.memri.org\/espanol\/wp-json\/wp\/v2\/posts"}],"about":[{"href":"https:\/\/www2.memri.org\/espanol\/wp-json\/wp\/v2\/types\/post"}],"author":[{"embeddable":true,"href":"https:\/\/www2.memri.org\/espanol\/wp-json\/wp\/v2\/users\/1"}],"replies":[{"embeddable":true,"href":"https:\/\/www2.memri.org\/espanol\/wp-json\/wp\/v2\/comments?post=3956"}],"version-history":[{"count":0,"href":"https:\/\/www2.memri.org\/espanol\/wp-json\/wp\/v2\/posts\/3956\/revisions"}],"wp:featuredmedia":[{"embeddable":true,"href":"https:\/\/www2.memri.org\/espanol\/wp-json\/wp\/v2\/media\/9262"}],"wp:attachment":[{"href":"https:\/\/www2.memri.org\/espanol\/wp-json\/wp\/v2\/media?parent=3956"}],"wp:term":[{"taxonomy":"category","embeddable":true,"href":"https:\/\/www2.memri.org\/espanol\/wp-json\/wp\/v2\/categories?post=3956"},{"taxonomy":"post_tag","embeddable":true,"href":"https:\/\/www2.memri.org\/espanol\/wp-json\/wp\/v2\/tags?post=3956"}],"curies":[{"name":"wp","href":"https:\/\/api.w.org\/{rel}","templated":true}]}}