{"id":39019,"date":"2017-11-03T19:50:25","date_gmt":"2017-11-03T23:50:25","guid":{"rendered":"http:\/\/www2.memri.org\/espanol\/?p=39019"},"modified":"2017-11-07T15:06:51","modified_gmt":"2017-11-07T19:06:51","slug":"jefe-del-departamento-de-justicia-del-sharia-en-la-autoridad-palestina-y-asesor-del-presidente-palestino-abbas-habla-en-el-dia-de-solidaridad-indo-arabe-en-hyderabad-india-donde-se-anuncia-en","status":"publish","type":"post","link":"https:\/\/www2.memri.org\/espanol\/jefe-del-departamento-de-justicia-del-sharia-en-la-autoridad-palestina-y-asesor-del-presidente-palestino-abbas-habla-en-el-dia-de-solidaridad-indo-arabe-en-hyderabad-india-donde-se-anuncia-en\/39019","title":{"rendered":"Jefe del departamento de justicia del sharia en la Autoridad Palestina y asesor del Presidente palestino &#8216;Abbas, habla en el &#8216;D\u00eda de Solidaridad Indo-\u00c1rabe&#8217; en Hyderabad, India, donde se anuncia en la ciudad la construcci\u00f3n del Centro &#8216;en memoria de los m\u00e1rtires palestinos&#8217;; otros dignatarios en la conferencia dijeron: El Estado Isl\u00e1mico fue creado por Occidente; &#8216;Uno puede entender el por qu\u00e9 Hitler masacr\u00f3 a los jud\u00edos&#8217;"},"content":{"rendered":"<p><img loading=\"lazy\" decoding=\"async\" class=\"alignnone size-full wp-image-39040\" src=\"https:\/\/www2.memri.org\/espanol\/wp-content\/uploads\/2017\/11\/SD7162_0-2-1.jpg\" width=\"600\" height=\"331\" alt=\"\" srcset=\"https:\/\/www2.memri.org\/espanol\/wp-content\/uploads\/2017\/11\/SD7162_0-2-1.jpg 600w, https:\/\/www2.memri.org\/espanol\/wp-content\/uploads\/2017\/11\/SD7162_0-2-1-300x166.jpg 300w\" sizes=\"auto, (max-width: 600px) 100vw, 600px\" \/><\/p>\n<p><em>Captura de pantalla de las noticias que aparecieron en el diario Roznama Urdu Times.<\/em><\/p>\n<p>El 29 de octubre, 2017 una conferencia de un d\u00eda de duraci\u00f3n llamada D\u00eda de Solidaridad Indo-\u00c1rabe fue organizada en la ciudad de Hyderabad, al sur de India, por la Liga Indo-\u00c1rabe, una organizaci\u00f3n no gubernamental, para expresar su solidaridad con los palestinos. Anteriormente, hablando con los periodistas el 25 de octubre, el Presidente de la Liga Indo-\u00c1rabe, Syed Vicaruddin le ofreci\u00f3 tierras sin costo alguno a Palestina para que establezcan su consulado en Hyderabad.<a href=\"#_edn1\" name=\"_ednref1\">[1]<\/a> Un Centro Cultural Indo-\u00c1rabe en el \u00e1rea de Banjara Hills en Hyderabad ya comenz\u00f3 a ser construido; su primera piedra fue colocada por el l\u00edder palestino Yasser Arafat en 1997.<\/p>\n<p>Vicaruddin, quien recibi\u00f3 el premio Estrella de Jerusal\u00e9n de Palestina, su m\u00e1ximo galard\u00f3n civil, en el 2015 y es el editor en jefe del diario urdu Rahnuma-e-Deccan, anunci\u00f3 que el Centro Cultural Indo-\u00c1rabe (tambi\u00e9n conocido como el Centro Arafat) tendr\u00e1 un sal\u00f3n dedicado a la \u00abmemoria de los m\u00e1rtires palestinos\u00bb.<a href=\"#_edn2\" name=\"_ednref2\">[2]<\/a> En julio de este a\u00f1o, Vicaruddin recibi\u00f3 una medalla de oro de parte del gobierno palestino.<a href=\"#_edn3\" name=\"_ednref3\">[3]<\/a> Vicaruddin dijo que el consulado palestino ayudar\u00e1 a fortalecer las \u00abrelaciones entre India y Palestina y facilitar\u00e1 a los musulmanes que quieran visitar la Mezquita Al-Aqsa en Jerusal\u00e9n\u00bb.<a href=\"#_edn4\" name=\"_ednref4\">[4]<\/a><\/p>\n<p>A la conferencia asistieron delegados de Irak, Siria, Arabia Saudita, Egipto, Palestina y Yemen, entre otros. Uno de los oradores principales en la ocasi\u00f3n fue Mahmoud Al-Habbash, jefe de la Autoridad Palestina encargado de los asuntos de justicia y religiosos del Presidente de la Autoridad Palestina &#8216;Abbas. Mohammad Mahmood Ali, vice-primer ministro del estado hind\u00fa de Telangana, del cual Hyderabad es su capital, fue el invitado principal. Otros incluyeron al Embajador palestino Adnan Abu Alhaija, el Embajador jordano Hassan Mahmoud Mohammad Al-Jawarneh, el Embajador sudan\u00e9s Farah Hassan Al-Issa, el Embajador sirio Riad Kamil Abbas y el Embajador liban\u00e9s Ghassan Abdelkhalek<\/p>\n<p>Seg\u00fan un informe del diario en urdu Roznama Urdu Times, Al-Habbash dijo: \u00abTodos los palestinos continuar\u00e1n la lucha hasta la total liberaci\u00f3n de Palestina. Aquellos que iniciaron el movimiento por la libertad de Palestina juraron, mientras dejaban este mundo, junto a la pr\u00f3xima generaci\u00f3n que continuar\u00e1 esta lucha hasta que la tierra de la primera <em>qibla<\/em> [direcci\u00f3n de los rezos, es decir, Palestina] sea purificada de la existencia pecaminosa de los jud\u00edos. Yasser Arafat, Amin Al-Hussein y muchos m\u00e1rtires como ellos lucharon por la libertad de Palestina hasta el \u00faltimo aliento de sus vidas\u00bb.<a href=\"#_edn5\" name=\"_ednref5\">[5]<\/a><\/p>\n<p>Este continu\u00f3: \u00abGran Breta\u00f1a es responsable por la supremac\u00eda en la ocupaci\u00f3n israel\u00ed a las tierras palestinas, porque el 2 de noviembre, 1917 anunci\u00f3 el establecimiento de un nuevo Estado de Israel para los jud\u00edos en la Declaraci\u00f3n Balfour&#8230; Este a\u00f1o, el 2 de noviembre, 2017 el gobierno brit\u00e1nico celebra los 100 a\u00f1os de la Declaraci\u00f3n Balfour. El mundo y la humanidad deber\u00eda condenar esto\u00bb.<a href=\"#_edn6\" name=\"_ednref6\">[6]<\/a><\/p>\n<p>Tambi\u00e9n dijo: \u00abHubo una \u00e9poca en la que no se le dio importancia a la lucha palestina por la libertad. Al contrario, los muyahidines de Palestina fueron encarcelados por desplegar la bandera palestina y&#8230; [yo] tambi\u00e9n sufr\u00ed dificultades en prisi\u00f3n. Con la bendici\u00f3n y bondad de Al\u00e1, hoy la bandera palestina es desplegada en 150 pa\u00edses del mundo. La ONU le ha otorgado estatus total. Los palestinos han obtenido sus derechos en muchas instituciones internacionales. Israel est\u00e1 asombrado por el movimiento Intifada de j\u00f3venes palestinos. Este no puede soportar las piedras arrojadas por los j\u00f3venes palestinos. Al\u00e1 ayudar\u00e1 a los palestinos, les conceder\u00e1 justicia&#8230;\u00bb<a href=\"#_edn7\" name=\"_ednref7\">[7]<\/a><\/p>\n<p>El embajador sirio Riad Kamil Abbas tambi\u00e9n se dirigi\u00f3 a la conferencia y dijo: \u00abLa formaci\u00f3n del frente contra Siria es, en realidad, la formaci\u00f3n de un frente contra Palestina. Siria considera el problema palestino como el suyo y el del mundo \u00e1rabe. Aquellos que han conspirado contra los palestinos son los mismos que act\u00faan contra Siria. Siria ha sido parte de la lucha del pueblo palestino y seguir\u00e1 si\u00e9ndolo. Este considera que las atrocidades perpetradas contra los palestinos son un crimen de lesa humanidad, genocidio y [una] violaci\u00f3n de las normas y leyes internacionales&#8230; \u00abEste agreg\u00f3 que el Estado Isl\u00e1mico fue una creaci\u00f3n de Occidente.<a href=\"#_edn8\" name=\"_ednref8\">[8]<\/a><\/p>\n<p>El embajador iraqu\u00ed Fakhri Hassan Al-Issa dijo en la conferencia: \u00abIrak siempre ha sido partidario de la causa palestina y ha apoyado los esfuerzos internacionales para que la cruel ocupaci\u00f3n de Israel no tenga \u00e9xito\u00bb.<a href=\"#_edn9\" name=\"_ednref9\">[9]<\/a> El embajador liban\u00e9s Ghassan Abdelkhalek dijo que \u00abno considera el tema de Palestina un asunto religioso o pol\u00edtico, sino una conspiraci\u00f3n para debilitar al mundo \u00e1rabe\u00bb.<a href=\"#_edn10\" name=\"_ednref10\">[10]<\/a><\/p>\n<p>El viceministro en jefe Mohammad Mahmood Ali, del estado hind\u00fa de Telangana, dijo en la conferencia: \u00abDada la ocupaci\u00f3n israel\u00ed en Palestina y las atrocidades de los jud\u00edos contra los palestinos, uno puede entender el por qu\u00e9 el k\u00e1iser de Alemania Hitler llev\u00f3 a cabo la masacre de jud\u00edos. dondequiera que los jud\u00edos viv\u00edan, crearon conflictos&#8230;\u00bb<a href=\"#_edn11\" name=\"_ednref11\">[11]<\/a><\/p>\n<p><a href=\"#_ednref1\" name=\"_edn1\">[1]<\/a> Business-Standard.com (India), 25 de octubre, 2017.<\/p>\n<p><a href=\"#_ednref2\" name=\"_edn2\">[2]<\/a> Business-Standard.com (India), 25 de octubre, 2017.<\/p>\n<p><a href=\"#_ednref3\" name=\"_edn3\">[3]<\/a> TheHansIndia.com (India), 5 de julio, 2017.<\/p>\n<p><a href=\"#_ednref4\" name=\"_edn4\">[4]<\/a> Business-Standard.com (India), 25 de octubre, 2017.<\/p>\n<p><a href=\"#_ednref5\" name=\"_edn5\">[5]<\/a> Business-Standard.com (India), 25 de octubre, 2017.<\/p>\n<p><a href=\"#_ednref6\" name=\"_edn6\">[6]<\/a> <em>Roznama Urdu Times<\/em> (India), 30 de octubre, 2017.<\/p>\n<p><a href=\"#_ednref7\" name=\"_edn7\">[7]<\/a> <em>Roznama Urdu Times<\/em> (India), 30 de octubre, 2017.<\/p>\n<p><a href=\"#_ednref8\" name=\"_edn8\">[8]<\/a> <em>Roznama Urdu Times<\/em> (India), 30 de octubre, 2017.<\/p>\n<p><a href=\"#_ednref9\" name=\"_edn9\">[9]<\/a> <em>Roznama Urdu Times<\/em> (India), 30 de octubre, 2017.<\/p>\n<p><a href=\"#_ednref10\" name=\"_edn10\">[10]<\/a> <em>Roznama Urdu Times<\/em> (India), 30 de octubre, 2017.<\/p>\n<p><a href=\"#_ednref11\" name=\"_edn11\">[11]<\/a> <em>Roznama Urdu Times<\/em> (India), 30 de octubre, 2017.<\/p>\n","protected":false},"excerpt":{"rendered":"<p>Captura de pantalla de las noticias que aparecieron en el diario Roznama Urdu Times. El 29 de octubre, 2017 una conferencia de un d\u00eda de duraci\u00f3n llamada D\u00eda de Solidaridad Indo-\u00c1rabe fue organizada en la ciudad de Hyderabad, al sur de India, por la Liga Indo-\u00c1rabe, una organizaci\u00f3n no gubernamental, para expresar su solidaridad con [&hellip;]<\/p>\n","protected":false},"author":1,"featured_media":39026,"comment_status":"open","ping_status":"open","sticky":false,"template":"","format":"standard","meta":{"footnotes":""},"categories":[4,6,9,18,2,23,16],"tags":[],"class_list":["post-39019","post","type-post","status-publish","format-standard","has-post-thumbnail","hentry","category-archivos","category-comunicados-especiales","category-temas","category-paises","category-featured","category-autoridad-palestina","category-proyecto-documental-sobre-antisemitismo"],"_links":{"self":[{"href":"https:\/\/www2.memri.org\/espanol\/wp-json\/wp\/v2\/posts\/39019","targetHints":{"allow":["GET"]}}],"collection":[{"href":"https:\/\/www2.memri.org\/espanol\/wp-json\/wp\/v2\/posts"}],"about":[{"href":"https:\/\/www2.memri.org\/espanol\/wp-json\/wp\/v2\/types\/post"}],"author":[{"embeddable":true,"href":"https:\/\/www2.memri.org\/espanol\/wp-json\/wp\/v2\/users\/1"}],"replies":[{"embeddable":true,"href":"https:\/\/www2.memri.org\/espanol\/wp-json\/wp\/v2\/comments?post=39019"}],"version-history":[{"count":0,"href":"https:\/\/www2.memri.org\/espanol\/wp-json\/wp\/v2\/posts\/39019\/revisions"}],"wp:featuredmedia":[{"embeddable":true,"href":"https:\/\/www2.memri.org\/espanol\/wp-json\/wp\/v2\/media\/39026"}],"wp:attachment":[{"href":"https:\/\/www2.memri.org\/espanol\/wp-json\/wp\/v2\/media?parent=39019"}],"wp:term":[{"taxonomy":"category","embeddable":true,"href":"https:\/\/www2.memri.org\/espanol\/wp-json\/wp\/v2\/categories?post=39019"},{"taxonomy":"post_tag","embeddable":true,"href":"https:\/\/www2.memri.org\/espanol\/wp-json\/wp\/v2\/tags?post=39019"}],"curies":[{"name":"wp","href":"https:\/\/api.w.org\/{rel}","templated":true}]}}