{"id":38781,"date":"2017-10-28T16:57:19","date_gmt":"2017-10-28T20:57:19","guid":{"rendered":"http:\/\/www2.memri.org\/espanol\/?p=38781"},"modified":"2017-11-07T15:12:26","modified_gmt":"2017-11-07T19:12:26","slug":"proyecto-supervision-a-la-amenaza-terrorista-y-yihad-psaty-resumen-del-fin-de-semana-57","status":"publish","type":"post","link":"https:\/\/www2.memri.org\/espanol\/proyecto-supervision-a-la-amenaza-terrorista-y-yihad-psaty-resumen-del-fin-de-semana-57\/38781","title":{"rendered":"Proyecto Supervisi\u00f3n a la Amenaza Terrorista y Yihad (PSATY) &#8211; Resumen del fin de semana"},"content":{"rendered":"<p><em>Lo siguiente son algunos de los informes de esta semana del Proyecto Supervisi\u00f3n a la Amenaza del Terrorismo y Yihad en MEMRI (PSATY), que traduce y analiza el contenido de fuentes supervisadas durante las 24 horas del d\u00eda, entre ellos los portales y blogs yihadistas m\u00e1s importantes. (Para ver estos informes en su totalidad, usted debe ser miembro del PSATY; para informaci\u00f3n sobre como subscribirse, env\u00ede un correo electr\u00f3nico a<a href=\"mailto:jttmsubs@memri.org\"> jttmsubs@memri.org <\/a>con la &#8216;palabra \u00abMembrec\u00eda\u00bb en la l\u00ednea del tema.) <\/em><\/p>\n<p><strong><em>Nota a los medios de comunicaci\u00f3n y el gobierno: Para recibir una copia completa de estos informes, env\u00ede un correo electr\u00f3nico con el t\u00edtulo del informe en la l\u00ednea del tema a <a href=\"mailto:media@memri.org\">media@memri.org<\/a>. Por favor incluya su nombre, cargo, y la organizaci\u00f3n a la cual pertenece en su correo electr\u00f3nico.<\/em><\/strong><\/p>\n<p><a href=\"https:\/\/www.memri.org\/jttm\/african-jihadi-group-sympathetic-islamic-state-threatens-congolese-ugandan-forces-shares-its\"><strong>EXCLUSIVO: Grupo yihadista africano simpatizante del Estado Isl\u00e1mico amenaza a las fuerzas congolesas y de Uganda y comparte sus producciones en Facebook y Telegram<\/strong><\/a><\/p>\n<p><img loading=\"lazy\" decoding=\"async\" class=\"alignnone size-full wp-image-39075\" src=\"https:\/\/www2.memri.org\/espanol\/wp-content\/uploads\/2017\/11\/pic-8_97-8-1.jpg\" width=\"397\" height=\"761\" alt=\"https:\/\/www.memri.org\/sites\/default\/files\/new_images\/pic%208_97.jpg\" srcset=\"https:\/\/www2.memri.org\/espanol\/wp-content\/uploads\/2017\/11\/pic-8_97-8-1.jpg 397w, https:\/\/www2.memri.org\/espanol\/wp-content\/uploads\/2017\/11\/pic-8_97-8-1-157x300.jpg 157w, https:\/\/www2.memri.org\/espanol\/wp-content\/uploads\/2017\/11\/pic-8_97-8-1-219x420.jpg 219w\" sizes=\"auto, (max-width: 397px) 100vw, 397px\" \/><\/p>\n<p>El 16 de octubre, un grupo yihadista africano dio a conocer un video pidiendo a individuos emigrar al Congo, posiblemente refiri\u00e9ndose a la Rep\u00fablica Democr\u00e1tica del Congo (RDC) y tambi\u00e9n destac\u00f3 a un militante de habla \u00e1rabe que proclam\u00f3 de que \u00abeste es el Estado Isl\u00e1mico en \u00c1frica Central\u00bb.<\/p>\n<p><a href=\"https:\/\/www.memri.org\/jttm\/its-telegram-channel-ansar-ghazwatul-hind-pays-tribute-ilyas-kashmiri-general-musharraf-praised\"><strong>EXCLUSIVO: En su canal en la plataforma Telegram, Ansar Ghazwatul Hind le rinde homenaje a Ilyas Kashmiri: &#8216;El [General] Musharraf elogi\u00f3 la gran demostraci\u00f3n de coraje de Ilyas Kashmiri y le otorg\u00f3 una recompensa en efectivo de [100,000] rupias&#8217;<\/strong><\/a><\/p>\n<p><img loading=\"lazy\" decoding=\"async\" class=\"alignnone size-full wp-image-39076\" src=\"https:\/\/www2.memri.org\/espanol\/wp-content\/uploads\/2017\/11\/jttmweekly102717-8-1.jpg\" width=\"600\" height=\"319\" alt=\"\" srcset=\"https:\/\/www2.memri.org\/espanol\/wp-content\/uploads\/2017\/11\/jttmweekly102717-8-1.jpg 600w, https:\/\/www2.memri.org\/espanol\/wp-content\/uploads\/2017\/11\/jttmweekly102717-8-1-300x160.jpg 300w\" sizes=\"auto, (max-width: 600px) 100vw, 600px\" \/><\/p>\n<p>\u00abLuego de la derrota de los rusos en Afganist\u00e1n, los muyahidines dirigieron la mirada hacia Cachemira con el deseo de martirio y liberaron a los musulmanes de Cachemira de las manos de los adoradores de vacas [es decir, los hind\u00faes]. Ilyas Kashmiri&#8230; fue un experto y bien entrenado comandante y tal vez esa fue la raz\u00f3n por la que el grupo de seguridad [paquistan\u00ed] no consider\u00f3 adecuado dejarle [ser] independiente y le pidi\u00f3&#8230; que ayudara a los habitantes de Cachemira\u00bb.<\/p>\n<p><a href=\"https:\/\/www.memri.org\/jttm\/jihadi-social-media-%E2%80%93-account-review-jsm-ar-houston-isis-supporter-repeatedly-extolls-virtues\"><strong>EXCLUSIVO: Revisi\u00f3n de cuenta en los medios de comunicaci\u00f3n sociales yihadistas (RC-MCSY): Partidario del EIIS en Houston exalta repetidamente las virtudes del yihad en Facebook<\/strong><\/a><\/p>\n<p><img loading=\"lazy\" decoding=\"async\" class=\"alignnone size-full wp-image-39077\" src=\"https:\/\/www2.memri.org\/espanol\/wp-content\/uploads\/2017\/11\/jttmweekly102717F_0-7-1.jpg\" width=\"455\" height=\"187\" alt=\"\" srcset=\"https:\/\/www2.memri.org\/espanol\/wp-content\/uploads\/2017\/11\/jttmweekly102717F_0-7-1.jpg 455w, https:\/\/www2.memri.org\/espanol\/wp-content\/uploads\/2017\/11\/jttmweekly102717F_0-7-1-300x123.jpg 300w\" sizes=\"auto, (max-width: 455px) 100vw, 455px\" \/><\/p>\n<p>La siguiente informaci\u00f3n tiene como base una descripci\u00f3n general de una cuenta en las redes sociales que muestra actividades y simpat\u00edas relacionadas al terrorismo<\/p>\n<p><strong>Plataforma<\/strong>: Facebook<\/p>\n<p><strong>Apoyo a grupos yihadistas<\/strong>: Este ha realizado varias declaraciones en apoyo al Estado Isl\u00e1mico (EIIS). Tambi\u00e9n es amigo en Facebook de individuos que simpatizan con el grupo.<\/p>\n<p><a href=\"https:\/\/www.memri.org\/jttm\/senior-aqap-commander-batarfi-accuses-crown-prince-secularizing-saudi-arabia-urges-muslims\"><strong>EXCLUSIVO: Antiguo comandante de AQPA Batarfi acusa al Pr\u00edncipe Heredero de secularizar a Arabia Saudita e insta a los musulmanes a rebelarse contra la Casa de Saud<\/strong><\/a><\/p>\n<p><img loading=\"lazy\" decoding=\"async\" class=\"alignnone size-full wp-image-39078\" src=\"https:\/\/www2.memri.org\/espanol\/wp-content\/uploads\/2017\/11\/jttmweekly1027172-6-1.jpg\" width=\"600\" height=\"189\" alt=\"\" srcset=\"https:\/\/www2.memri.org\/espanol\/wp-content\/uploads\/2017\/11\/jttmweekly1027172-6-1.jpg 600w, https:\/\/www2.memri.org\/espanol\/wp-content\/uploads\/2017\/11\/jttmweekly1027172-6-1-300x95.jpg 300w\" sizes=\"auto, (max-width: 600px) 100vw, 600px\" \/><\/p>\n<p>El 21 de octubre, 2017 Al-Malahem, el brazo medi\u00e1tico de Al-Qaeda en la Pen\u00ednsula Ar\u00e1biga (AQPA), dio a conocer una grabaci\u00f3n de audio en la que el comandante del grupo Khaled Batarfi conden\u00f3 al Pr\u00edncipe Heredero a la Corona saudita Mohammad bin Salman por encarcelar a decenas de destacados acad\u00e9micos y escritores y lo acus\u00f3 de estar secularizando al pa\u00eds.<\/p>\n<p><a href=\"https:\/\/www.memri.org\/jttm\/jaish-e-muhammad-emir-masood-azhar-marks-16th-year-us-led-war-afghanistan-it-was-said-war-will\"><strong>Jaish-e-Muhammad Emir Masood Azhar conmemora el 16avo a\u00f1o de la guerra liderada por Estados Unidos en Afganist\u00e1n: &#8216;Se dijo que la guerra terminar\u00e1 en dos semanas&#8217;; &#8216;existe honor en el yihad para los musulmanes&#8217;<\/strong><\/a><\/p>\n<p><img loading=\"lazy\" decoding=\"async\" class=\"alignnone size-full wp-image-39079\" src=\"https:\/\/www2.memri.org\/espanol\/wp-content\/uploads\/2017\/11\/jttmweekly1027173_0-5-1.jpg\" width=\"480\" height=\"266\" alt=\"\" srcset=\"https:\/\/www2.memri.org\/espanol\/wp-content\/uploads\/2017\/11\/jttmweekly1027173_0-5-1.jpg 480w, https:\/\/www2.memri.org\/espanol\/wp-content\/uploads\/2017\/11\/jttmweekly1027173_0-5-1-300x166.jpg 300w\" sizes=\"auto, (max-width: 480px) 100vw, 480px\" \/><\/p>\n<p>Maulana Masood Azhar, el emir de la organizaci\u00f3n yihadista Jaish-e-Muhammad (JeM), en Pakist\u00e1n, escribi\u00f3 una columna con el prop\u00f3sito de conmemorar el decimosexto a\u00f1o de la invasi\u00f3n estadounidense a Afganist\u00e1n, lanzada el 7 de octubre, 2001 en el semanario en urdu Haftroza Al-Qalam publicado por JeM.<\/p>\n<p><a href=\"https:\/\/www.memri.org\/jttm\/jihadi-scholars-attempt-settle-disputes-between-hayat-tahrir-al-sham-hts-and-al-qaeda-syria\"><strong>Estudiosos yihadistas intentan resolver disputas entre Hay&#8217;at Tahrir Al-Sham (HTS) y Al-Qaeda en Siria<\/strong><\/a><\/p>\n<p><img loading=\"lazy\" decoding=\"async\" class=\"alignnone size-full wp-image-39080\" src=\"https:\/\/www2.memri.org\/espanol\/wp-content\/uploads\/2017\/11\/jttmweekly1027175A-5-1.jpg\" width=\"500\" height=\"500\" alt=\"\" srcset=\"https:\/\/www2.memri.org\/espanol\/wp-content\/uploads\/2017\/11\/jttmweekly1027175A-5-1.jpg 500w, https:\/\/www2.memri.org\/espanol\/wp-content\/uploads\/2017\/11\/jttmweekly1027175A-5-1-150x150.jpg 150w, https:\/\/www2.memri.org\/espanol\/wp-content\/uploads\/2017\/11\/jttmweekly1027175A-5-1-300x300.jpg 300w, https:\/\/www2.memri.org\/espanol\/wp-content\/uploads\/2017\/11\/jttmweekly1027175A-5-1-420x420.jpg 420w, https:\/\/www2.memri.org\/espanol\/wp-content\/uploads\/2017\/11\/jttmweekly1027175A-5-1-32x32.jpg 32w, https:\/\/www2.memri.org\/espanol\/wp-content\/uploads\/2017\/11\/jttmweekly1027175A-5-1-50x50.jpg 50w, https:\/\/www2.memri.org\/espanol\/wp-content\/uploads\/2017\/11\/jttmweekly1027175A-5-1-64x64.jpg 64w, https:\/\/www2.memri.org\/espanol\/wp-content\/uploads\/2017\/11\/jttmweekly1027175A-5-1-96x96.jpg 96w, https:\/\/www2.memri.org\/espanol\/wp-content\/uploads\/2017\/11\/jttmweekly1027175A-5-1-128x128.jpg 128w\" sizes=\"auto, (max-width: 500px) 100vw, 500px\" \/><\/p>\n<p>El 25 de octubre, 2017 un grupo de estudiosos yihadistas dio a conocer una iniciativa con el fin de reconciliar a las facciones yihadistas en Siria. La acci\u00f3n se produjo luego de tensiones que se estaban gestando entre estos grupos desde que Hay&#8217;at Tahrir Al-Sham (HTS) &#8211; anteriormente Jabhat Fath Al-Sham y Jabhat Al-Nusra &#8211; anunciaran que cortaban relaciones con Al-Qaeda en julio, 2016.<\/p>\n<p><a href=\"https:\/\/www.memri.org\/jttm\/al-shabab-al-mujahideen-news-agency-reports-us-military-bases-africa\"><strong>La agencia de noticias Al-Shabab Al-Mujahideen informa sobre bases militares estadounidenses en \u00c1frica<\/strong><\/a><\/p>\n<p><img loading=\"lazy\" decoding=\"async\" class=\"alignnone size-full wp-image-39081\" src=\"https:\/\/www2.memri.org\/espanol\/wp-content\/uploads\/2017\/11\/jttmweekly102717G-5-1.jpg\" width=\"770\" height=\"573\" alt=\"\" srcset=\"https:\/\/www2.memri.org\/espanol\/wp-content\/uploads\/2017\/11\/jttmweekly102717G-5-1.jpg 770w, https:\/\/www2.memri.org\/espanol\/wp-content\/uploads\/2017\/11\/jttmweekly102717G-5-1-300x223.jpg 300w, https:\/\/www2.memri.org\/espanol\/wp-content\/uploads\/2017\/11\/jttmweekly102717G-5-1-768x572.jpg 768w, https:\/\/www2.memri.org\/espanol\/wp-content\/uploads\/2017\/11\/jttmweekly102717G-5-1-600x446.jpg 600w, https:\/\/www2.memri.org\/espanol\/wp-content\/uploads\/2017\/11\/jttmweekly102717G-5-1-80x60.jpg 80w, https:\/\/www2.memri.org\/espanol\/wp-content\/uploads\/2017\/11\/jttmweekly102717G-5-1-265x198.jpg 265w, https:\/\/www2.memri.org\/espanol\/wp-content\/uploads\/2017\/11\/jttmweekly102717G-5-1-696x518.jpg 696w, https:\/\/www2.memri.org\/espanol\/wp-content\/uploads\/2017\/11\/jttmweekly102717G-5-1-564x420.jpg 564w\" sizes=\"auto, (max-width: 770px) 100vw, 770px\" \/><\/p>\n<p>El 12 de octubre, 2017 la agencia de noticias Shahada, una secci\u00f3n medi\u00e1tica de Al-Shabab Al-Mujahideen, public\u00f3 en su portal un informe especial sobre \u00ablas bases militares estadounidenses abiertas y encubiertas en \u00c1frica\u00bb.<\/p>\n<p><a href=\"https:\/\/www.memri.org\/jttm\/al-shabab-al-mujahideen-news-agency-reports-foreign-military-bases-djibouti\"><strong>Agencia de noticias Al-Shabab Al-Mujahideen informa sobre bases militares extranjeras en Djibouti<\/strong><\/a><\/p>\n<p><img loading=\"lazy\" decoding=\"async\" class=\"alignnone size-full wp-image-39082\" src=\"https:\/\/www2.memri.org\/espanol\/wp-content\/uploads\/2017\/11\/jttmweekly1027176-5-1.jpg\" width=\"900\" height=\"601\" alt=\"\" srcset=\"https:\/\/www2.memri.org\/espanol\/wp-content\/uploads\/2017\/11\/jttmweekly1027176-5-1.jpg 900w, https:\/\/www2.memri.org\/espanol\/wp-content\/uploads\/2017\/11\/jttmweekly1027176-5-1-300x200.jpg 300w, https:\/\/www2.memri.org\/espanol\/wp-content\/uploads\/2017\/11\/jttmweekly1027176-5-1-768x513.jpg 768w, https:\/\/www2.memri.org\/espanol\/wp-content\/uploads\/2017\/11\/jttmweekly1027176-5-1-600x401.jpg 600w, https:\/\/www2.memri.org\/espanol\/wp-content\/uploads\/2017\/11\/jttmweekly1027176-5-1-696x465.jpg 696w, https:\/\/www2.memri.org\/espanol\/wp-content\/uploads\/2017\/11\/jttmweekly1027176-5-1-629x420.jpg 629w\" sizes=\"auto, (max-width: 900px) 100vw, 900px\" \/><\/p>\n<p>El 23 de octubre, 2017 la agencia de noticias Shahada, una secci\u00f3n de los medios de comunicaci\u00f3n Al-Shabab Al-Mujahideen, public\u00f3 un informe especial en su portal titulado \u00abDjibouti: el Pa\u00eds m\u00e1s Peque\u00f1o con el Mayor N\u00famero de Bases S\u00faper-poderosas en su Territorio\u00bb.<\/p>\n<p><a href=\"https:\/\/www.memri.org\/jttm\/gsim-claims-attack-malian-military-camp-guarding-french-companys-site-central-mali\"><strong>GAIM se responsabiliza por ataque al campamento militar de Mali que protege el lugar de una compa\u00f1\u00eda francesa en el centro de Mali<\/strong><\/a><\/p>\n<p><img loading=\"lazy\" decoding=\"async\" class=\"alignnone size-full wp-image-39083\" src=\"https:\/\/www2.memri.org\/espanol\/wp-content\/uploads\/2017\/11\/jttmweekly1027177-5-1.jpg\" width=\"604\" height=\"347\" alt=\"\" srcset=\"https:\/\/www2.memri.org\/espanol\/wp-content\/uploads\/2017\/11\/jttmweekly1027177-5-1.jpg 604w, https:\/\/www2.memri.org\/espanol\/wp-content\/uploads\/2017\/11\/jttmweekly1027177-5-1-300x172.jpg 300w, https:\/\/www2.memri.org\/espanol\/wp-content\/uploads\/2017\/11\/jttmweekly1027177-5-1-600x345.jpg 600w\" sizes=\"auto, (max-width: 604px) 100vw, 604px\" \/><\/p>\n<p>El 26 de octubre, 2017 la agencia de medios de comunicaci\u00f3n del grupo yihadista en Mal\u00ed Jama&#8217;at Nusrat Al-Islam Wal-Muslimin (\u00abEl Grupo para el Apoyo del Islam y los Musulmanes\u00bb, GAIM) Al-Zallaqa News public\u00f3 en su canal Telegram un comunicado en el que el grupo afirm\u00f3 allanar un campamento militar maliense en el centro de Mali que custodia una propiedad que pertenece a la compa\u00f1\u00eda francesa Sogea-Satom SA, la cual opera como una subsidiaria de Vinci Construction.<\/p>\n<p><a href=\"https:\/\/www.memri.org\/jttm\/pro-isis-outlet-al-wafa-releases-more-posters-threatening-terror-2018-world-cup-games\"><strong>Medio de comunicaci\u00f3n pro-EIIS &#8216;Al-Wafa&#8217; da a conocer m\u00e1s afiches amenazando con ataques terroristas en los juegos de la Copa Mundial del 2018<\/strong><\/a><\/p>\n<p><img loading=\"lazy\" decoding=\"async\" class=\"alignnone size-full wp-image-39085\" src=\"https:\/\/www2.memri.org\/espanol\/wp-content\/uploads\/2017\/11\/jttmweekly1027178-5-1.jpg\" width=\"542\" height=\"768\" alt=\"\" srcset=\"https:\/\/www2.memri.org\/espanol\/wp-content\/uploads\/2017\/11\/jttmweekly1027178-5-1.jpg 542w, https:\/\/www2.memri.org\/espanol\/wp-content\/uploads\/2017\/11\/jttmweekly1027178-5-1-212x300.jpg 212w, https:\/\/www2.memri.org\/espanol\/wp-content\/uploads\/2017\/11\/jttmweekly1027178-5-1-296x420.jpg 296w\" sizes=\"auto, (max-width: 542px) 100vw, 542px\" \/><\/p>\n<p>El 20 y 21 de octubre, 2017 el medio de comunicaci\u00f3n Al-Wafa, asociado al Estado Isl\u00e1mico (EIIS), dio a conocer otra serie de afiches en ruso, ingl\u00e9s y \u00e1rabe amenazando con ataques terroristas en Occidente y en los juegos de la Copa Mundial del 2018, que tendr\u00e1n lugar en Rusia el pr\u00f3ximo verano.<\/p>\n<p><a href=\"https:\/\/www.memri.org\/jttm\/pro-isis-outlet-continues-its-threat-campaign-against-2018-world-cup-threatens-soccer-star\"><strong>Medio de comunicaci\u00f3n pro-EIIS contin\u00faa su campa\u00f1a de amenazas contra la Copa Mundial 2018 amenazando tambi\u00e9n a la estrella de f\u00fatbol Lionel Messi<\/strong><\/a><\/p>\n<p><img loading=\"lazy\" decoding=\"async\" class=\"alignnone size-full wp-image-39086\" src=\"https:\/\/www2.memri.org\/espanol\/wp-content\/uploads\/2017\/11\/jttmweekly1027179-5-1.jpg\" width=\"504\" height=\"720\" alt=\"\" srcset=\"https:\/\/www2.memri.org\/espanol\/wp-content\/uploads\/2017\/11\/jttmweekly1027179-5-1.jpg 504w, https:\/\/www2.memri.org\/espanol\/wp-content\/uploads\/2017\/11\/jttmweekly1027179-5-1-210x300.jpg 210w, https:\/\/www2.memri.org\/espanol\/wp-content\/uploads\/2017\/11\/jttmweekly1027179-5-1-294x420.jpg 294w\" sizes=\"auto, (max-width: 504px) 100vw, 504px\" \/><\/p>\n<p>El 24 de octubre, 2017 la fundaci\u00f3n de medios de comunicaci\u00f3n pro-Estado Isl\u00e1mico (EIIS) Al-Wafa&#8217; public\u00f3 nuevos afiches en su canal Telegram amenazando a Rusia, que albergar\u00e1 la pr\u00f3xima Copa Mundial de la FIFA 2018 junto a la estrella del f\u00fatbol argentino Lionel Messi.<\/p>\n<p><a href=\"https:\/\/www.memri.org\/jttm\/al-naba-editorial-calls-isis-fighters-persevere-says-foolish-negro-obama-already-made-mistake\"><strong>Editoriales en &#8216;Al-Naba&#8217; llaman a combatientes del EIIS a perseverar y escriben &#8216;Negro tonto&#8217; Obama ya cometi\u00f3 el error de atacar al EIIS y le fueron propinados duros golpes<\/strong><\/a><\/p>\n<p><img loading=\"lazy\" decoding=\"async\" class=\"alignnone size-full wp-image-39087\" src=\"https:\/\/www2.memri.org\/espanol\/wp-content\/uploads\/2017\/11\/jttmweekly10271710-5-1.jpg\" width=\"420\" height=\"531\" alt=\"\" srcset=\"https:\/\/www2.memri.org\/espanol\/wp-content\/uploads\/2017\/11\/jttmweekly10271710-5-1.jpg 420w, https:\/\/www2.memri.org\/espanol\/wp-content\/uploads\/2017\/11\/jttmweekly10271710-5-1-237x300.jpg 237w, https:\/\/www2.memri.org\/espanol\/wp-content\/uploads\/2017\/11\/jttmweekly10271710-5-1-332x420.jpg 332w\" sizes=\"auto, (max-width: 420px) 100vw, 420px\" \/><\/p>\n<p>Un editorial en la edici\u00f3n del 19 de octubre, 2017 de Al-Naba, el bolet\u00edn semanal de noticias del Estado Isl\u00e1mico (EIIS), dice que las dificultades que enfrenta actualmente el EIIS son solo pruebas establecidas por Al\u00e1.<\/p>\n<p><a href=\"https:\/\/www.memri.org\/jttm\/isis-publishes-image-young-looking-russian-fighter-%E2%80%8Ekilled-iraq-%E2%80%8E\"><strong>El EIIS publica imagen de un joven combatiente ruso asesinado en Irak<\/strong><\/a><\/p>\n<p><img loading=\"lazy\" decoding=\"async\" class=\"alignnone size-full wp-image-39088\" src=\"https:\/\/www2.memri.org\/espanol\/wp-content\/uploads\/2017\/11\/jttmweekly10271711_0-6-1.jpg\" width=\"904\" height=\"513\" alt=\"\" srcset=\"https:\/\/www2.memri.org\/espanol\/wp-content\/uploads\/2017\/11\/jttmweekly10271711_0-6-1.jpg 904w, https:\/\/www2.memri.org\/espanol\/wp-content\/uploads\/2017\/11\/jttmweekly10271711_0-6-1-300x170.jpg 300w, https:\/\/www2.memri.org\/espanol\/wp-content\/uploads\/2017\/11\/jttmweekly10271711_0-6-1-768x436.jpg 768w, https:\/\/www2.memri.org\/espanol\/wp-content\/uploads\/2017\/11\/jttmweekly10271711_0-6-1-600x340.jpg 600w, https:\/\/www2.memri.org\/espanol\/wp-content\/uploads\/2017\/11\/jttmweekly10271711_0-6-1-696x395.jpg 696w, https:\/\/www2.memri.org\/espanol\/wp-content\/uploads\/2017\/11\/jttmweekly10271711_0-6-1-740x420.jpg 740w\" sizes=\"auto, (max-width: 904px) 100vw, 904px\" \/><\/p>\n<p>El 23 de octubre, 2017 la provincia Al-Furat del Estado Isl\u00e1mico (EIIS) public\u00f3 dos im\u00e1genes de combatientes que llevaron a cabo un ataque al estilo comando contra una posici\u00f3n \u00abap\u00f3stata\u00bb (es decir, el ej\u00e9rcito iraqu\u00ed) en Irak.<\/p>\n<p><a href=\"https:\/\/www.memri.org\/jttm\/video-isis-iraq-shows-teen-fighters-and-teen-suicide-bomber\"><strong>Video del EIIS en Irak muestra a combatientes adolescentes y a atacante suicida adolescente<\/strong><\/a><\/p>\n<p><img loading=\"lazy\" decoding=\"async\" class=\"alignnone size-full wp-image-39089\" src=\"https:\/\/www2.memri.org\/espanol\/wp-content\/uploads\/2017\/11\/jttmweekly10271712_0-5-1.jpg\" width=\"1200\" height=\"649\" alt=\"\" srcset=\"https:\/\/www2.memri.org\/espanol\/wp-content\/uploads\/2017\/11\/jttmweekly10271712_0-5-1.jpg 1200w, https:\/\/www2.memri.org\/espanol\/wp-content\/uploads\/2017\/11\/jttmweekly10271712_0-5-1-300x162.jpg 300w, https:\/\/www2.memri.org\/espanol\/wp-content\/uploads\/2017\/11\/jttmweekly10271712_0-5-1-768x415.jpg 768w, https:\/\/www2.memri.org\/espanol\/wp-content\/uploads\/2017\/11\/jttmweekly10271712_0-5-1-1024x554.jpg 1024w, https:\/\/www2.memri.org\/espanol\/wp-content\/uploads\/2017\/11\/jttmweekly10271712_0-5-1-600x325.jpg 600w, https:\/\/www2.memri.org\/espanol\/wp-content\/uploads\/2017\/11\/jttmweekly10271712_0-5-1-696x376.jpg 696w, https:\/\/www2.memri.org\/espanol\/wp-content\/uploads\/2017\/11\/jttmweekly10271712_0-5-1-1068x578.jpg 1068w, https:\/\/www2.memri.org\/espanol\/wp-content\/uploads\/2017\/11\/jttmweekly10271712_0-5-1-777x420.jpg 777w\" sizes=\"auto, (max-width: 1200px) 100vw, 1200px\" \/><\/p>\n<p>Un video titulado \u00abCaballeros del Frente\u00bb, publicado el 21 de octubre, 2017 por el Estado Isl\u00e1mico (EIIS) en la provincia de Al-Dijlah en Irak, documenta un ataque a las posiciones de las milicias chiitas en el \u00e1rea sur de Al-Shirqat.<\/p>\n<p><a href=\"https:\/\/www.memri.org\/jttm\/isis-supporters-share-videos-protesters-kashmir-chanting-isis-slogan\"><strong>Partidarios del EIIS comparten videos de manifestantes en Cachemira entonando consigna del EIIS<\/strong><\/a><\/p>\n<p><img loading=\"lazy\" decoding=\"async\" class=\"alignnone size-full wp-image-39090\" src=\"https:\/\/www2.memri.org\/espanol\/wp-content\/uploads\/2017\/11\/jttmweekly10271713-4-1.jpg\" width=\"604\" height=\"342\" alt=\"\" srcset=\"https:\/\/www2.memri.org\/espanol\/wp-content\/uploads\/2017\/11\/jttmweekly10271713-4-1.jpg 604w, https:\/\/www2.memri.org\/espanol\/wp-content\/uploads\/2017\/11\/jttmweekly10271713-4-1-300x170.jpg 300w, https:\/\/www2.memri.org\/espanol\/wp-content\/uploads\/2017\/11\/jttmweekly10271713-4-1-600x340.jpg 600w\" sizes=\"auto, (max-width: 604px) 100vw, 604px\" \/><\/p>\n<p>Varios canales pro-Estado Isl\u00e1mico (EIIS) en la plataforma Telegram han distribuido recientemente videos cortos de un grupo de manifestantes pro-EIIS en Cachemira, India.<\/p>\n<p><a href=\"https:\/\/www.memri.org\/jttm\/al-naba-weekly-reports-isis-executes-man-woman-syria-uttering-blasphemous-phrases\"><strong>Semanario de Al-Naba&#8217; informa que el EIIS ejecuta a hombre y mujer en Siria por &#8216;vociferar frases blasfemas&#8217;<\/strong><\/a><\/p>\n<p><img loading=\"lazy\" decoding=\"async\" class=\"alignnone size-full wp-image-39091\" src=\"https:\/\/www2.memri.org\/espanol\/wp-content\/uploads\/2017\/11\/jttmweekly10271714-3-1.jpg\" width=\"600\" height=\"321\" alt=\"\" srcset=\"https:\/\/www2.memri.org\/espanol\/wp-content\/uploads\/2017\/11\/jttmweekly10271714-3-1.jpg 600w, https:\/\/www2.memri.org\/espanol\/wp-content\/uploads\/2017\/11\/jttmweekly10271714-3-1-300x161.jpg 300w\" sizes=\"auto, (max-width: 600px) 100vw, 600px\" \/><\/p>\n<p>El 19 de octubre, 2017 en un informe en el semanario del Estado Isl\u00e1mico (EIIS) Al-Naba&#8217;, el grupo anunci\u00f3 que ejecut\u00f3 a un hombre y una mujer en la provincia de Al-Khayr del EIIS, Siria, por \u00abpronunciar frases blasfemas e insultar la religi\u00f3n y a Al\u00e1.<\/p>\n<p><a href=\"https:\/\/www.memri.org\/jttm\/jihadi-social-media-%E2%80%93-account-review-jsm-ar-western-woman-repeatedly-asks-facebook-about-jailed\"><strong>Revisi\u00f3n de cuenta en los medios de comunicaci\u00f3n sociales yihadistas (RC-MCSY): Mujer de Occidente pregunta repetidas veces en Facebook sobre individuo en el Reino Unido encarcelado que amenazaba con hacer estallar un hospital<\/strong><\/a><\/p>\n<p><img loading=\"lazy\" decoding=\"async\" class=\"alignnone size-full wp-image-39092\" src=\"https:\/\/www2.memri.org\/espanol\/wp-content\/uploads\/2017\/11\/jttmweekly102717E-2-1.jpg\" width=\"617\" height=\"243\" alt=\"\" srcset=\"https:\/\/www2.memri.org\/espanol\/wp-content\/uploads\/2017\/11\/jttmweekly102717E-2-1.jpg 617w, https:\/\/www2.memri.org\/espanol\/wp-content\/uploads\/2017\/11\/jttmweekly102717E-2-1-300x118.jpg 300w, https:\/\/www2.memri.org\/espanol\/wp-content\/uploads\/2017\/11\/jttmweekly102717E-2-1-600x236.jpg 600w\" sizes=\"auto, (max-width: 617px) 100vw, 617px\" \/><\/p>\n<p><strong>Plataforma<\/strong>: Facebook<\/p>\n<p><strong>Informaci\u00f3n adicional<\/strong>: No est\u00e1 claro de qu\u00e9 lugar es ella. Sin embargo, seg\u00fan su uso de ortograf\u00eda brit\u00e1nico-ingl\u00e9s, puede que sea del Reino Unido.<\/p>\n<p><strong>Apoyo a grupos yihadistas<\/strong>: Ella expresa su apoyo a los cl\u00e9rigos del Estado Isl\u00e1mico (EIIS) Suleiman Anwar y Abdullah Al-Faisal.<\/p>\n<p><a href=\"https:\/\/www.memri.org\/jttm\/jihadi-social-media-account-review-jsm-ar-uk-man-who-supports-jihad-seeks-homeschool-young\"><strong>Revisi\u00f3n de cuenta en los medios de comunicaci\u00f3n sociales yihadistas (RC-MCSY): Individuo en el Reino Unido que apoya el yihad busca inscribir a su peque\u00f1a hija en una escuela<\/strong><\/a><\/p>\n<p><img loading=\"lazy\" decoding=\"async\" class=\"alignnone size-full wp-image-39093\" src=\"https:\/\/www2.memri.org\/espanol\/wp-content\/uploads\/2017\/11\/jttmweekly10271716_0-2-1.jpg\" width=\"462\" height=\"434\" alt=\"\" srcset=\"https:\/\/www2.memri.org\/espanol\/wp-content\/uploads\/2017\/11\/jttmweekly10271716_0-2-1.jpg 462w, https:\/\/www2.memri.org\/espanol\/wp-content\/uploads\/2017\/11\/jttmweekly10271716_0-2-1-300x282.jpg 300w, https:\/\/www2.memri.org\/espanol\/wp-content\/uploads\/2017\/11\/jttmweekly10271716_0-2-1-447x420.jpg 447w\" sizes=\"auto, (max-width: 462px) 100vw, 462px\" \/><\/p>\n<p>La siguiente informaci\u00f3n tiene como base una descripci\u00f3n general de una cuenta en las redes sociales que muestra actividades y simpat\u00edas relacionadas al terrorismo<em>\u00a0<\/em><\/p>\n<p><strong>Plataforma<\/strong>: Facebook<\/p>\n<p><strong>Informaci\u00f3n adicional<\/strong>: Este afirma estar residiendo en el Reino Unido. Sus publicaciones son casi todas exclusivamente en ingl\u00e9s, pero algunas est\u00e1n en alban\u00e9s.<\/p>\n<p><a href=\"https:\/\/www.memri.org\/jttm\/latest-isis-releases-easily-distributed-archived-google-plus\"><strong>\u00daltimas publicaciones del EIIS son f\u00e1cilmente distribuidas y archivadas en la plataforma Google Plus<\/strong><\/a><\/p>\n<p><img loading=\"lazy\" decoding=\"async\" class=\"alignnone size-full wp-image-39094\" src=\"https:\/\/www2.memri.org\/espanol\/wp-content\/uploads\/2017\/11\/jttmweekly10271717-2-1.jpg\" width=\"617\" height=\"368\" alt=\"\" srcset=\"https:\/\/www2.memri.org\/espanol\/wp-content\/uploads\/2017\/11\/jttmweekly10271717-2-1.jpg 617w, https:\/\/www2.memri.org\/espanol\/wp-content\/uploads\/2017\/11\/jttmweekly10271717-2-1-300x179.jpg 300w, https:\/\/www2.memri.org\/espanol\/wp-content\/uploads\/2017\/11\/jttmweekly10271717-2-1-600x358.jpg 600w\" sizes=\"auto, (max-width: 617px) 100vw, 617px\" \/><\/p>\n<p>&nbsp;<\/p>\n<p>Durante los \u00faltimos a\u00f1os, Google Plus se ha mantenido como una plataforma confiable para los partidarios del Estado Isl\u00e1mico (EIIS) que desean compartir y recuperar enlaces ante las \u00faltimas publicaciones del EIIS. Numerosos grupos en Google Plus son utilizados por activistas del EIIS y los enlaces con publicaciones antiguas y nuevas circulan f\u00e1cilmente a trav\u00e9s de mensajes internos de muchos de estos grupos.<\/p>\n<p><strong>Grupo de tecnolog\u00eda pro-EIIS publica un tutorial sobre el uso de la aplicaci\u00f3n cifrada descentralizada de chat Riot.im y destaca sus ventajas sobre Telegram y otras plataformas de los medios sociales<\/strong><\/p>\n<p>El 23 de octubre, 2017 la entidad tecnol\u00f3gica pro-Estado Isl\u00e1mico (EIIS) Electronic Horizon Foundation (EHF) public\u00f3 un tutorial sobre el uso de la aplicaci\u00f3n de chat Riot.im.<\/p>\n<p><a href=\"https:\/\/www.memri.org\/jttm\/pro-isis-tech-group-publishes-tutorial-using-%E2%80%8Edecentralized-encrypted-chat-app-riotim\"><strong>Organizaci\u00f3n en Londres con considerables seguidores en Instagram y Facebook promueve a los cl\u00e9rigos islamistas Anwar Al-&#8216;Awlaki y Ahmad Musa Jibril<\/strong><\/a><\/p>\n<p><img loading=\"lazy\" decoding=\"async\" class=\"alignnone size-full wp-image-39096\" src=\"https:\/\/www2.memri.org\/espanol\/wp-content\/uploads\/2017\/11\/jttmweekly10271718-2-1.jpg\" width=\"1004\" height=\"377\" alt=\"\" srcset=\"https:\/\/www2.memri.org\/espanol\/wp-content\/uploads\/2017\/11\/jttmweekly10271718-2-1.jpg 1004w, https:\/\/www2.memri.org\/espanol\/wp-content\/uploads\/2017\/11\/jttmweekly10271718-2-1-300x113.jpg 300w, https:\/\/www2.memri.org\/espanol\/wp-content\/uploads\/2017\/11\/jttmweekly10271718-2-1-768x288.jpg 768w, https:\/\/www2.memri.org\/espanol\/wp-content\/uploads\/2017\/11\/jttmweekly10271718-2-1-600x225.jpg 600w, https:\/\/www2.memri.org\/espanol\/wp-content\/uploads\/2017\/11\/jttmweekly10271718-2-1-696x261.jpg 696w\" sizes=\"auto, (max-width: 1004px) 100vw, 1004px\" \/><\/p>\n<p>Una organizaci\u00f3n que tiene su sede en Londres distribuye gr\u00e1ficos y videos populares con citas de Anwar Al-&#8216;Awlaki y Ahmad Musa Jibril.<\/p>\n<p><a href=\"https:\/\/www.memri.org\/jttm\/london-based-organization-sizeable-instagram-and-facebook-following-promotes-islamist-clerics-0\"><strong>El Partido Isl\u00e1mico de Turquest\u00e1n (PIT) da a conocer mensaje archivo del fallecido l\u00edder Hasan Mahsum en la plataforma Telegram y conferencia por funcionario del Sharia<\/strong><\/a><\/p>\n<p><img loading=\"lazy\" decoding=\"async\" class=\"alignnone size-full wp-image-39097\" src=\"https:\/\/www2.memri.org\/espanol\/wp-content\/uploads\/2017\/11\/jttmweekly10271719-2-1.jpg\" width=\"611\" height=\"285\" alt=\"\" srcset=\"https:\/\/www2.memri.org\/espanol\/wp-content\/uploads\/2017\/11\/jttmweekly10271719-2-1.jpg 611w, https:\/\/www2.memri.org\/espanol\/wp-content\/uploads\/2017\/11\/jttmweekly10271719-2-1-300x140.jpg 300w, https:\/\/www2.memri.org\/espanol\/wp-content\/uploads\/2017\/11\/jttmweekly10271719-2-1-600x280.jpg 600w\" sizes=\"auto, (max-width: 611px) 100vw, 611px\" \/><\/p>\n<p>En los \u00faltimos d\u00edas, el grupo yihadista uigur, el Partido Isl\u00e1mico de Turquest\u00e1n (PIT) ha dado a conocer varios videos en su canal en la plataforma en Internet Telegram.<\/p>\n<p><a href=\"https:\/\/www.memri.org\/jttm\/turkestan-islamic-party-tip-releases-telegram-%E2%80%8Earchival-message-late-leader-hasan-mahsum\"><strong>Declaraci\u00f3n de los talibanes afganos: &#8216;Se ha logrado una victoria total en el distrito de Maroof [de Kandahar]&#8217;<\/strong><\/a><\/p>\n<p><img loading=\"lazy\" decoding=\"async\" class=\"alignnone size-full wp-image-39098\" src=\"https:\/\/www2.memri.org\/espanol\/wp-content\/uploads\/2017\/11\/jttmweekly10271720-2-1.jpg\" width=\"911\" height=\"513\" alt=\"\" srcset=\"https:\/\/www2.memri.org\/espanol\/wp-content\/uploads\/2017\/11\/jttmweekly10271720-2-1.jpg 911w, https:\/\/www2.memri.org\/espanol\/wp-content\/uploads\/2017\/11\/jttmweekly10271720-2-1-300x169.jpg 300w, https:\/\/www2.memri.org\/espanol\/wp-content\/uploads\/2017\/11\/jttmweekly10271720-2-1-768x432.jpg 768w, https:\/\/www2.memri.org\/espanol\/wp-content\/uploads\/2017\/11\/jttmweekly10271720-2-1-600x338.jpg 600w, https:\/\/www2.memri.org\/espanol\/wp-content\/uploads\/2017\/11\/jttmweekly10271720-2-1-696x392.jpg 696w, https:\/\/www2.memri.org\/espanol\/wp-content\/uploads\/2017\/11\/jttmweekly10271720-2-1-746x420.jpg 746w\" sizes=\"auto, (max-width: 911px) 100vw, 911px\" \/><\/p>\n<p>Lo siguiente son extractos de una declaraci\u00f3n publicada por el Emirato Isl\u00e1mico de Afganist\u00e1n (el gobierno sombra del Talib\u00e1n) traducido del urdu: \u00abLuego del anuncio de la nueva estrategia del Presidente estadounidense Donald Trump, la felicidad de Ashraf Ghani, jefe de la administraci\u00f3n de Kabul, ha alcanzado el nivel de locura. Este ha agradecido a Trump muchas veces. Ha acogido con entusiasmo esta estrategia. Exige que se entreguen m\u00e1s bombas y armas de destrucci\u00f3n masiva al gobierno afgano. Con mucho entusiasmo, Ashraf Ghani ha advertido a los muyahidines a que arrojen sus armas, de lo contrario, ser\u00e1n eliminados de la faz de la tierra.<\/p>\n","protected":false},"excerpt":{"rendered":"<p>Lo siguiente son algunos de los informes de esta semana del Proyecto Supervisi\u00f3n a la Amenaza del Terrorismo y Yihad en MEMRI (PSATY), que traduce y analiza el contenido de fuentes supervisadas durante las 24 horas del d\u00eda, entre ellos los portales y blogs yihadistas m\u00e1s importantes. (Para ver estos informes en su totalidad, usted [&hellip;]<\/p>\n","protected":false},"author":1,"featured_media":38836,"comment_status":"open","ping_status":"open","sticky":false,"template":"","format":"standard","meta":{"footnotes":""},"categories":[4,10,6,9,2],"tags":[],"class_list":["post-38781","post","type-post","status-publish","format-standard","has-post-thumbnail","hentry","category-archivos","category-estudios-sobre-terrorismo-y-yihad","category-comunicados-especiales","category-temas","category-featured"],"_links":{"self":[{"href":"https:\/\/www2.memri.org\/espanol\/wp-json\/wp\/v2\/posts\/38781","targetHints":{"allow":["GET"]}}],"collection":[{"href":"https:\/\/www2.memri.org\/espanol\/wp-json\/wp\/v2\/posts"}],"about":[{"href":"https:\/\/www2.memri.org\/espanol\/wp-json\/wp\/v2\/types\/post"}],"author":[{"embeddable":true,"href":"https:\/\/www2.memri.org\/espanol\/wp-json\/wp\/v2\/users\/1"}],"replies":[{"embeddable":true,"href":"https:\/\/www2.memri.org\/espanol\/wp-json\/wp\/v2\/comments?post=38781"}],"version-history":[{"count":0,"href":"https:\/\/www2.memri.org\/espanol\/wp-json\/wp\/v2\/posts\/38781\/revisions"}],"wp:featuredmedia":[{"embeddable":true,"href":"https:\/\/www2.memri.org\/espanol\/wp-json\/wp\/v2\/media\/38836"}],"wp:attachment":[{"href":"https:\/\/www2.memri.org\/espanol\/wp-json\/wp\/v2\/media?parent=38781"}],"wp:term":[{"taxonomy":"category","embeddable":true,"href":"https:\/\/www2.memri.org\/espanol\/wp-json\/wp\/v2\/categories?post=38781"},{"taxonomy":"post_tag","embeddable":true,"href":"https:\/\/www2.memri.org\/espanol\/wp-json\/wp\/v2\/tags?post=38781"}],"curies":[{"name":"wp","href":"https:\/\/api.w.org\/{rel}","templated":true}]}}