{"id":381,"date":"2002-12-03T00:00:00","date_gmt":"2002-12-03T00:00:00","guid":{"rendered":"http:\/\/www2.memri.org\/espanol\/2002\/12\/03\/ministro-del-interior-saudita-principe-nayef-ibn-abd-al-aziz-quien-cometio-los-eventos-del-11-de-septiembre-yo-pienso-ellos-los-sionistas-estan-detras-de-estos-eventos\/"},"modified":"2002-12-03T00:00:00","modified_gmt":"2002-12-03T00:00:00","slug":"ministro-del-interior-saudita-principe-nayef-ibn-abd-al-aziz-quien-cometio-los-eventos-del-11-de-septiembre-yo-pienso-ellos-los-sionistas-estan-detras-de-estos-eventos","status":"publish","type":"post","link":"https:\/\/www2.memri.org\/espanol\/ministro-del-interior-saudita-principe-nayef-ibn-abd-al-aziz-quien-cometio-los-eventos-del-11-de-septiembre-yo-pienso-ellos-los-sionistas-estan-detras-de-estos-eventos\/381","title":{"rendered":"Ministro del Interior Saudita, Pr\u00edncipe Nayef Ibn Abd Al-Aziz:   \u2018Qui\u00e9n Cometi\u00f3 los Eventos del 11 de septiembre\u2026 yo Pienso Ellos [los Sionistas] est\u00e1n detr\u00e1s de estos Eventos\u2026Los Medios de Comunicaci\u00f3n de Masas [\u00e1rabe] deben Condenar el Terrorismo, deben"},"content":{"rendered":"<div class=\"bodytext c2\">\n<p><em>El 29 de noviembre, <strong>&#8216;Ain-Al-Yaqeen<\/strong>, una revista de noticias semanales publicado en l\u00ednea por la familia real Saudita, solt\u00f3 una traducci\u00f3n inglesa de una entrevista con <strong>Ministro del Interior Saudita Pr\u00edncipe Nayef Ibn Abd Al-Aziz<\/strong>; la entrevista aparec\u00eda originalmente en el peri\u00f3dico Kuwait\u00ed Al Siyasa. Lo siguiente son citas de la traducci\u00f3n <a href=\"#_edn1\" name=\"_ednref1\">[1]<\/a> como aparec\u00eda en el semanario Saudita:<\/em><\/p>\n<p><em class=\"c1\"><br \/><\/em><\/p>\n<p><strong>El Departamento de Propagaci\u00f3n de Virtud y Prevenci\u00f3n del Vicio<\/strong><\/p>\n<p><strong>\u00abEl Departamento de Propagaci\u00f3n de Virtud y Prevenci\u00f3n del Vicio<\/strong> no es un departamento de hegemon\u00eda y es una agencia gubernamental que es gobernado por la ley del gobierno y no opera fuera de \u00e9l. Haciendo un comentario sobre su visita al Departamento de Propagaci\u00f3n de Virtud y Prevenci\u00f3n del Vicio, \u00e9l <strong>[Pr\u00edncipe Naif el Ibn Abdul Aziz]<\/strong> agreg\u00f3 que el departamento necesita contratar personas bien calificadas y no personas de calificaciones limitadas que act\u00faan imprudentemente. El Pr\u00edncipe Naif Ibn Abdul Aziz dijo obreros del departamento deben tratar suavemente con el pueblo y deben evitar asperezas, sobre todo con las personas j\u00f3venes. El Pr\u00edncipe Naif dijo que un instituto para entrenar a los obreros del departamento se establecer\u00eda. El Pr\u00edncipe Naif Ibn Abdul Aziz explic\u00f3 que el instituto los entrenar\u00eda en c\u00f3mo propagar la virtud y prevenir el vicio. \u00c9l agreg\u00f3 que esto mejorar\u00e1 los asuntos y dirigir\u00e1 todas las limitaciones que se discutieron durante su visita al departamento&#8230; \u00ab<\/p>\n<p><strong>La Interferencia Occidental en la Educaci\u00f3n Arabe y el Aumento del Odio por la Ley Isl\u00e1mica<\/strong><\/p>\n<p>\u00abEl Pr\u00edncipe Naif Ibn Abdul Aziz dijo que la actitud hostil mostrada por los medios de comunicaci\u00f3n americanos y algunos medios de comunicaci\u00f3n europeos, sobre todo en Breta\u00f1a, no asusta al reino pero est\u00e1 molestando porque est\u00e1 injustificado y no sirve sus intereses. El Pr\u00edncipe Naif declar\u00f3 que la posici\u00f3n de algunos en el Oeste hacia el mundo \u00e1rabe y la causa Palestina llev\u00f3 al odio mostrado por los pueblos \u00e1rabes, e inst\u00f3 el Oeste a cambiar su imagen r\u00e1pidamente. El Pr\u00edncipe Naif agreg\u00f3 que pintar a los ciudadanos sauditas con la brocha del terrorismo y hablar sobre la interferencia en la educaci\u00f3n e incluso que la ley isl\u00e1mica aument\u00f3 el odio del pueblo hacia los Estados Unidos aunque el pueblo americano son en general buenos e inocentes.<\/p>\n<p><strong>\u00abQui\u00e9n Llevo a Cabo los Eventos del 11 de septiembre&hellip; yo Pienso Ellos [los Sionistas] est\u00e1n detr\u00e1s de estos Eventos\u00bb<\/strong><\/p>\n<p>\u00abEl Pr\u00edncipe Naif enfatiz\u00f3 que las relaciones entre los gobiernos sauditas y americanos son fuertes a pesar de los medios de comunicaci\u00f3n Sionista-controlados que manipularon los eventos del 11 de septiembre y volvieron la opini\u00f3n p\u00fablica americana contra \u00e1rabes y el Islam. El Pr\u00edncipe Naif dijo, &#8216;nosotros pusimos grandes signos de interrogaci\u00f3n y preguntamos qui\u00e9n cometi\u00f3 los eventos del 11 de septiembre y qui\u00e9n se beneficio de ellos. \u00bfQui\u00e9n se beneficio de los eventos del 11\/9? Yo pienso que ellos [los Sionistas] est\u00e1n detr\u00e1s de estos eventos.&#8217; \u00ab<\/p>\n<p><strong>El Pr\u00edncipe Sospecha Grandemente la Organizaci\u00f3n Terrorista del 11 de Septiembre \u00abCubierta por Inteligencia Israelita\u00bb<\/strong><\/p>\n<p>Los medios de comunicaci\u00f3n de masa deben dirigirse el terrorismo, deben advertir a nacionales \u00e1rabes de \u00e9l, y deben permitir que nuestra voz se oiga por el mundo que nuestros pa\u00edses est\u00e1n contra el terrorismo&hellip;El Pr\u00edncipe Naif enfatiz\u00f3 ese medios de comunicaci\u00f3n de masa deben condenar el terrorismo. El personal de los medios de comunicaci\u00f3n debe pensar en maneras de proteger sus pa\u00edses y juventudes de las operaciones terroristas. Ellos deben proteger su religi\u00f3n de atribuirse al terrorismo por personas sospechosas. El Pr\u00edncipe Naif Ibn Abdul Aziz dijo que \u00e9l grandemente sospech\u00f3 que estas organizaciones terroristas tienen relaci\u00f3n con inteligencia extranjera que trabaj\u00f3 contra \u00e1rabes y musulmanes encubierta por inteligencia israel\u00ed. Ellos quer\u00edan atacarnos en nuestras bases y principios, notablemente nuestra religi\u00f3n y el problema palestino.\u00bb<\/p>\n<p><strong>\u00abEs Imposible que 19 J\u00f3venes, Incluyendo 17 Saud\u00edes, Llevaron a cabo la Operaci\u00f3n del 11 de septiembre,\u00bb<\/strong><\/p>\n<p>\u00ab\u00c9l not\u00f3 que es imposible que 19 j\u00f3venes, incluyendo 17 Saud\u00edes, llevaron a cabo la operaci\u00f3n del 11 de septiembre, o que <strong>bin Laden<\/strong> o [la] organizaci\u00f3n <strong>Al-Qa&#8217;ida<\/strong> hizo esto solo. Nosotros podemos decir que estas personas son agentes o ignorantes ya que su acci\u00f3n fue en contra de musulmanes y del Islam. Por esta acci\u00f3n el mundo se volvi\u00f3 en contra del Islam, musulmanes y \u00e1rabes.\u00bb<\/p>\n<p><strong>Los EE.UU. no Pidieron Cambio en el Curriculum Saudita<\/strong><\/p>\n<p>\u00abEl Pr\u00edncipe Naif Ibn Abdul Aziz neg\u00f3 que el retiro de Arabia Saudita incomode a sus aliados. \u00c9l dio evidencia de la excelente, diversificada y relaciones profundamente arraigadas de Arabia Saudita con otros. \u00c9l tambi\u00e9n neg\u00f3 que los oficiales americanos les hayan pedido a sus colegas sauditas que enrumbaran en cambiar los planes de estudios educativos. El Pr\u00edncipe Naif defendi\u00f3 el sistema educativo saudita como intacto pero sujeto a desarrollarse por los expertos Sauditas.\u00bb<\/p>\n<p><strong>Arabia Saudita Fue durante A\u00f1os el Refugio para los Activistas de la Hermandad Musulmana<\/strong><\/p>\n<p>\u00ab\u00c9l azot\u00f3 a la organizaci\u00f3n de la <strong>Hermandad Musulmana<\/strong> el cual dijo dio nacimiento a un espectro multinacional de pol\u00edticos isl\u00e1micos que volvieron sus espaldas al reino de Arabia Saudita y se olvidaron de sus favores a ellos. \u00c9l cit\u00f3 que muchos de los miembros de la organizaci\u00f3n estaban viviendo en el reino y recib\u00edan refugio y ayuda humanitaria [de] su pueblo y oficiales&hellip; el Ministro del Interior Pr\u00edncipe Naif Ibn Abdul Aziz ha declarado que la organizaci\u00f3n de la hermandad musulmana era la causa de la mayor\u00eda de los problemas en el mundo \u00e1rabe. &#8216;La Hermandad ha hecho gran da\u00f1o a Arabia Saudita&#8217;, \u00e9l dijo. El Pr\u00edncipe Naif acus\u00f3 que los grupos islamistas delanteros en el mundo \u00e1rabe de da\u00f1ar los intereses de los musulmanes. &#8216;Todos nuestros problemas vienen de la hermandad musulmana. Nosotros hemos dado demasiado apoyo a este grupo&#8230; \u00ab<\/p>\n<p>\u00abLa hermandad musulmana ha destruido al mundo \u00e1rabe&#8217;, \u00e9l dijo. &#8216;Siempre que ellos se metieron en dificultad o encontraron su libertad restringida en sus propios pa\u00edses, los activistas de la hermandad encontraron refugio en el reino que protegi\u00f3 sus vidas&#8230; Pero ellos se volvieron despu\u00e9s contra el reino&hellip; &#8216; La hermandad musulmana tiene conexiones a grupos a trav\u00e9s del mundo \u00e1rabe, incluyendo la oposici\u00f3n parlamentaria principal de Jordania, &#8216;el <strong>Frente de Acci\u00f3n Isl\u00e1mica&#8217;<\/strong>, y el <strong>&#8216;movimiento de resistencia palestino, Hamas&#8217;<\/strong>. \u00bb La alteraci\u00f3n del Ministro del Interior en contra de la hermandad vino en medio de montar la cr\u00edtica en los Estados Unidos del apoyo antiguo de Arabia Saudita para los grupos islamistas alrededor del mundo&hellip; \u00ab<\/p>\n<p><strong>\u00abYo Todav\u00eda no Puedo Creer que 19 J\u00f3venes, Incluyendo 15 Saud\u00edes, Llevaron a Cabo los Ataques del 11 de septiembre con el Apoyo de Bin Laden y Su organizaci\u00f3n Al-Qa&#8217;ida. Es Imposible\u00bb<\/strong><\/p>\n<p>\u00abEl Ministro del Interior indic\u00f3 que poderes extranjeros podr\u00edan haber proporcionado el apoyo a terroristas que llevaron a cabo los ataques del 11 de sept. &#8216;Yo todav\u00eda no puedo creer que 19 j\u00f3venes, incluyendo 15 Saud\u00edes, llevaron a cabo los ataques del 11 de septiembre con el apoyo de Bin Laden y su organizaci\u00f3n Al-Qa&#8217;ida. Es imposible. Yo no creer\u00e9 que estas personas tienen el poder para hacer tan horrendo un ataque.&#8217; Sin embargo, El Pr\u00edncipe Naif Ibn Abdul Aziz reiter\u00f3 la condenaci\u00f3n del reino del ataque que destruy\u00f3 el Centro de Comercio Mundial en Nueva York y da\u00f1\u00f3 el Pent\u00e1gono en las afueras de Washington. \u00c9l dijo que los ataques del 11 de septiembre hab\u00edan vuelto al mundo en contra del Islam, musulmanes y \u00e1rabes.\u00bb<\/p>\n<p><strong>\u00abLos Imams del Reino [m\u00e1s de 50,000] Siguen la L\u00ednea Oficial de Pensamiento\u00bb<\/strong> \u00ab\u00c9l dijo que hay m\u00e1s de 50,000 imams en las mezquitas del reino que siguen la l\u00ednea oficial de pensamiento. &#8216;Si ellos se desv\u00edan de esta l\u00ednea y persisten en hacerlo, ellos tendr\u00e1n que encontrar otros trabajos.&#8217; Refiri\u00e9ndose a su reuni\u00f3n con oficiales de la Comisi\u00f3n para la Promoci\u00f3n de Virtud y Prevenci\u00f3n de Vicio, El Pr\u00edncipe Naif dijo que la reuni\u00f3n fue fruct\u00edfera. \u00c9l dijo que la comisi\u00f3n debe emplear a personas eficaces y educadas para llevar a cabo su misi\u00f3n. &#8216;Durante el encuentro el gran Muft\u00ed dio un discurso sobre las responsabilidades de la comisi\u00f3n, y inst\u00f3 a sus oficiales a verter rigidez y evitar los errores&#8217;, \u00e9l agreg\u00f3.\u00bb<\/p>\n<\/div>\n<hr noshade=\"noshade\" \/><!-- footnotes --><\/p>\n<div class=\"bodynews c3\">\n<p><a href=\"#_ednref1\" name=\"_edn1\"><\/a>[1] El texto del articulo completo puede ser encontrado en:<br \/><a href=\"http:\/\/www.ain-alyaqeen.com\/issues\/20021129\/feat6en.htm\">www.ain-alyaqeen.com\/issues\/20021129\/feat6en.htm<\/a><\/p>\n<\/div>\n","protected":false},"excerpt":{"rendered":"<p>El 29 de noviembre, &#8216;Ain-Al-Yaqeen, una revista de noticias semanales publicado en l\u00ednea por la familia real Saudita, solt\u00f3 una traducci\u00f3n inglesa de una entrevista con Ministro del Interior Saudita Pr\u00edncipe Nayef Ibn Abd Al-Aziz; la entrevista aparec\u00eda originalmente en el peri\u00f3dico Kuwait\u00ed Al Siyasa. Lo siguiente son citas de la traducci\u00f3n [1] como aparec\u00eda [&hellip;]<\/p>\n","protected":false},"author":1,"featured_media":0,"comment_status":"open","ping_status":"open","sticky":false,"template":"","format":"standard","meta":{"footnotes":""},"categories":[6,16,25],"tags":[],"class_list":["post-381","post","type-post","status-publish","format-standard","hentry","category-comunicados-especiales","category-proyecto-documental-sobre-antisemitismo","category-arabia-saudita"],"_links":{"self":[{"href":"https:\/\/www2.memri.org\/espanol\/wp-json\/wp\/v2\/posts\/381","targetHints":{"allow":["GET"]}}],"collection":[{"href":"https:\/\/www2.memri.org\/espanol\/wp-json\/wp\/v2\/posts"}],"about":[{"href":"https:\/\/www2.memri.org\/espanol\/wp-json\/wp\/v2\/types\/post"}],"author":[{"embeddable":true,"href":"https:\/\/www2.memri.org\/espanol\/wp-json\/wp\/v2\/users\/1"}],"replies":[{"embeddable":true,"href":"https:\/\/www2.memri.org\/espanol\/wp-json\/wp\/v2\/comments?post=381"}],"version-history":[{"count":0,"href":"https:\/\/www2.memri.org\/espanol\/wp-json\/wp\/v2\/posts\/381\/revisions"}],"wp:attachment":[{"href":"https:\/\/www2.memri.org\/espanol\/wp-json\/wp\/v2\/media?parent=381"}],"wp:term":[{"taxonomy":"category","embeddable":true,"href":"https:\/\/www2.memri.org\/espanol\/wp-json\/wp\/v2\/categories?post=381"},{"taxonomy":"post_tag","embeddable":true,"href":"https:\/\/www2.memri.org\/espanol\/wp-json\/wp\/v2\/tags?post=381"}],"curies":[{"name":"wp","href":"https:\/\/api.w.org\/{rel}","templated":true}]}}