{"id":3797,"date":"2010-07-04T00:00:00","date_gmt":"2010-07-04T00:00:00","guid":{"rendered":"http:\/\/www2.memri.org\/espanol\/2010\/07\/04\/presidente-irani-mahmoud-ahmadinejad-nuestra-mision-es-rescatar-al-pueblo-estadounidense-de-su-intimidante-administracion-no-democratica\/"},"modified":"2016-01-13T22:17:57","modified_gmt":"2016-01-13T22:17:57","slug":"presidente-irani-mahmoud-ahmadinejad-nuestra-mision-es-rescatar-al-pueblo-estadounidense-de-su-intimidante-administracion-no-democratica","status":"publish","type":"post","link":"https:\/\/www2.memri.org\/espanol\/presidente-irani-mahmoud-ahmadinejad-nuestra-mision-es-rescatar-al-pueblo-estadounidense-de-su-intimidante-administracion-no-democratica\/3797","title":{"rendered":"Presidente iran\u00ed Mahmoud Ahmadinejad: Nuestra misi\u00f3n es rescatar al pueblo estadounidense de su &#8216;intimidante administraci\u00f3n no-democr\u00e1tica&#8217;"},"content":{"rendered":"<div class=\"bodytext c1\">\n<p><em>A continuaci\u00f3n se presentan extractos de un discurso p\u00fablico pronunciado por el Presidente iran\u00ed Mahmoud Ahmadinejad, el cual fue presentado en el canal de noticias iran\u00ed (IRINN) el 16 de junio, 2010.<\/em><\/p>\n<p><em>Para ver este segmento de video en MEMRI TV, visite <a href=\"http:\/\/www.memritv.org\/clip\/en\/0\/0\/0\/0\/0\/0\/2523.htm\">http:\/\/www.memritv.org\/clip\/en\/0\/0\/0\/0\/0\/0\/2523.htm<\/a>.<\/em><\/p>\n<p><img loading=\"lazy\" decoding=\"async\" class=\"alignnone size-full wp-image-9708\" src=\"http:\/\/www2.memri.org\/espanol\/wp-content\/uploads\/2016\/01\/4683.jpg\" width=\"448\" height=\"299\" srcset=\"https:\/\/www2.memri.org\/espanol\/wp-content\/uploads\/2016\/01\/4683.jpg 448w, https:\/\/www2.memri.org\/espanol\/wp-content\/uploads\/2016\/01\/4683-300x200.jpg 300w\" sizes=\"auto, (max-width: 448px) 100vw, 448px\" \/><\/p>\n<p><strong>Mahmoud Ahmadinejad<\/strong>: \u00abHace m\u00e1s de 60 a\u00f1os, por medio de un pretexto artificial y falso y en el fabricar informaci\u00f3n e inventar historias, se reunieron los m\u00e1s sucios, la gente m\u00e1s criminal, que s\u00f3lo semejaban ser humanos, desde todos los rincones del mundo. Ellos los organizaron, armaron y les proporcionaron apoyo militar y medios de comunicaci\u00f3n. Por lo tanto, ocuparon las tierras palestinas y desplazaron al pueblo palestino. [&#8230;]<\/p>\n<p>\u00ab[Obama] dijo: Apoyamos el derecho de la naci\u00f3n iran\u00ed a ser libre y as\u00ed sucesivamente&#8230; Esta es la naci\u00f3n iran\u00ed. \u00bfQuieren hablar sobre esto? Esta naci\u00f3n no los acepta ni siquiera un poquito. El pueblo iran\u00ed los detesta. [&#8230;]<\/p>\n<p>\u00abTodos los planes anti-humanos en el mundo son llevados a cabo en virtud de [Obama] y su administraci\u00f3n. Todas las ocupaciones, las masacres y las violaciones a los derechos humanos perpetrados bajo su administraci\u00f3n, aun sin embargo este viene con quejas acerca de nuestra naci\u00f3n.<\/p>\n<p>\u00abPerm\u00edtanme decirles algo nuevo aqu\u00ed. Esta declaraci\u00f3n de \u00e9l nos ha comprometido, a partir de este momento, a agregar una nueva misi\u00f3n internacional a las que ya tenemos.<\/p>\n<p>\u00ab\u00bfCu\u00e1l es esa misi\u00f3n? Les dir\u00e9 lo que es.<\/p>\n<p>\u00abHoy d\u00eda, la dictadura m\u00e1s dura es la que opera en contra de la naci\u00f3n norteamericana y la mayor presi\u00f3n es ejercida all\u00ed. Ellos no tienen libertad de expresi\u00f3n. Ning\u00fan peri\u00f3dico tiene derecho a escribir nada sobre los cr\u00edmenes de los sionistas, o sobre el apoyo que les conceden los pol\u00edticos estadounidenses. El pueblo estadounidense no tiene derecho a manifestar libremente u oponerse a los cr\u00edmenes de sus pol\u00edticos. Muchos estadounidenses viven en la pobreza. Ochenta millones de personas son pobres. Algunos [l\u00edderes] de esa misma Estados Unidos saquearon cientos de miles de millones de d\u00f3lares de la riqueza de otras naciones.<\/p>\n<p>\u00abSe\u00f1or Presidente, antes de pensar en otras naciones, piense en la suya propia. La acci\u00f3n que usted tomo nos ha obligado a declarar que de ahora en adelante, una de las principales demandas de la naci\u00f3n iran\u00ed es rescatar al pueblo estadounidense de su intimidante administraci\u00f3n no-democr\u00e1tica\u00bb.<\/p>\n<\/div>\n","protected":false},"excerpt":{"rendered":"<p>A continuaci\u00f3n se presentan extractos de un discurso p\u00fablico pronunciado por el Presidente iran\u00ed Mahmoud Ahmadinejad, el cual fue presentado en el canal de noticias iran\u00ed (IRINN) el 16 de junio, 2010. Para ver este segmento de video en MEMRI TV, visite http:\/\/www.memritv.org\/clip\/en\/0\/0\/0\/0\/0\/0\/2523.htm. Mahmoud Ahmadinejad: \u00abHace m\u00e1s de 60 a\u00f1os, por medio de un pretexto [&hellip;]<\/p>\n","protected":false},"author":1,"featured_media":9708,"comment_status":"open","ping_status":"open","sticky":false,"template":"","format":"standard","meta":{"footnotes":""},"categories":[6,11,20],"tags":[],"class_list":["post-3797","post","type-post","status-publish","format-standard","has-post-thumbnail","hentry","category-comunicados-especiales","category-e-u-a-y-el-medio-oriente","category-iran"],"_links":{"self":[{"href":"https:\/\/www2.memri.org\/espanol\/wp-json\/wp\/v2\/posts\/3797","targetHints":{"allow":["GET"]}}],"collection":[{"href":"https:\/\/www2.memri.org\/espanol\/wp-json\/wp\/v2\/posts"}],"about":[{"href":"https:\/\/www2.memri.org\/espanol\/wp-json\/wp\/v2\/types\/post"}],"author":[{"embeddable":true,"href":"https:\/\/www2.memri.org\/espanol\/wp-json\/wp\/v2\/users\/1"}],"replies":[{"embeddable":true,"href":"https:\/\/www2.memri.org\/espanol\/wp-json\/wp\/v2\/comments?post=3797"}],"version-history":[{"count":0,"href":"https:\/\/www2.memri.org\/espanol\/wp-json\/wp\/v2\/posts\/3797\/revisions"}],"wp:featuredmedia":[{"embeddable":true,"href":"https:\/\/www2.memri.org\/espanol\/wp-json\/wp\/v2\/media\/9708"}],"wp:attachment":[{"href":"https:\/\/www2.memri.org\/espanol\/wp-json\/wp\/v2\/media?parent=3797"}],"wp:term":[{"taxonomy":"category","embeddable":true,"href":"https:\/\/www2.memri.org\/espanol\/wp-json\/wp\/v2\/categories?post=3797"},{"taxonomy":"post_tag","embeddable":true,"href":"https:\/\/www2.memri.org\/espanol\/wp-json\/wp\/v2\/tags?post=3797"}],"curies":[{"name":"wp","href":"https:\/\/api.w.org\/{rel}","templated":true}]}}