{"id":3778,"date":"2010-06-28T00:00:00","date_gmt":"2010-06-28T00:00:00","guid":{"rendered":"http:\/\/www2.memri.org\/espanol\/2010\/06\/28\/redactor-kuwaiti-activistas-a-favor-de-gaza-son-nada-mas-que-terroristas\/"},"modified":"2016-01-13T22:18:35","modified_gmt":"2016-01-13T22:18:35","slug":"redactor-kuwaiti-activistas-a-favor-de-gaza-son-nada-mas-que-terroristas","status":"publish","type":"post","link":"https:\/\/www2.memri.org\/espanol\/redactor-kuwaiti-activistas-a-favor-de-gaza-son-nada-mas-que-terroristas\/3778","title":{"rendered":"Redactor kuwait\u00ed: Activistas a favor de Gaza son nada m\u00e1s que terroristas"},"content":{"rendered":"<div class=\"bodytext c2\">\n<p><em><img loading=\"lazy\" decoding=\"async\" class=\"alignnone size-full wp-image-9768\" src=\"http:\/\/www2.memri.org\/espanol\/wp-content\/uploads\/2016\/01\/4658.jpg\" width=\"390\" height=\"142\" srcset=\"https:\/\/www2.memri.org\/espanol\/wp-content\/uploads\/2016\/01\/4658.jpg 390w, https:\/\/www2.memri.org\/espanol\/wp-content\/uploads\/2016\/01\/4658-300x109.jpg 300w\" sizes=\"auto, (max-width: 390px) 100vw, 390px\" \/><\/em><\/p>\n<p><em>En una continuaci\u00f3n a su art\u00edculo del 3 de junio, 2010 sobre la flotilla a Gaza <a href=\"#_edn1\" name=\"_ednref1\">[1]<\/a> El redactor kuwait\u00ed &#8216;Abdallah Al-Hadlaq, quien escribe en el diario kuwait\u00ed Al-Watan, public\u00f3 otra columna sobre este tema. En esta, contrast\u00f3 el inter\u00e9s global en lo que est\u00e1 sucediendo en Gaza despreciando a otras m\u00e1s graves crisis humanitarias en el mundo. Al-Hadlaq tambi\u00e9n afirm\u00f3 que los activistas que trabajan para eliminar el cerco a Gaza no eran activistas por la paz sino terroristas disfrazados de personas humanitarias y que por lo tanto Israel tiene pleno derecho a defenderse de ellos.<\/em><\/p>\n<p><em>A continuaci\u00f3n presentamos extractos de su columna: <a href=\"#_edn2\" name=\"_ednref2\">[2]<\/a><\/em><\/p>\n<p><strong>El mundo est\u00e1 obsesionado con la situaci\u00f3n en Gaza mientras ignora las verdaderas tragedias en el mundo<\/strong><\/p>\n<p>\u00abEl mundo est\u00e1 infinitamente obsesionado con una franja oscura de costa, sin ning\u00fan valor en lo absoluto, el hogar de alrededor 1,5 millones de [personas] que viven en campamentos de refugiados palestinos dispersos [a trav\u00e9s de esta] &#8211; es decir, la Franja de Gaza, que fue tomada por un grupo de terroristas llamado el movimiento Hamas.<\/p>\n<p>\u00ab[Esta obsesi\u00f3n contrasta con] el terrible silencio, la falta de consideraci\u00f3n y la indiferencia que ha vencido al mundo&#8230; con respecto a [cuestiones] m\u00e1s importantes y m\u00e1s valiosas que merecen una atenci\u00f3n mucho mayor que este pedazo de tierra oscura llamada la Franja de Gaza. Veamos juntos los siguientes ejemplos:<\/p>\n<ul>\n<li>\u00abEl conflicto de Darfur, que estall\u00f3 en el 2003 y que ha producido 300.000 muertos y 27 millones de refugiados &#8211; la obra de las unidades milicias Janjaweed, apoyadas por el gobierno central de Sud\u00e1n, bajo el liderazgo de &#8216;Omar Al-Bashir, quien es buscado por la Corte [Penal Internacional] de cr\u00edmenes de guerra.<\/li>\n<li>\u00abLa provincia \u00e1rabe de Ahwaz, cuyos ocho millones de habitantes est\u00e1n oprimidos, reprimidos y tiranizados por el r\u00e9gimen totalitario persa que controla Teher\u00e1n. Los \u00e1rabes de Al-Ahwaz [tambi\u00e9n est\u00e1n sometidos] diariamente a las ejecuciones de sus j\u00f3venes hombres y mujeres entre el [movimiento] <em>mujahideen<\/em>, que se opone a tal repugnante ocupaci\u00f3n persa. Si los valientes combatientes \u00e1rabes de Ahwaz recibieran la mitad de los fondos destinados a Al Fatah y otras organizaciones con el fin aparente de liberar a Palestina, ya podr\u00edan haber liberado a los \u00e1rabes de la provincia de Ahwaz de la ocupaci\u00f3n persa.<\/li>\n<li>\u00abNo son dignas de m\u00e1s atenci\u00f3n las [tres] islas pertenecientes a los Emiratos \u00c1rabes Unidos que est\u00e1n bajo ocupaci\u00f3n de la dictadura iran\u00ed persa, que Gaza y sus residentes?<\/li>\n<li>\u00abLa crisis humana en espiral en <em>Kirguist\u00e1n<\/em> y la violencia \u00e9tnica all\u00ed que ha causado la muerte de unas 200 personas hasta ahora y est\u00e1 empujando a esta rep\u00fablica a una guerra civil abierta.<\/li>\n<li>\u00abEl sur de la provincia de Kordof\u00e1n, en Sud\u00e1n y los enfrentamientos entre los bandos rivales, que han causado una terrible violencia, expulsi\u00f3n y \u00e9xodo son m\u00e1s dignos del inter\u00e9s del mundo que Gaza, la cual recibe atenci\u00f3n exclusiva.<\/li>\n<li>\u00abLa Ribera Occidental y sus ciudades, y todo lo que est\u00e1 ocurriendo all\u00ed bajo una actitud [medi\u00e1tica] oscura internacional &#8211; mientras que la Franja de Gaza y la terrorista Hamas est\u00e1n siempre dentro del centro de atenci\u00f3n. \u00bfPor qu\u00e9?\u00bb<\/li>\n<\/ul>\n<p><strong>Los esfuerzos humanitarios son un frente para el terrorismo<\/strong><\/p>\n<p>\u00abEstos son s\u00f3lo algunos ejemplos simples &#8211; y existen pruebas m\u00e1s all\u00e1 de eso. Todo lo que confirma que la atenci\u00f3n mundial est\u00e1 en efecto dirigida por muchos de los derrotistas y partes interesadas que buscan crear una ilusi\u00f3n entre las masas de que la situaci\u00f3n en Gaza es tr\u00e1gica, y que no hay m\u00e1s remedio que remover el cerco sobre esta por tierra, mar o aire&#8230; y que tambi\u00e9n no existe otra opci\u00f3n sino la de enviar flotillas para eliminar el cerco y aliviar el sufrimiento de los residentes de Gaza. Algunos de estos derrotistas y las partes interesadas est\u00e1n constantemente tratando de utilizar el lema &#8216;la eliminaci\u00f3n del cerco a Gaza&#8217; por motivos pol\u00edticos y [prop\u00f3sitos] medi\u00e1ticos y explotarla en beneficio de sus objetivos privados.<\/p>\n<p>\u00abIsrael est\u00e1 consciente de la verdad detr\u00e1s de estos intentos, a cargo de varios partidarios del terrorismo global, este se reserva el derecho [a emplear] medios en seguridad estrat\u00e9gica. Al igual que cualquier otro pa\u00eds del mundo, que est\u00e1 expuesta al peligro del terrorismo mundial y activamente lo combate y lo confronta, tratando de demostrarle a los sabios del mundo que se enfrenta a un peligro existencial e intenta proteger su seguridad, su tierra y su pueblo.<\/p>\n<p>\u00abEn cualquier caso, la exageraci\u00f3n global, que est\u00e1 a cargo de algunos de los derrotistas y partidos interesados en crear una ilusi\u00f3n entre el p\u00fablico de que la situaci\u00f3n en Gaza es tr\u00e1gica, que la angustia es grande y que existe una necesidad de medidas febriles para eliminar el cerco sobre esta, ser\u00e1n revelados como una herramienta de fraude y los acontecimientos que siguen revelaran las [verdaderas] intenciones y objetivos de los derrotistas y los plebeyos que alcanzaron fama. [Luego] estos supuestos esfuerzos humanitarios en curso ser\u00e1n desviados de su falso objetivo &#8211; es decir, &#8216;prop\u00f3sitos pacifistas humanistas globales&#8217; &#8211; [y mostrar\u00e1n su verdadera cara de violencia], terrorismo, extremismo y rigidez.<\/p>\n<p>\u00ab[Entretanto], la Franja de Gaza, controlada por el movimiento terrorista derrotista Hamas, seguir\u00e1 siendo un vientre f\u00e9rtil con abundancia para el terrorismo y un invernadero para hacer crecer a terroristas y nuevos reclutas. Los terroristas de Hamas seguir\u00e1n controlando los cientos de t\u00faneles que se extienden desde suelo egipcio hacia Gaza, a trav\u00e9s del cual introducen en la Franja terrorista todo lo que se les ocurra, [incluyendo] bienes comunes, armas y bienes que son considerados contrabando en todo el mundo. \u00bfY d\u00f3nde est\u00e1 la situaci\u00f3n tr\u00e1gica ostensible y el gran sufrimiento?\u00bb<\/p>\n<\/p>\n<hr class=\"c1\" size=\"1\" width=\"33%\" \/>\n<p><a href=\"#_ednref1\" name=\"_edn1\">[1]<\/a> V\u00e9ase MEMRI Despacho Especial No. 3007, \u00abPeriodista Kuwait: La Flotilla Fue Violenta; Israel Tiene Derecho a Auto-Defenderse\u00bb, 8 de junio del 2010, <a href=\"http:\/\/www2.memri.org\/bin\/espanol\/articulos.cgi?Page=archives&amp;Area=ia&amp;ID=SD300710\">http:\/\/www2.memri.org\/bin\/espanol\/articulos.cgi?Page=archives&amp;Area=ia&amp;ID=SD300710<\/a>.<\/p>\n<p><a href=\"#_ednref2\" name=\"_edn2\">[2]<\/a> <em>Al-Watan<\/em> (Kuwait), 19 de junio, 2010.<\/p>\n<\/div>\n","protected":false},"excerpt":{"rendered":"<p>En una continuaci\u00f3n a su art\u00edculo del 3 de junio, 2010 sobre la flotilla a Gaza [1] El redactor kuwait\u00ed &#8216;Abdallah Al-Hadlaq, quien escribe en el diario kuwait\u00ed Al-Watan, public\u00f3 otra columna sobre este tema. En esta, contrast\u00f3 el inter\u00e9s global en lo que est\u00e1 sucediendo en Gaza despreciando a otras m\u00e1s graves crisis humanitarias [&hellip;]<\/p>\n","protected":false},"author":1,"featured_media":9768,"comment_status":"open","ping_status":"open","sticky":false,"template":"","format":"standard","meta":{"footnotes":""},"categories":[6,23,24],"tags":[],"class_list":["post-3778","post","type-post","status-publish","format-standard","has-post-thumbnail","hentry","category-comunicados-especiales","category-autoridad-palestina","category-golfo-persico"],"_links":{"self":[{"href":"https:\/\/www2.memri.org\/espanol\/wp-json\/wp\/v2\/posts\/3778","targetHints":{"allow":["GET"]}}],"collection":[{"href":"https:\/\/www2.memri.org\/espanol\/wp-json\/wp\/v2\/posts"}],"about":[{"href":"https:\/\/www2.memri.org\/espanol\/wp-json\/wp\/v2\/types\/post"}],"author":[{"embeddable":true,"href":"https:\/\/www2.memri.org\/espanol\/wp-json\/wp\/v2\/users\/1"}],"replies":[{"embeddable":true,"href":"https:\/\/www2.memri.org\/espanol\/wp-json\/wp\/v2\/comments?post=3778"}],"version-history":[{"count":0,"href":"https:\/\/www2.memri.org\/espanol\/wp-json\/wp\/v2\/posts\/3778\/revisions"}],"wp:featuredmedia":[{"embeddable":true,"href":"https:\/\/www2.memri.org\/espanol\/wp-json\/wp\/v2\/media\/9768"}],"wp:attachment":[{"href":"https:\/\/www2.memri.org\/espanol\/wp-json\/wp\/v2\/media?parent=3778"}],"wp:term":[{"taxonomy":"category","embeddable":true,"href":"https:\/\/www2.memri.org\/espanol\/wp-json\/wp\/v2\/categories?post=3778"},{"taxonomy":"post_tag","embeddable":true,"href":"https:\/\/www2.memri.org\/espanol\/wp-json\/wp\/v2\/tags?post=3778"}],"curies":[{"name":"wp","href":"https:\/\/api.w.org\/{rel}","templated":true}]}}