{"id":3759,"date":"2010-06-18T00:00:00","date_gmt":"2010-06-18T00:00:00","guid":{"rendered":"http:\/\/www2.memri.org\/espanol\/2010\/06\/18\/ahmadinejad-los-judios-solo-aparentan-ser-humanos-estamos-avanzando-paso-a-paso-hacia-la-implementacion-de-nuestro-plan-para-cambiar-al-mundo-a-partir-de-ahora-actuaremos-para-liberar-al-pueblo-es\/"},"modified":"2010-06-18T00:00:00","modified_gmt":"2010-06-18T00:00:00","slug":"ahmadinejad-los-judios-solo-aparentan-ser-humanos-estamos-avanzando-paso-a-paso-hacia-la-implementacion-de-nuestro-plan-para-cambiar-al-mundo-a-partir-de-ahora-actuaremos-para-liberar-al-pueblo-es","status":"publish","type":"post","link":"https:\/\/www2.memri.org\/espanol\/ahmadinejad-los-judios-solo-aparentan-ser-humanos-estamos-avanzando-paso-a-paso-hacia-la-implementacion-de-nuestro-plan-para-cambiar-al-mundo-a-partir-de-ahora-actuaremos-para-liberar-al-pueblo-es\/3759","title":{"rendered":"Ahmadinejad: Los jud\u00edos s\u00f3lo aparentan ser humanos, estamos avanzando paso a paso hacia la implementaci\u00f3n de nuestro plan para cambiar al mundo; a partir de ahora, actuaremos para liberar al pueblo estadounidense de su gobierno dictatorial"},"content":{"rendered":"<div class=\"bodytext c2\">\n<p><em>En un discurso el 16 de junio, 2010 en la ciudad de Shahre Kord, en el centro de Ir\u00e1n cerca de Isfahan, el presidente iran\u00ed Mahmoud Ahmadinejad reiter\u00f3 su visi\u00f3n antisemita del mundo, llamando a los jud\u00edos los peores criminales y afirmando que s\u00f3lo aparentaban ser humanos. Ahmadinejad tambi\u00e9n dej\u00f3 entrever en su visi\u00f3n apocal\u00edptica, diciendo que todo aquel que conf\u00eda en Dios no debe temerle a nadie. Este agreg\u00f3 que su r\u00e9gimen est\u00e1 actuando con constancia y exitosamente para cambiar el orden mundial y especific\u00f3 la nueva misi\u00f3n de su gobierno &#8211; liberar a la naci\u00f3n norteamericana del r\u00e9gimen \u00abantidemocr\u00e1tico y de intimidaci\u00f3n\u00bb que la oprime.<\/em><\/p>\n<p><em>El discurso, el cual marc\u00f3 un a\u00f1o desde el primer anuncio de la convocatoria del Presidente Obama al apoyo del movimiento Verde &#8211; que Ahmadinejad llama interferencia en los asuntos internos de Ir\u00e1n &#8211; refleja una pol\u00edtica aparente de represalia por cada acci\u00f3n de Occidente. Esto se manifest\u00f3 en la respuesta de Ir\u00e1n a la cuarta ronda de sanciones contra Ir\u00e1n, que incluyen rastreos a buques de Ir\u00e1n con destinos determinados, en el que las autoridades iran\u00edes anunciaron que Ir\u00e1n conducir\u00eda sus propios rastreos a barcos occidentales en el Golfo P\u00e9rsico. <a href=\"#_edn1\" name=\"_ednref1\">[1]<\/a> En la misma vena, en respuesta al apoyo de los Estados Unidos al movimiento Verde de Ir\u00e1n, Ahmadinejad anunci\u00f3 que Ir\u00e1n actuara para ofrecerle asistencia al pueblo estadounidense en lo que respecta a su gobierno dictatorial, ayudando a las actividades de oposici\u00f3n en contra del gobierno de los Estados Unidos.<\/em><\/p>\n<p><em>A continuaci\u00f3n se presentan los puntos principales de las declaraciones de Ahmadinejad: <a href=\"#_edn2\" name=\"_ednref2\">[2]<\/a><\/em><\/p>\n<p><strong>Cualquiera que conf\u00ede en Dios no necesitar temerle a nadie<\/strong><\/p>\n<p>\u00ab&#8230; Si uno se basa en la fuerza de Dios, el poder de los dem\u00e1s no es nada en comparaci\u00f3n y ellos fundamentalmente no tienen derecho a existir. No es que alguien que crea en Dios y conf\u00eda en Su poder no toma en cuenta otras fuerzas y no les teme &#8211; m\u00e1s bien, todo aquel que cree en Dios no conoce otro poder excepto el Suyo&#8230;\u00bb<\/p>\n<p><strong>Los jud\u00edos son \u00ablos criminales m\u00e1s sucios que existen, quienes [s\u00f3lo] aparentan ser humanos\u00bb<\/strong><\/p>\n<p>\u00ab&#8230; Hace sesenta a\u00f1os, ellos [es decir Occidente], reunieron a los criminales m\u00e1s sucios, que [s\u00f3lo] aparentan ser humanos [es decir los jud\u00edos] desde todas las esquinas de la tierra, organizados y armados &#8211; sobre pretextos artificiales y falsos, fabricando informaci\u00f3n e inventando historias [en alusi\u00f3n al Holocausto]. Ellos le dieron [a los jud\u00edos] propaganda y apoyo militar para que pudieran ocupar las tierras de Palestina y desarraigar a la naci\u00f3n palestina&#8230; \u00ab<\/p>\n<p><strong>Nuestro plan para cambiar el orden mundial est\u00e1 avanzando paso a paso<\/strong><\/p>\n<p>\u00ab[Durante mi visita a China], un periodista me dijo: Hace tres a\u00f1os, Occidente emiti\u00f3 varias sanciones [contra Ir\u00e1n] y cuando lo entrevist\u00e9 [para ese entonces], usted se ri\u00f3, hoy tambi\u00e9n, cuando emitieron las [nuevas] sanciones, usted lleg\u00f3 a China&#8230; y se reuni\u00f3 con el pueblo chino y ha estado ri\u00e9ndose desde la ma\u00f1ana hasta ahora&#8230;<\/p>\n<p>\u00abYo le respond\u00ed: \u00bfPor qu\u00e9 debo preocuparme, cuando tenemos un plan para cambiar el mundo, reformar el equilibrio del [poder] opresivo en el mundo y [cambiar] el orden mundial unilateral y discriminatorio? Y estamos progresando paso a paso [en la aplicaci\u00f3n del] plan y estamos contentos y agradecidos con Dios de que ellos [es decir Occidente] est\u00e1n llevando a cabo las operaciones que esper\u00e1bamos. Queremos demostrarle al mundo que el Consejo de Seguridad no tiene ninguna legitimidad, que es opresiva y utiliza un doble discurso, de que es una herramienta de los Estados Unidos y el r\u00e9gimen sionista y miente&#8230;\u00bb<\/p>\n<p><strong>Nuestra misi\u00f3n es liberar al pueblo estadounidense de la dictadura<\/strong><\/p>\n<p>\u00abEs algo que proviene de lo divino el que todos los planes anti-humanos en el mundo y todos los cr\u00edmenes y el derramamiento de sangre, se est\u00e1n llevando a cabo bajo la supervisi\u00f3n del gobierno de los Estados Unidos, pero que la demanda [en detenerlos] proviene s\u00f3lo de nuestra naci\u00f3n&#8230; Esta acci\u00f3n de ellos [aparentemente una referencia a los llamados del Presidente Obama a apoyar al movimiento de protesta iran\u00ed] nos obliga a adoptar una nueva misi\u00f3n internacional, porque hoy la dictadura m\u00e1s brutal est\u00e1 siendo implementada en contra de la naci\u00f3n norteamericana, la cual est\u00e1 sujeta a la peor asfixia &#8211; la prensa no es libre en describir los cr\u00edmenes de Israel y Estados Unidos, ni las manifestaciones en respuesta a estos cr\u00edmenes pueden ser celebradas libremente&#8230;<\/p>\n<p>\u00abPor la presente anuncio que a partir de ahora, una de las principales aspiraciones de la naci\u00f3n iran\u00ed ser\u00e1 liberar al pueblo estadounidense de [su] gobierno antidemocr\u00e1tico y de intimidaci\u00f3n\u00bb.<\/p>\n<\/p>\n<hr class=\"c1\" size=\"1\" width=\"33%\" \/>\n<p><a href=\"#_ednref1\" name=\"_edn1\">[1]<\/a> Ali Saidi, representante del L\u00edder Supremo iran\u00ed Ali Jamenei en el Cuerpo de la Guardia Revolucionaria Isl\u00e1mica (CGRI), Mehr (Ir\u00e1n), 16 de junio, 2010. Tambi\u00e9n el vocero del Majlis &#8216;Ali Larijani, Fars (Ir\u00e1n), 16 de junio, 2010.<\/p>\n<p><a href=\"#_ednref2\" name=\"_edn2\">[2]<\/a> Fars (Ir\u00e1n), 16 de junio, 2010.<\/p>\n<\/div>\n","protected":false},"excerpt":{"rendered":"<p>En un discurso el 16 de junio, 2010 en la ciudad de Shahre Kord, en el centro de Ir\u00e1n cerca de Isfahan, el presidente iran\u00ed Mahmoud Ahmadinejad reiter\u00f3 su visi\u00f3n antisemita del mundo, llamando a los jud\u00edos los peores criminales y afirmando que s\u00f3lo aparentaban ser humanos. Ahmadinejad tambi\u00e9n dej\u00f3 entrever en su visi\u00f3n apocal\u00edptica, [&hellip;]<\/p>\n","protected":false},"author":1,"featured_media":0,"comment_status":"open","ping_status":"open","sticky":false,"template":"","format":"standard","meta":{"footnotes":""},"categories":[10,6],"tags":[],"class_list":["post-3759","post","type-post","status-publish","format-standard","hentry","category-estudios-sobre-terrorismo-y-yihad","category-comunicados-especiales"],"_links":{"self":[{"href":"https:\/\/www2.memri.org\/espanol\/wp-json\/wp\/v2\/posts\/3759","targetHints":{"allow":["GET"]}}],"collection":[{"href":"https:\/\/www2.memri.org\/espanol\/wp-json\/wp\/v2\/posts"}],"about":[{"href":"https:\/\/www2.memri.org\/espanol\/wp-json\/wp\/v2\/types\/post"}],"author":[{"embeddable":true,"href":"https:\/\/www2.memri.org\/espanol\/wp-json\/wp\/v2\/users\/1"}],"replies":[{"embeddable":true,"href":"https:\/\/www2.memri.org\/espanol\/wp-json\/wp\/v2\/comments?post=3759"}],"version-history":[{"count":0,"href":"https:\/\/www2.memri.org\/espanol\/wp-json\/wp\/v2\/posts\/3759\/revisions"}],"wp:attachment":[{"href":"https:\/\/www2.memri.org\/espanol\/wp-json\/wp\/v2\/media?parent=3759"}],"wp:term":[{"taxonomy":"category","embeddable":true,"href":"https:\/\/www2.memri.org\/espanol\/wp-json\/wp\/v2\/categories?post=3759"},{"taxonomy":"post_tag","embeddable":true,"href":"https:\/\/www2.memri.org\/espanol\/wp-json\/wp\/v2\/tags?post=3759"}],"curies":[{"name":"wp","href":"https:\/\/api.w.org\/{rel}","templated":true}]}}