{"id":3743,"date":"2010-06-16T00:00:00","date_gmt":"2010-06-16T00:00:00","guid":{"rendered":"http:\/\/www2.memri.org\/espanol\/2010\/06\/16\/sermon-desde-gaza-en-el-canal-de-la-television-de-hamas-al-aqsa-la-aniquilacion-de-los-judios-sera-lograda-por-los-musulmanes-la-destruccion-de-su-estado-solo-sera-lograda-a-traves-del-islam-por-aq\/"},"modified":"2016-01-14T15:36:34","modified_gmt":"2016-01-14T15:36:34","slug":"sermon-desde-gaza-en-el-canal-de-la-television-de-hamas-al-aqsa-la-aniquilacion-de-los-judios-sera-lograda-por-los-musulmanes-la-destruccion-de-su-estado-solo-sera-lograda-a-traves-del-islam-por-aq","status":"publish","type":"post","link":"https:\/\/www2.memri.org\/espanol\/sermon-desde-gaza-en-el-canal-de-la-television-de-hamas-al-aqsa-la-aniquilacion-de-los-judios-sera-lograda-por-los-musulmanes-la-destruccion-de-su-estado-solo-sera-lograda-a-traves-del-islam-por-aq\/3743","title":{"rendered":"Serm\u00f3n desde Gaza en el canal de la televisi\u00f3n de Hamas Al-Aqsa: La aniquilaci\u00f3n de los jud\u00edos ser\u00e1 lograda por los musulmanes, la destrucci\u00f3n de su estado s\u00f3lo ser\u00e1 lograda a trav\u00e9s del Islam, por aquellos que se inclinan ante Al\u00e1, Oriente comunista y el Occidente capitalista no temen tanto como le temen a las palabras de &#8216;Al\u00e1 Akbar&#8217;"},"content":{"rendered":"<div class=\"bodytext c1\">\n<p><em>A continuaci\u00f3n se presentan extractos de un serm\u00f3n del Viernes dado por un predicador afiliado a Hamas desde Jabalya, Gaza, el 11 de junio del 2010 y presentado en Al-Aqsa TV.<\/em><\/p>\n<ul>\n<li><em>Para ver este segmento de video en MEMRI TV, visite <a href=\"http:\/\/www.memritv.org\/clip\/en\/0\/0\/0\/0\/0\/0\/2511.htm\">http:\/\/www.memritv.org\/clip\/en\/0\/0\/0\/0\/0\/0\/2511.htm<\/a>.<\/em><\/li>\n<li><em>Para ver la p\u00e1gina de MEMRI TV sobre Al-Aqsa TV, visite <a href=\"http:\/\/www.memritv.org\/content\/en\/tv_channel_indiv.htm?id=175\">http:\/\/www.memritv.org\/content\/en\/tv_channel_indiv.htm?id=175<\/a>.<\/em><\/li>\n<li><em>Para ver la p\u00e1gina de MEMRI sobre los palestinos, visite <a href=\"http:\/\/www.memri.org\/palestinianmediastudiesproject\">http:\/\/www.memri.org\/palestinianmediastudiesproject<\/a>.<\/em><\/li>\n<\/ul>\n<p><strong>Predicador<\/strong>: \u00abEl que cree que nuestra batalla contra los jud\u00edos y los cruzados ha subsanado o est\u00e1 latente vive delirando. \u00bfSaben por qu\u00e9, Oh gente distinguida? \u00bfSaben por qu\u00e9 el conflicto contin\u00faa y continuar\u00e1 hasta el D\u00eda del Juicio Final? Porque el Oriente comunista y el Occidente capitalista no teme tanto como le teme a la proclamaci\u00f3n de que no existe dios sino Al\u00e1 y que Mahoma es su mensajero. No temen tanto como le temen a las palabras &#8216;Al\u00e1 Akbar&#8217;. [&#8230;]<\/p>\n<p>\u00abLos jud\u00edos est\u00e1n convencidos de que su aniquilaci\u00f3n y la destrucci\u00f3n de su estado nunca ser\u00e1 lograda por reg\u00edmenes seculares, reaccionarios, pan-\u00e1rabes o Ba&#8217;thistas. Su aniquilaci\u00f3n y la destrucci\u00f3n de su estado s\u00f3lo ser\u00e1n logradas a trav\u00e9s del Islam, por los que se inclinan ante Al\u00e1. [&#8230;]<\/p>\n<p>\u00abRusia y los Estados Unidos pueden tener sus desacuerdos, pero cuando el profeta Mahoma es el enemigo, se olvidan de sus diferencias. Esto es un hecho\u00bb.<\/p>\n<p>&nbsp;<\/p>\n<\/div>\n","protected":false},"excerpt":{"rendered":"<p>A continuaci\u00f3n se presentan extractos de un serm\u00f3n del Viernes dado por un predicador afiliado a Hamas desde Jabalya, Gaza, el 11 de junio del 2010 y presentado en Al-Aqsa TV. Para ver este segmento de video en MEMRI TV, visite http:\/\/www.memritv.org\/clip\/en\/0\/0\/0\/0\/0\/0\/2511.htm. Para ver la p\u00e1gina de MEMRI TV sobre Al-Aqsa TV, visite http:\/\/www.memritv.org\/content\/en\/tv_channel_indiv.htm?id=175. Para [&hellip;]<\/p>\n","protected":false},"author":1,"featured_media":0,"comment_status":"open","ping_status":"open","sticky":false,"template":"","format":"standard","meta":{"footnotes":""},"categories":[6,16],"tags":[],"class_list":["post-3743","post","type-post","status-publish","format-standard","hentry","category-comunicados-especiales","category-proyecto-documental-sobre-antisemitismo"],"_links":{"self":[{"href":"https:\/\/www2.memri.org\/espanol\/wp-json\/wp\/v2\/posts\/3743","targetHints":{"allow":["GET"]}}],"collection":[{"href":"https:\/\/www2.memri.org\/espanol\/wp-json\/wp\/v2\/posts"}],"about":[{"href":"https:\/\/www2.memri.org\/espanol\/wp-json\/wp\/v2\/types\/post"}],"author":[{"embeddable":true,"href":"https:\/\/www2.memri.org\/espanol\/wp-json\/wp\/v2\/users\/1"}],"replies":[{"embeddable":true,"href":"https:\/\/www2.memri.org\/espanol\/wp-json\/wp\/v2\/comments?post=3743"}],"version-history":[{"count":0,"href":"https:\/\/www2.memri.org\/espanol\/wp-json\/wp\/v2\/posts\/3743\/revisions"}],"wp:attachment":[{"href":"https:\/\/www2.memri.org\/espanol\/wp-json\/wp\/v2\/media?parent=3743"}],"wp:term":[{"taxonomy":"category","embeddable":true,"href":"https:\/\/www2.memri.org\/espanol\/wp-json\/wp\/v2\/categories?post=3743"},{"taxonomy":"post_tag","embeddable":true,"href":"https:\/\/www2.memri.org\/espanol\/wp-json\/wp\/v2\/tags?post=3743"}],"curies":[{"name":"wp","href":"https:\/\/api.w.org\/{rel}","templated":true}]}}