{"id":37378,"date":"2017-10-10T14:40:11","date_gmt":"2017-10-10T18:40:11","guid":{"rendered":"http:\/\/www2.memri.org\/espanol\/?p=37378"},"modified":"2021-04-19T15:37:43","modified_gmt":"2021-04-19T19:37:43","slug":"proyecto-supervision-a-la-amenaza-terrorista-y-yihad-psaty-resumen-del-fin-de-semana-54","status":"publish","type":"post","link":"https:\/\/www2.memri.org\/espanol\/proyecto-supervision-a-la-amenaza-terrorista-y-yihad-psaty-resumen-del-fin-de-semana-54\/37378","title":{"rendered":"Proyecto Supervisi\u00f3n a la Amenaza Terrorista y Yihad (PSATY) Resumen del fin de semana"},"content":{"rendered":"<p><em>Lo siguiente son algunos de los informes de esta semana del Proyecto Supervisi\u00f3n a la Amenaza del Terrorismo y Yihad en MEMRI (PSATY), que traduce y analiza el contenido de fuentes supervisadas durante las 24 horas del d\u00eda, entre ellos los portales y blogs yihadistas m\u00e1s importantes. (Para ver estos informes en su totalidad, usted debe ser miembro del PSATY; para informaci\u00f3n sobre como subscribirse, env\u00ede un correo electr\u00f3nico a jttmsubs@memri.org con la &#8216;palabra \u00abMembrec\u00eda\u00bb en la l\u00ednea del tema.) <\/em><\/p>\n<p><strong><em>Nota a los medios de comunicaci\u00f3n y el gobierno: Para recibir una copia completa de estos informes, env\u00ede un correo electr\u00f3nico con el t\u00edtulo del informe en la l\u00ednea del tema a <a href=\"mailto:media@memri.org\">media@memri.org<\/a>. Por favor incluya su nombre, cargo, y la organizaci\u00f3n a la cual pertenece en su correo electr\u00f3nico.<\/em><\/strong><\/p>\n<p><a href=\"https:\/\/www.memri.org\/jttm\/al-qaeda-leader-ayman-al-zawahiri-appeals-audio-%E2%80%8Erecording-unity-among-mujahideen-warns-against\"><strong>EXCLUSIVO: L\u00edder de Al-Qaeda Ayman Al-Zawahiri apela por la unidad entre los muyahidines en grabaci\u00f3n de audio y advierte contra el comprometerse con los Estados Unidos junto a reconocer el fracaso de la Primavera \u00c1rabe<\/strong><\/a><\/p>\n<p><img loading=\"lazy\" decoding=\"async\" class=\"alignnone size-full wp-image-39747\" src=\"https:\/\/www2.memri.org\/espanol\/wp-content\/uploads\/2017\/11\/jttmweekly100717-10-2.jpg\" alt=\"\" width=\"853\" height=\"479\" srcset=\"https:\/\/www2.memri.org\/espanol\/wp-content\/uploads\/2017\/11\/jttmweekly100717-10-2.jpg 853w, https:\/\/www2.memri.org\/espanol\/wp-content\/uploads\/2017\/11\/jttmweekly100717-10-2-300x168.jpg 300w, https:\/\/www2.memri.org\/espanol\/wp-content\/uploads\/2017\/11\/jttmweekly100717-10-2-768x431.jpg 768w, https:\/\/www2.memri.org\/espanol\/wp-content\/uploads\/2017\/11\/jttmweekly100717-10-2-600x337.jpg 600w, https:\/\/www2.memri.org\/espanol\/wp-content\/uploads\/2017\/11\/jttmweekly100717-10-2-696x391.jpg 696w, https:\/\/www2.memri.org\/espanol\/wp-content\/uploads\/2017\/11\/jttmweekly100717-10-2-748x420.jpg 748w\" sizes=\"auto, (max-width: 853px) 100vw, 853px\" \/><\/p>\n<p>El 4 de octubre, 2017 Al-Sahab, el ala de medios de comunicaci\u00f3n de Al-Qaeda dio a conocer una grabaci\u00f3n de audio del l\u00edder del grupo Ayman Al-Zawahiri, quien reitera su llamado a la unidad entre los musulmanes, especialmente a los muyahidines, al tiempo que les advirti\u00f3 no comprometerse ante las amenazas de Estados Unidos<\/p>\n<p><a href=\"https:\/\/www.memri.org\/jttm\/french-sermon-isis-al-bayan-radio-titled-enemy-too-strong-recognizes-loss-morale-among-fighters\"><strong>EXCLUSIVO: Serm\u00f3n franc\u00e9s en el canal de Radio del EIIS Al-Bayan titulado \u00abEl Enemigo es Demasiado Fuerte\u00bb reconoce la p\u00e9rdida de moral entre sus combatientes<\/strong><\/a><\/p>\n<p><img loading=\"lazy\" decoding=\"async\" class=\"alignnone size-full wp-image-39749\" src=\"https:\/\/www2.memri.org\/espanol\/wp-content\/uploads\/2017\/11\/jttmweekly1007171-10-2.jpg\" alt=\"\" width=\"604\" height=\"291\" srcset=\"https:\/\/www2.memri.org\/espanol\/wp-content\/uploads\/2017\/11\/jttmweekly1007171-10-2.jpg 604w, https:\/\/www2.memri.org\/espanol\/wp-content\/uploads\/2017\/11\/jttmweekly1007171-10-2-300x145.jpg 300w, https:\/\/www2.memri.org\/espanol\/wp-content\/uploads\/2017\/11\/jttmweekly1007171-10-2-600x289.jpg 600w\" sizes=\"auto, (max-width: 604px) 100vw, 604px\" \/><\/p>\n<p>El 27 de septiembre, 2017 la estaci\u00f3n de radio oficial del Estado Isl\u00e1mico (EIIS) Al-Bayan dio a conocer una nueva grabaci\u00f3n de audio de un serm\u00f3n en franc\u00e9s titulado \u00abThe Enemy Is Too Strong\u00bb (El Enemigo es Demasiado Fuerte). La estaci\u00f3n de radio Al-Bayan perteneciente al EIIS ha publicado recientemente varios sermones de audio en franc\u00e9s.<\/p>\n<p><a href=\"https:\/\/www.memri.org\/jttm\/senior-libyan-official-reveals-information-isis-libya\"><strong>EXCLUSIVO: Antiguo funcionario libio revela informaci\u00f3n sobre el EIIS en Libia<\/strong><\/a><\/p>\n<p><img loading=\"lazy\" decoding=\"async\" class=\"alignnone size-full wp-image-39751\" src=\"https:\/\/www2.memri.org\/espanol\/wp-content\/uploads\/2017\/11\/jttmweekly1007172-10-2.jpg\" alt=\"\" width=\"960\" height=\"540\" srcset=\"https:\/\/www2.memri.org\/espanol\/wp-content\/uploads\/2017\/11\/jttmweekly1007172-10-2.jpg 960w, https:\/\/www2.memri.org\/espanol\/wp-content\/uploads\/2017\/11\/jttmweekly1007172-10-2-300x169.jpg 300w, https:\/\/www2.memri.org\/espanol\/wp-content\/uploads\/2017\/11\/jttmweekly1007172-10-2-768x432.jpg 768w, https:\/\/www2.memri.org\/espanol\/wp-content\/uploads\/2017\/11\/jttmweekly1007172-10-2-600x338.jpg 600w, https:\/\/www2.memri.org\/espanol\/wp-content\/uploads\/2017\/11\/jttmweekly1007172-10-2-696x392.jpg 696w, https:\/\/www2.memri.org\/espanol\/wp-content\/uploads\/2017\/11\/jttmweekly1007172-10-2-747x420.jpg 747w\" sizes=\"auto, (max-width: 960px) 100vw, 960px\" \/><\/p>\n<p>El 28 de septiembre, 2017 el Director del Bur\u00f3 de Investigaci\u00f3n en la Oficina del Secretario General del Gobierno Libio de Acuerdo Nacional (GAN) Sadiq Al-Sur, celebr\u00f3 una conferencia de prensa de aproximadamente una hora y 20 minutos de duraci\u00f3n, durante la cual revel\u00f3 nuevos detalles sobre los inicios del Estado Isl\u00e1mico (EIIS) en Libia, su estructura, sus antiguos activistas, los pa\u00edses de los cuales han provenido sus combatientes y sus actividades.<\/p>\n<p><a href=\"https:\/\/www.memri.org\/jttm\/english-speaking-chechen-hayat-tahrir-al-sham-hts-fighter-describes-interactions-fleeing-isis\"><strong>EXCLUSIVO: Combatiente checheno de habla inglesa de la organizaci\u00f3n Hay&#8217;at Tahrir Al-Sham (HTS) describe interacciones con familias que huyen del EIIS y con j\u00f3venes a quienes les han lavado el cerebro en Facebook<\/strong><\/a><\/p>\n<p><img loading=\"lazy\" decoding=\"async\" class=\"alignnone size-full wp-image-39753\" src=\"https:\/\/www2.memri.org\/espanol\/wp-content\/uploads\/2017\/11\/jttmweekly1007173-10-2.jpg\" alt=\"\" width=\"443\" height=\"791\" srcset=\"https:\/\/www2.memri.org\/espanol\/wp-content\/uploads\/2017\/11\/jttmweekly1007173-10-2.jpg 443w, https:\/\/www2.memri.org\/espanol\/wp-content\/uploads\/2017\/11\/jttmweekly1007173-10-2-168x300.jpg 168w, https:\/\/www2.memri.org\/espanol\/wp-content\/uploads\/2017\/11\/jttmweekly1007173-10-2-235x420.jpg 235w\" sizes=\"auto, (max-width: 443px) 100vw, 443px\" \/><\/p>\n<p>Un combatiente de habla inglesa de Hay&#8217;at Tahrir Al-Sham (HTS), de ascendencia chechena cuyo nombre es Abu Al Chechen publica peri\u00f3dicamente actualizaciones en Facebook acerca de sus experiencias en Siria. En varias ocasiones ha descrito sus interacciones con chicos y familias que huyeron del Estado Isl\u00e1mico (EIIS).<\/p>\n<p><a href=\"https:\/\/www.memri.org\/jttm\/isis-supporter-encourages-medical-personnel-attack-hospitalized-patients\"><strong>EXCLUSIVO: Partidario del EIIS alienta al personal m\u00e9dico a atacar a pacientes hospitalizados<\/strong><\/a><\/p>\n<p><img loading=\"lazy\" decoding=\"async\" class=\"alignnone size-full wp-image-39755\" src=\"https:\/\/www2.memri.org\/espanol\/wp-content\/uploads\/2017\/11\/jttmweekly1007174-10-2.jpg\" alt=\"\" width=\"779\" height=\"375\" srcset=\"https:\/\/www2.memri.org\/espanol\/wp-content\/uploads\/2017\/11\/jttmweekly1007174-10-2.jpg 779w, https:\/\/www2.memri.org\/espanol\/wp-content\/uploads\/2017\/11\/jttmweekly1007174-10-2-300x144.jpg 300w, https:\/\/www2.memri.org\/espanol\/wp-content\/uploads\/2017\/11\/jttmweekly1007174-10-2-768x370.jpg 768w, https:\/\/www2.memri.org\/espanol\/wp-content\/uploads\/2017\/11\/jttmweekly1007174-10-2-600x289.jpg 600w, https:\/\/www2.memri.org\/espanol\/wp-content\/uploads\/2017\/11\/jttmweekly1007174-10-2-696x335.jpg 696w\" sizes=\"auto, (max-width: 779px) 100vw, 779px\" \/><\/p>\n<p>Un art\u00edculo publicado el 19 de septiembre, 2017 por la compa\u00f1\u00eda de medios de comunicaci\u00f3n Al-Wafa afiliada al EIIS, titulado \u00abM\u00e9todos para asesinar a los ap\u00f3statas heridos en los hospitales a trav\u00e9s de medicamentos y tratamientos\u00bb y pide al personal m\u00e9dico que tenga en la mira a \u00abap\u00f3statas\u00bb e \u00abinfieles\u00bb heridos en los hospitales donde trabajan.<\/p>\n<p><a href=\"https:\/\/www.memri.org\/jttm\/american-salafi-woman-instagram-expresses-support-pro-isis-clerics-follows-isis-accounts-claims\"><strong>EXCLUSIVO: Mujer salafista norteamericana en Instagram expresa su apoyo a los cl\u00e9rigos partidarios del EIIS y sigue las cuentas del EIIS y clama estar en la lista de vigilancia del FBI<\/strong><\/a><\/p>\n<p><img loading=\"lazy\" decoding=\"async\" class=\"alignnone size-full wp-image-39758\" src=\"https:\/\/www2.memri.org\/espanol\/wp-content\/uploads\/2017\/11\/jttmweekly1007175-9-2.jpg\" alt=\"\" width=\"692\" height=\"420\" srcset=\"https:\/\/www2.memri.org\/espanol\/wp-content\/uploads\/2017\/11\/jttmweekly1007175-9-2.jpg 692w, https:\/\/www2.memri.org\/espanol\/wp-content\/uploads\/2017\/11\/jttmweekly1007175-9-2-300x182.jpg 300w, https:\/\/www2.memri.org\/espanol\/wp-content\/uploads\/2017\/11\/jttmweekly1007175-9-2-600x364.jpg 600w\" sizes=\"auto, (max-width: 692px) 100vw, 692px\" \/><\/p>\n<p>Una mujer estadounidense en Instagram coment\u00f3 que se encontraba en la lista de vigilancia del FBI. El comentario fue publicado en una cuenta del Estado Isl\u00e1mico (EIIS) en Instagram que se mofaba de los servicios de inteligencia occidentales en un publicado.<\/p>\n<p><a href=\"https:\/\/www.memri.org\/jttm\/abu-muhammad-al-joulani-new-commander-hayat-tahrir-al-sham-hts\"><strong>Abu Muhammad Al-Joulani nuevo comandante de Hay&#8217;at Tahrir Al-Sham (HTS)<\/strong><\/a><\/p>\n<p><img loading=\"lazy\" decoding=\"async\" class=\"alignnone size-full wp-image-39760\" src=\"https:\/\/www2.memri.org\/espanol\/wp-content\/uploads\/2017\/11\/jttmweekly1007176-9-2.jpg\" alt=\"\" width=\"484\" height=\"268\" srcset=\"https:\/\/www2.memri.org\/espanol\/wp-content\/uploads\/2017\/11\/jttmweekly1007176-9-2.jpg 484w, https:\/\/www2.memri.org\/espanol\/wp-content\/uploads\/2017\/11\/jttmweekly1007176-9-2-300x166.jpg 300w\" sizes=\"auto, (max-width: 484px) 100vw, 484px\" \/><\/p>\n<p>El 1 de octubre, 2017 Hay&#8217;at Tahrir Al-Sham (HTS) anunci\u00f3 en un comunicado que, tras deliberaciones de su Consejo Shura, decidi\u00f3 \u00abaceptar la dimisi\u00f3n de Abu Jaber Al-Sheikh de su cargo como comandante general del HTS.<\/p>\n<p><a href=\"https:\/\/www.memri.org\/jttm\/pro-al-qaeda-media-outlet-calls-moroccan-jihadis-prepare-armed-uprising-against-authorities\"><strong>Medios de comunicaci\u00f3n pro-Al-Qaeda piden a yihadistas marroqu\u00edes se preparen para una revuelta armada contra las autoridades<\/strong><\/a><\/p>\n<p><img loading=\"lazy\" decoding=\"async\" class=\"alignnone size-full wp-image-39762\" src=\"https:\/\/www2.memri.org\/espanol\/wp-content\/uploads\/2017\/11\/jttmweekly1007177-9-2.jpg\" alt=\"\" width=\"430\" height=\"506\" srcset=\"https:\/\/www2.memri.org\/espanol\/wp-content\/uploads\/2017\/11\/jttmweekly1007177-9-2.jpg 430w, https:\/\/www2.memri.org\/espanol\/wp-content\/uploads\/2017\/11\/jttmweekly1007177-9-2-255x300.jpg 255w, https:\/\/www2.memri.org\/espanol\/wp-content\/uploads\/2017\/11\/jttmweekly1007177-9-2-357x420.jpg 357w\" sizes=\"auto, (max-width: 430px) 100vw, 430px\" \/><\/p>\n<p>El 30 de septiembre, 2017 el medio de comunicaci\u00f3n Al-Hijrah, afiliado a Al-Qaeda, public\u00f3 la edici\u00f3n No. 15 de su bolet\u00edn semanal en ingl\u00e9s, dedicado al \u00abYihad contra el malvado r\u00e9gimen de Marruecos\u00bb.<\/p>\n<p><a href=\"https:\/\/www.memri.org\/jttm\/isis-supporters-rejoice-las-vegas-attack-social-media-what-now-trump-you-banned-radicalized\"><strong>Partidarios del EIIS se regocijan por ataque en Las Vegas en los medios de comunicaci\u00f3n sociales: &#8216;\u00bfQu\u00e9 har\u00e1s ahora Trump? Prohibiste viajar a los Estados Unidos a los \u00abmusulmanes radicalizados\u00bb! Al\u00e1 te envi\u00f3 a uno de sus soldados desde muy dentro de tu propio pueblo&#8217;<\/strong><\/a><\/p>\n<p><img loading=\"lazy\" decoding=\"async\" class=\"alignnone size-full wp-image-39765\" src=\"https:\/\/www2.memri.org\/espanol\/wp-content\/uploads\/2017\/11\/jttmweekly1007178-9-2.jpg\" alt=\"\" width=\"441\" height=\"563\" srcset=\"https:\/\/www2.memri.org\/espanol\/wp-content\/uploads\/2017\/11\/jttmweekly1007178-9-2.jpg 441w, https:\/\/www2.memri.org\/espanol\/wp-content\/uploads\/2017\/11\/jttmweekly1007178-9-2-235x300.jpg 235w, https:\/\/www2.memri.org\/espanol\/wp-content\/uploads\/2017\/11\/jttmweekly1007178-9-2-329x420.jpg 329w\" sizes=\"auto, (max-width: 441px) 100vw, 441px\" \/><\/p>\n<p>El 2 de octubre de 2017, la agencia de noticias isl\u00e1mica EIIS A&#8217;maq se adjudic\u00f3 la responsabilidad del atentado mortal de la noche anterior en un festival de m\u00fasica country en Las Vegas, en el que murieron m\u00e1s de 50 personas y varios cientos resultaron heridos.<\/p>\n<p><a href=\"https:\/\/www.memri.org\/jttm\/updated-%E2%80%93%E2%80%8E-isis-claims-attack-las-vegas-music-festival-says-%E2%80%8Eattacker-converted-islam-few\"><strong>ACTUALIZADO &#8211; El EIIS se responsabiliza por el ataque en el Festival de M\u00fasica de Las Vegas y dice que el atacante se convirti\u00f3 al Islam hace unos meses<\/strong><\/a><\/p>\n<p><img loading=\"lazy\" decoding=\"async\" class=\"alignnone size-full wp-image-39767\" src=\"https:\/\/www2.memri.org\/espanol\/wp-content\/uploads\/2017\/11\/jttmweekly1007179-9-2.jpg\" alt=\"\" width=\"492\" height=\"597\" srcset=\"https:\/\/www2.memri.org\/espanol\/wp-content\/uploads\/2017\/11\/jttmweekly1007179-9-2.jpg 492w, https:\/\/www2.memri.org\/espanol\/wp-content\/uploads\/2017\/11\/jttmweekly1007179-9-2-247x300.jpg 247w, https:\/\/www2.memri.org\/espanol\/wp-content\/uploads\/2017\/11\/jttmweekly1007179-9-2-346x420.jpg 346w\" sizes=\"auto, (max-width: 492px) 100vw, 492px\" \/><\/p>\n<p>El 2 de octubre, 2017 la agencia de noticias del Estado Isl\u00e1mico (EIIS) A&#8217;maq se adjudic\u00f3 la responsabilidad por el mort\u00edfero ataque la noche anterior en un festival de m\u00fasica country en Las Vegas, en el que murieron m\u00e1s de 50 personas y varios cientos fueron heridos.<\/p>\n<p><a href=\"https:\/\/www.memri.org\/jttm\/video-released-pro-isis-media-group-presents-las-vegas-shooting-revenge-against-us\"><strong>Video publicado por grupo medi\u00e1tico pro-EIIS presenta el tiroteo en Las Vegas como una venganza contra los Estados Unidos<\/strong><\/a><\/p>\n<p><img loading=\"lazy\" decoding=\"async\" class=\"alignnone size-full wp-image-39769\" src=\"https:\/\/www2.memri.org\/espanol\/wp-content\/uploads\/2017\/11\/jttmweekly10071710-9-2.jpg\" alt=\"\" width=\"848\" height=\"429\" srcset=\"https:\/\/www2.memri.org\/espanol\/wp-content\/uploads\/2017\/11\/jttmweekly10071710-9-2.jpg 848w, https:\/\/www2.memri.org\/espanol\/wp-content\/uploads\/2017\/11\/jttmweekly10071710-9-2-300x152.jpg 300w, https:\/\/www2.memri.org\/espanol\/wp-content\/uploads\/2017\/11\/jttmweekly10071710-9-2-768x389.jpg 768w, https:\/\/www2.memri.org\/espanol\/wp-content\/uploads\/2017\/11\/jttmweekly10071710-9-2-600x304.jpg 600w, https:\/\/www2.memri.org\/espanol\/wp-content\/uploads\/2017\/11\/jttmweekly10071710-9-2-696x352.jpg 696w, https:\/\/www2.memri.org\/espanol\/wp-content\/uploads\/2017\/11\/jttmweekly10071710-9-2-830x420.jpg 830w\" sizes=\"auto, (max-width: 848px) 100vw, 848px\" \/><\/p>\n<p>Luego que el Estado Isl\u00e1mico se adjudicara la responsabilidad por la masiva balacera del 2 de octubre, 2017 en Las Vegas, la fundaci\u00f3n medi\u00e1tica pro-EIIS Al-Battar dio a conocer un video de 2 minutos de duraci\u00f3n en ingl\u00e9s titulado \u00abVenganza Legitima\u00bb. Para ver el video<\/p>\n<p><strong><em>Nota a los medios de comunicaci\u00f3n y gobierno: Para obtener una copia completa de este v\u00eddeo, env\u00ede un correo electr\u00f3nico con el t\u00edtulo del informe en la l\u00ednea de asuntos a <a href=\"mailto:media@memri.org\">media@memri.org<\/a>. Por favor incluya su nombre, cargo y la organizaci\u00f3n a la cual pertenece en su correo electr\u00f3nico.<\/em><\/strong><\/p>\n<p><strong><em>(Para ver este video en su totalidad, usted debe ser miembro inscrito del PSATY en MEMRI; para obtener informaci\u00f3n sobre c\u00f3mo obtener la membrec\u00eda, env\u00ede un correo electr\u00f3nico a <a href=\"mailto:jttmsubs@memri.org\">jttmsubs@memri.org<\/a> con la palabra \u00abMembrec\u00eda\u00bb en la l\u00ednea del tema).<\/em><\/strong><\/p>\n<p><a href=\"https:\/\/www.memri.org\/jttm\/isis-north-baghdad-province-releases-pictorial-report-%E2%80%8Ejustpasteit-showing-making-suicide-vests\"><strong>La Provincia Norte del EIIS en Bagdad da a conocer informe fotogr\u00e1fico en Justpaste.it mostrando la fabricaci\u00f3n de chalecos suicidas<\/strong><\/a><\/p>\n<p><img loading=\"lazy\" decoding=\"async\" class=\"alignnone size-full wp-image-39770\" src=\"https:\/\/www2.memri.org\/espanol\/wp-content\/uploads\/2017\/11\/jttmweekly10071711-9-2.jpg\" alt=\"\" width=\"768\" height=\"432\" srcset=\"https:\/\/www2.memri.org\/espanol\/wp-content\/uploads\/2017\/11\/jttmweekly10071711-9-2.jpg 768w, https:\/\/www2.memri.org\/espanol\/wp-content\/uploads\/2017\/11\/jttmweekly10071711-9-2-300x169.jpg 300w, https:\/\/www2.memri.org\/espanol\/wp-content\/uploads\/2017\/11\/jttmweekly10071711-9-2-600x338.jpg 600w, https:\/\/www2.memri.org\/espanol\/wp-content\/uploads\/2017\/11\/jttmweekly10071711-9-2-696x392.jpg 696w, https:\/\/www2.memri.org\/espanol\/wp-content\/uploads\/2017\/11\/jttmweekly10071711-9-2-747x420.jpg 747w\" sizes=\"auto, (max-width: 768px) 100vw, 768px\" \/><\/p>\n<p>El 2 de octubre, 2017 la provincia norte de Bagdad del Estado Isl\u00e1mico (EIIS) public\u00f3 un informe fotogr\u00e1fico que muestra la fabricaci\u00f3n de chalecos suicidas. El informe fue alojado en el portal de intercambio de texto e imagen Justpaste.it y fue publicado en los canales afiliados al EIIS Nasher News en la plataforma Telegram.<\/p>\n<p><a href=\"https:\/\/www.memri.org\/jttm\/isis-video-shows-group-using-unexploded-us-ordnance-its-operations-manufacturing-bombs\"><strong>Video del EIIS muestra a grupo utilizando artiller\u00eda no-explorada en sus operaciones, fabricando bombas para sus drones cargados de armamento<\/strong><\/a><\/p>\n<p><img loading=\"lazy\" decoding=\"async\" class=\"alignnone size-full wp-image-39773\" src=\"https:\/\/www2.memri.org\/espanol\/wp-content\/uploads\/2017\/11\/jttmweekly10071712-8-2.jpg\" alt=\"\" width=\"600\" height=\"199\" srcset=\"https:\/\/www2.memri.org\/espanol\/wp-content\/uploads\/2017\/11\/jttmweekly10071712-8-2.jpg 600w, https:\/\/www2.memri.org\/espanol\/wp-content\/uploads\/2017\/11\/jttmweekly10071712-8-2-300x100.jpg 300w\" sizes=\"auto, (max-width: 600px) 100vw, 600px\" \/><\/p>\n<p>El 29 de septiembre, 2017 la oficina de medios del Estado Isl\u00e1mico (EIIS) en Raqqa, Siria, dio a conocer un video mostrando al grupo utilizando bombas estadounidenses sin detonar en sus operaciones de martirio, ataques con &#8216;dispositivos explosivos improvisados&#8217; (DEI) y ataques con drones (aviones no tripulados). El video, el cual fue publicado en varias cuentas Twitter pro-EIIS y canales de la plataforma Telegram, tambi\u00e9n cont\u00f3 con un combatiente yemen\u00ed llamado Abu Hafs instando a los muyahidines a pedirle perd\u00f3n a Al\u00e1 y mostr\u00f3 a otro combatiente que construyo las bombas utilizadas en los ataques con explosivos del EIIS.<\/p>\n<p><a href=\"https:\/\/www.memri.org\/jttm\/uyghur-isis-members-urge-uyghurs-who-joined-other-groups-join-isis\"><strong>Miembros Uigur del EIIS instan a uigur quienes se unieron a otros grupos a unirse al EIIS<\/strong><\/a><\/p>\n<p><img loading=\"lazy\" decoding=\"async\" class=\"alignnone size-full wp-image-39775\" src=\"https:\/\/www2.memri.org\/espanol\/wp-content\/uploads\/2017\/11\/jttmweekly10071713-9-2.jpg\" alt=\"\" width=\"782\" height=\"370\" srcset=\"https:\/\/www2.memri.org\/espanol\/wp-content\/uploads\/2017\/11\/jttmweekly10071713-9-2.jpg 782w, https:\/\/www2.memri.org\/espanol\/wp-content\/uploads\/2017\/11\/jttmweekly10071713-9-2-300x142.jpg 300w, https:\/\/www2.memri.org\/espanol\/wp-content\/uploads\/2017\/11\/jttmweekly10071713-9-2-768x363.jpg 768w, https:\/\/www2.memri.org\/espanol\/wp-content\/uploads\/2017\/11\/jttmweekly10071713-9-2-600x284.jpg 600w, https:\/\/www2.memri.org\/espanol\/wp-content\/uploads\/2017\/11\/jttmweekly10071713-9-2-696x329.jpg 696w\" sizes=\"auto, (max-width: 782px) 100vw, 782px\" \/><\/p>\n<p>Un video dado a conocer por la provincia Al-Furat del Estado Isl\u00e1mico (EIIS) en Irak muestra a combatientes uigur quienes son miembros de la fuerza de defensa a\u00e9rea del EIIS en la regi\u00f3n. Hablando en Uigur, uno de los combatientes se dirige a otros individuos uigures que eligieron unirse a grupos distintos del EIIS y les insta a unirse en su lugar al Estado Isl\u00e1mico.<\/p>\n<p><a href=\"https:\/\/www.memri.org\/jttm\/isis-releases-video-showing-two-russians-captivity\"><strong>El EIIS da a conocer video mostrando a dos individuos rusos en cautiverio<\/strong><\/a><\/p>\n<p><img loading=\"lazy\" decoding=\"async\" class=\"alignnone size-full wp-image-39778\" src=\"https:\/\/www2.memri.org\/espanol\/wp-content\/uploads\/2017\/11\/jttmweekly10071714-8-2.jpg\" alt=\"\" width=\"600\" height=\"337\" srcset=\"https:\/\/www2.memri.org\/espanol\/wp-content\/uploads\/2017\/11\/jttmweekly10071714-8-2.jpg 600w, https:\/\/www2.memri.org\/espanol\/wp-content\/uploads\/2017\/11\/jttmweekly10071714-8-2-300x169.jpg 300w\" sizes=\"auto, (max-width: 600px) 100vw, 600px\" \/><\/p>\n<p>El 3 de octubre, 2017 A&#8217;maq, la agencia de noticias del Estado Isl\u00e1mico (EIIS) public\u00f3 un corto video mostrando a dos hombres rusos que el grupo dijo hab\u00eda capturado en la aldea Al-Sholah, al suroeste de la ciudad de Deir Al-Zor, Siria.<\/p>\n<p><a href=\"https:\/\/www.memri.org\/jttm\/isis-supporters-outlets-react-isis-leader-al-baghdadis-recent-speech\"><strong>Partidarios del EIIS reaccionan ante el reciente discurso de Al-Baghdadi<\/strong><\/a><\/p>\n<p><img loading=\"lazy\" decoding=\"async\" class=\"alignnone size-full wp-image-39779\" src=\"https:\/\/www2.memri.org\/espanol\/wp-content\/uploads\/2017\/11\/jttmweekly10071715-8-2.jpg\" alt=\"\" width=\"578\" height=\"805\" srcset=\"https:\/\/www2.memri.org\/espanol\/wp-content\/uploads\/2017\/11\/jttmweekly10071715-8-2.jpg 578w, https:\/\/www2.memri.org\/espanol\/wp-content\/uploads\/2017\/11\/jttmweekly10071715-8-2-215x300.jpg 215w, https:\/\/www2.memri.org\/espanol\/wp-content\/uploads\/2017\/11\/jttmweekly10071715-8-2-302x420.jpg 302w\" sizes=\"auto, (max-width: 578px) 100vw, 578px\" \/><\/p>\n<p>El 28 de septiembre, 2017 el Estado Isl\u00e1mico (EIIS), a trav\u00e9s de su compa\u00f1\u00eda de medios de comunicaci\u00f3n principal Al-Furqan, dio a conocer una grabaci\u00f3n de audio de su l\u00edder Abu Bakr Al-Baghdadi. Aunque el audio no muestra una fecha, en su discurso Al-Baghdadi se refiere a eventos mundiales recientes, tales como las amenazas de Corea del Norte contra Estados Unidos y Jap\u00f3n. El mensaje de 46 minutos de duraci\u00f3n fue dado a conocer por primera vez en los canales de la plataforma Telegram Nasher afiliada al EIIS. El propio audio fue alojado en el Archivo en Internet (Archive.org).<\/p>\n<p><a href=\"https:\/\/www.memri.org\/jttm\/article-published-pro-isis-al-wafa-foundation-accuses-rothschilds-facilitating-emergence\"><strong>Art\u00edculo publicado por la fundaci\u00f3n pro-EIIS Al-Wafa&#8217; acusa a los Rothschilds de facilitar la aparici\u00f3n del anticristo y dice que los soldados del califato causar\u00e1n la muerte de los israel\u00edes<\/strong><\/a><\/p>\n<p><img loading=\"lazy\" decoding=\"async\" class=\"alignnone size-full wp-image-39780\" src=\"https:\/\/www2.memri.org\/espanol\/wp-content\/uploads\/2017\/11\/jttmweekly10071716-8-2.jpg\" alt=\"\" width=\"600\" height=\"290\" srcset=\"https:\/\/www2.memri.org\/espanol\/wp-content\/uploads\/2017\/11\/jttmweekly10071716-8-2.jpg 600w, https:\/\/www2.memri.org\/espanol\/wp-content\/uploads\/2017\/11\/jttmweekly10071716-8-2-300x145.jpg 300w\" sizes=\"auto, (max-width: 600px) 100vw, 600px\" \/><\/p>\n<p>Un art\u00edculo fechado el 13 de septiembre, 2017 y publicado por Al-Wafa&#8217;, una fundaci\u00f3n de medios de comunicaci\u00f3n afiliada al Estado Isl\u00e1mico (EIIS), acus\u00f3 a la familia Rothschild de allanar el camino, utilizando su poder y control sobre la riqueza mundial y las instituciones financieras, para que el Anticristo emerja y gobierne sobre el mundo.<\/p>\n<p><a href=\"https:\/\/www.memri.org\/jttm\/isis-weekly-hurricanes-hit-us-are-divine-punishment-herald-conquest-white-house\"><strong>Semanario del EIIS: Los huracanes que golpearon a los Estados Unidos son un castigo divino y anuncian la conquista de la Casa Blanca<\/strong><\/a><\/p>\n<p><img loading=\"lazy\" decoding=\"async\" class=\"alignnone size-full wp-image-39781\" src=\"https:\/\/www2.memri.org\/espanol\/wp-content\/uploads\/2017\/11\/jttmweekly10071717-8-2.jpg\" alt=\"\" width=\"511\" height=\"430\" srcset=\"https:\/\/www2.memri.org\/espanol\/wp-content\/uploads\/2017\/11\/jttmweekly10071717-8-2.jpg 511w, https:\/\/www2.memri.org\/espanol\/wp-content\/uploads\/2017\/11\/jttmweekly10071717-8-2-300x252.jpg 300w, https:\/\/www2.memri.org\/espanol\/wp-content\/uploads\/2017\/11\/jttmweekly10071717-8-2-499x420.jpg 499w\" sizes=\"auto, (max-width: 511px) 100vw, 511px\" \/><\/p>\n<p>El editorial de la \u00faltima edici\u00f3n del bolet\u00edn semanal del EIIS Al-Naba, titulado \u00abPero los Incr\u00e9dulos, Nunca Cesara para Ellos el Desastre de sus Acciones y Hechos\u00bb (Cor\u00e1n 13:31), afirma que los huracanes que golpearon recientemente a los Estados Unidos y arrasaron un \u00e1rea \u00abdel tama\u00f1o de un pa\u00eds grande\u00bb, as\u00ed como tambi\u00e9n otras tormentas que golpean a los pa\u00edses cristianos, son castigo divino por los cr\u00edmenes de estos pa\u00edses contra los musulmanes.<\/p>\n<p><a href=\"https:\/\/www.memri.org\/jttm\/isis-claims-stabbing-attack-marseille-france\"><strong>El EIIS se responsabiliza por apu\u00f1alamiento en Marsella, Francia<\/strong><\/a><\/p>\n<p><img loading=\"lazy\" decoding=\"async\" class=\"alignnone size-full wp-image-39782\" src=\"https:\/\/www2.memri.org\/espanol\/wp-content\/uploads\/2017\/11\/jttmweekly10071718-7-2.jpg\" alt=\"\" width=\"896\" height=\"299\" srcset=\"https:\/\/www2.memri.org\/espanol\/wp-content\/uploads\/2017\/11\/jttmweekly10071718-7-2.jpg 896w, https:\/\/www2.memri.org\/espanol\/wp-content\/uploads\/2017\/11\/jttmweekly10071718-7-2-300x100.jpg 300w, https:\/\/www2.memri.org\/espanol\/wp-content\/uploads\/2017\/11\/jttmweekly10071718-7-2-768x256.jpg 768w, https:\/\/www2.memri.org\/espanol\/wp-content\/uploads\/2017\/11\/jttmweekly10071718-7-2-600x200.jpg 600w, https:\/\/www2.memri.org\/espanol\/wp-content\/uploads\/2017\/11\/jttmweekly10071718-7-2-696x232.jpg 696w\" sizes=\"auto, (max-width: 896px) 100vw, 896px\" \/><\/p>\n<p>El 1 de octubre, 2017 la agencia de noticias del Estado Isl\u00e1mico (EIIS) A&#8217;maq se responsabiliz\u00f3 por el apu\u00f1alamiento el mismo d\u00eda que puso fin a la vida de dos personas en la estaci\u00f3n principal de trenes de Marsella, al sur de Francia. Citando una \u00abfuente de seguridad\u00bb, A&#8217;maq describi\u00f3 al atacante como un soldado del Estado Isl\u00e1mico que llev\u00f3 a cabo el ataque en respuesta al llamado del EIIS a tener como blanco a los pa\u00edses de la coalici\u00f3n.<\/p>\n<p><a href=\"https:\/\/www.memri.org\/jttm\/further-details-about-pro-isis-ashhad-medias-use-%E2%80%8Etelegram-platform-help-isis-supporters\"><strong>M\u00e1s detalles sobre la utilizaci\u00f3n de Telegram por parte de los medios de comunicaci\u00f3n pro-EIIS Ashhad Media como plataforma para ayudar a los partidarios del EIIS a mantener su presencia en Facebook y Twitter<\/strong><\/a><\/p>\n<p><img loading=\"lazy\" decoding=\"async\" class=\"alignnone size-full wp-image-39783\" src=\"https:\/\/www2.memri.org\/espanol\/wp-content\/uploads\/2017\/11\/jttmweekly10071719-7-2.jpg\" alt=\"\" width=\"529\" height=\"313\" srcset=\"https:\/\/www2.memri.org\/espanol\/wp-content\/uploads\/2017\/11\/jttmweekly10071719-7-2.jpg 529w, https:\/\/www2.memri.org\/espanol\/wp-content\/uploads\/2017\/11\/jttmweekly10071719-7-2-300x178.jpg 300w\" sizes=\"auto, (max-width: 529px) 100vw, 529px\" \/><\/p>\n<p>La organizaci\u00f3n Ashhad Media es una entidad conocida que apoya al Estado Isl\u00e1mico (EIIS). Una de las funciones de este grupo es proveer a los seguidores del EIIS un flujo constante de cuentas listas para utilizar en Facebook y Twitter donde pueden publicar contenido para apoyar al EIIS. Tambi\u00e9n provee tuits personalizados y carteles para que los partidarios del EIIS puedan copiar y publicar en otras plataformas.<\/p>\n<p><a href=\"https:\/\/www.memri.org\/jttm\/palestinian-mother-residing-west-openly-supports-isis-instagram-shows-indoctrination-her-son\"><strong>Madre palestina quien reside en Occidente apoya abiertamente al EIIS en Instagram y muestra el adoctrinamiento de su hijo<\/strong><\/a><\/p>\n<p><img loading=\"lazy\" decoding=\"async\" class=\"alignnone size-full wp-image-39784\" src=\"https:\/\/www2.memri.org\/espanol\/wp-content\/uploads\/2017\/11\/jttmweekly10071720-6-2.jpg\" alt=\"\" width=\"498\" height=\"380\" srcset=\"https:\/\/www2.memri.org\/espanol\/wp-content\/uploads\/2017\/11\/jttmweekly10071720-6-2.jpg 498w, https:\/\/www2.memri.org\/espanol\/wp-content\/uploads\/2017\/11\/jttmweekly10071720-6-2-300x229.jpg 300w, https:\/\/www2.memri.org\/espanol\/wp-content\/uploads\/2017\/11\/jttmweekly10071720-6-2-80x60.jpg 80w\" sizes=\"auto, (max-width: 498px) 100vw, 498px\" \/><\/p>\n<p>Una mujer en Instagram es vocal en su apoyo al yihad y al Estado Isl\u00e1mico (EIIS). Ella public\u00f3 varios art\u00edculos en su cuenta en Instagram apoyando al Estado Isl\u00e1mico, el yihad, el martirio y a Osama bin Laden.<\/p>\n<p><a href=\"https:\/\/www.memri.org\/jttm\/jihadi-social-media-%E2%80%93-account-review-jsm-ar-indonesian-mother-voices-support-isis-twitter\"><strong>Medios Sociales Yihadistas &#8211; Revisi\u00f3n de Cuenta (MSY-RC): Madre en Indonesia expresa apoyo por el EIIS en Twitter y comparte nasheeds yihadistas en la plataforma de m\u00fasica SoundCloud<\/strong><\/a><\/p>\n<p><img loading=\"lazy\" decoding=\"async\" class=\"alignnone size-full wp-image-39785\" src=\"https:\/\/www2.memri.org\/espanol\/wp-content\/uploads\/2017\/11\/jttmweekly10071721-5-2.jpg\" alt=\"\" width=\"549\" height=\"307\" srcset=\"https:\/\/www2.memri.org\/espanol\/wp-content\/uploads\/2017\/11\/jttmweekly10071721-5-2.jpg 549w, https:\/\/www2.memri.org\/espanol\/wp-content\/uploads\/2017\/11\/jttmweekly10071721-5-2-300x168.jpg 300w\" sizes=\"auto, (max-width: 549px) 100vw, 549px\" \/><\/p>\n<p><em>La siguiente informaci\u00f3n tiene como base una visi\u00f3n general de una cuenta en las redes sociales que demuestra actividades o simpat\u00edas relacionadas al terrorismo.<\/em><\/p>\n<p><strong>Plataforma(s)<\/strong>: Twitter, SoundCloud<\/p>\n<p><strong>Tipo de cuenta<\/strong>: Pro-EIIS<\/p>\n<p><strong>Compartiendo contenido yihadista<\/strong>: Ella tuite\u00f3 que fue partidaria de larga data del Estado Isl\u00e1mico (EIIS), pero que nunca fue parte de la \u00abfamilia baqiya\u00bb oriunda en Twitter, que consist\u00eda, durante el auge del EIIS, en un grupo activo de militantes y activistas del EIIS en la plataforma.<\/p>\n<p><a href=\"https:\/\/www.memri.org\/jttm\/urdu-daily-report-30-inmates-karachis-central-prison-recruited-isis\"><strong>Informe en diario en urdu: 30 presidiarios de la c\u00e1rcel central de Karachi fueron reclutados por el EIIS<\/strong><\/a><\/p>\n<p><b><img loading=\"lazy\" decoding=\"async\" class=\"alignnone size-full wp-image-39786\" src=\"https:\/\/www2.memri.org\/espanol\/wp-content\/uploads\/2017\/11\/jttmweekly10071722-5-2.jpg\" alt=\"\" width=\"700\" height=\"381\" srcset=\"https:\/\/www2.memri.org\/espanol\/wp-content\/uploads\/2017\/11\/jttmweekly10071722-5-2.jpg 700w, https:\/\/www2.memri.org\/espanol\/wp-content\/uploads\/2017\/11\/jttmweekly10071722-5-2-300x163.jpg 300w, https:\/\/www2.memri.org\/espanol\/wp-content\/uploads\/2017\/11\/jttmweekly10071722-5-2-600x327.jpg 600w, https:\/\/www2.memri.org\/espanol\/wp-content\/uploads\/2017\/11\/jttmweekly10071722-5-2-696x379.jpg 696w\" sizes=\"auto, (max-width: 700px) 100vw, 700px\" \/><\/b><\/p>\n<p>Seg\u00fan un diario en idioma urdu, los reclusos de la prisi\u00f3n central de Karachi fueron reclutados por el Estado Isl\u00e1mico (EIIS).<\/p>\n<p><a href=\"https:\/\/www.memri.org\/jttm\/urdu-daily-hekmatyar-led-hizb-e-islami-opposes-move-shut-down-talibans-qatar-office-taliban\"><strong>Diario en urdu: Hizb-e-Islami, liderado por Hekmatyar se opone al cierre de la oficina del Talib\u00e1n en Qatar, los l\u00edderes talibanes pudieran ser trasladados a Turqu\u00eda<\/strong><\/a><\/p>\n<p><b><img loading=\"lazy\" decoding=\"async\" class=\"alignnone size-full wp-image-39787\" src=\"https:\/\/www2.memri.org\/espanol\/wp-content\/uploads\/2017\/11\/jttmweekly10071723-4-2.jpg\" alt=\"\" width=\"701\" height=\"410\" srcset=\"https:\/\/www2.memri.org\/espanol\/wp-content\/uploads\/2017\/11\/jttmweekly10071723-4-2.jpg 701w, https:\/\/www2.memri.org\/espanol\/wp-content\/uploads\/2017\/11\/jttmweekly10071723-4-2-300x175.jpg 300w, https:\/\/www2.memri.org\/espanol\/wp-content\/uploads\/2017\/11\/jttmweekly10071723-4-2-600x351.jpg 600w, https:\/\/www2.memri.org\/espanol\/wp-content\/uploads\/2017\/11\/jttmweekly10071723-4-2-696x407.jpg 696w\" sizes=\"auto, (max-width: 701px) 100vw, 701px\" \/><\/b><\/p>\n<p>Seg\u00fan un diario en idioma urdu en Pakist\u00e1n, Hizb-e-Islami Afganist\u00e1n (HIA) se ha opuesto a una iniciativa del gobierno afgano en tener que cerrar una oficina pol\u00edtica del Talib\u00e1n afgano en Doha, Qatar.<\/p>\n","protected":false},"excerpt":{"rendered":"<p>Lo siguiente son algunos de los informes de esta semana del Proyecto Supervisi\u00f3n a la Amenaza del Terrorismo y Yihad en MEMRI (PSATY), que traduce y analiza el contenido de fuentes supervisadas durante las 24 horas del d\u00eda, entre ellos los portales y blogs yihadistas m\u00e1s importantes. (Para ver estos informes en su totalidad, usted [&hellip;]<\/p>\n","protected":false},"author":1,"featured_media":37379,"comment_status":"open","ping_status":"open","sticky":false,"template":"","format":"standard","meta":{"footnotes":""},"categories":[4,10,9,7,2],"tags":[],"class_list":["post-37378","post","type-post","status-publish","format-standard","has-post-thumbnail","hentry","category-archivos","category-estudios-sobre-terrorismo-y-yihad","category-temas","category-reportes-especiales","category-featured"],"_links":{"self":[{"href":"https:\/\/www2.memri.org\/espanol\/wp-json\/wp\/v2\/posts\/37378","targetHints":{"allow":["GET"]}}],"collection":[{"href":"https:\/\/www2.memri.org\/espanol\/wp-json\/wp\/v2\/posts"}],"about":[{"href":"https:\/\/www2.memri.org\/espanol\/wp-json\/wp\/v2\/types\/post"}],"author":[{"embeddable":true,"href":"https:\/\/www2.memri.org\/espanol\/wp-json\/wp\/v2\/users\/1"}],"replies":[{"embeddable":true,"href":"https:\/\/www2.memri.org\/espanol\/wp-json\/wp\/v2\/comments?post=37378"}],"version-history":[{"count":0,"href":"https:\/\/www2.memri.org\/espanol\/wp-json\/wp\/v2\/posts\/37378\/revisions"}],"wp:featuredmedia":[{"embeddable":true,"href":"https:\/\/www2.memri.org\/espanol\/wp-json\/wp\/v2\/media\/37379"}],"wp:attachment":[{"href":"https:\/\/www2.memri.org\/espanol\/wp-json\/wp\/v2\/media?parent=37378"}],"wp:term":[{"taxonomy":"category","embeddable":true,"href":"https:\/\/www2.memri.org\/espanol\/wp-json\/wp\/v2\/categories?post=37378"},{"taxonomy":"post_tag","embeddable":true,"href":"https:\/\/www2.memri.org\/espanol\/wp-json\/wp\/v2\/tags?post=37378"}],"curies":[{"name":"wp","href":"https:\/\/api.w.org\/{rel}","templated":true}]}}