{"id":3737,"date":"2010-06-11T00:00:00","date_gmt":"2010-06-11T00:00:00","guid":{"rendered":"http:\/\/www2.memri.org\/espanol\/2010\/06\/11\/presidente-sirio-assad-en-una-visita-solidaria-a-turquia-a-raiz-del-enfrentamiento-en-la-flotilla-la-fusion-de-la-sangre-arabe-y-turca-hara-romper-el-cerco\/"},"modified":"2010-06-11T00:00:00","modified_gmt":"2010-06-11T00:00:00","slug":"presidente-sirio-assad-en-una-visita-solidaria-a-turquia-a-raiz-del-enfrentamiento-en-la-flotilla-la-fusion-de-la-sangre-arabe-y-turca-hara-romper-el-cerco","status":"publish","type":"post","link":"https:\/\/www2.memri.org\/espanol\/presidente-sirio-assad-en-una-visita-solidaria-a-turquia-a-raiz-del-enfrentamiento-en-la-flotilla-la-fusion-de-la-sangre-arabe-y-turca-hara-romper-el-cerco\/3737","title":{"rendered":"Presidente sirio Assad en una visita solidaria a Turqu\u00eda a ra\u00edz del enfrentamiento en la flotilla: &#8216;La fusi\u00f3n de la sangre \u00e1rabe y turca har\u00e1 [romper] el cerco&#8217;"},"content":{"rendered":"<div class=\"bodytext c2\">\n<p><em>El 7 de junio del 2010, el presidente sirio, Bashar Al-Assad, visit\u00f3 Turqu\u00eda para expresar su solidaridad con este pa\u00eds tras el choque de la flotilla a Gaza. En una conferencia de prensa conjunta con el primer ministro turco Recep Tayyip Erdogan, este rechaz\u00f3 afirmaciones de Israel sobre la flotilla y calific\u00f3 sus acciones como un crimen en represalia contra Turqu\u00eda por su apoyo a los \u00e1rabes. Assad prometi\u00f3 que Siria ser\u00e1 \u00abparticipe en cualquier decisi\u00f3n que los dirigentes turcos o personas decidan tomar en respuesta a la agresi\u00f3n [israel\u00ed]\u00bb.<\/em><\/p>\n<p><em>Los siguientes son extractos de un informe en idioma ingl\u00e9s del discurso de Assad publicados por la agencia de noticias siria SANA <a href=\"#_edn1\" name=\"_ednref1\">[1]<\/a>, as\u00ed como tambi\u00e9n varios pasajes del informe de SANA en \u00e1rabe del discurso. <a href=\"#_edn2\" name=\"_ednref2\">[2]<\/a><\/em><\/p>\n<p><strong>El asunto de la flotilla \u00abrefleja un instinto que [siempre] ha existido en Israel\u00bb<\/strong><\/p>\n<p>\u00abEl presidente Bashar Al-Assad confirm\u00f3 que la agresi\u00f3n israel\u00ed contra la Flotilla Libertad fue un crimen atroz, una [operaci\u00f3n] premeditada y planificada en la que Israel asesin\u00f3 a los [activistas]&#8230; cuyo \u00fanico objetivo era ofrecer ayuda humanitaria a la Franja de Gaza&#8230; [Este] destac\u00f3 la solidaridad de Siria con sus hermanos en Turqu\u00eda&#8230;: \u00abHago llegar la solidaridad del pueblo sirio a sus hermanos en Turqu\u00eda, [y nuestras condolencias] por la p\u00e9rdida de las vidas de sus hijos e hermanos [que murieron defendiendo] la causa justa de un pueblo oprimido&#8230; Ellos son m\u00e1rtires y los m\u00e1rtires [residen] en el Para\u00edso&#8230; Nuestros sentimientos sobre los m\u00e1rtires de Turqu\u00eda son id\u00e9nticos a nuestros sentimientos sobre la p\u00e9rdida de un sirio, palestino o cualquier ciudadano \u00e1rabe.<\/p>\n<p>\u00ab&#8216;Es importante saber que lo que sucedi\u00f3 no es m\u00e1s que un crimen, sino que forma parte de la naturaleza de Israel, la cual fue fundada&#8230; sobre la sangre de los palestinos&#8230; Esta no es la primera vez y no fue un accidente&#8230; Estos [cr\u00edmenes] comenzaron hace un siglo y todav\u00eda contin\u00faan&#8230; Lo que sucedi\u00f3 no fue un mero error perpetrado por los soldados o de una decisi\u00f3n equivocada del gobierno israel\u00ed&#8230; [Este] refleja un instinto que [siempre] ha existido en Israel y se ha desarrollado a lo largo de [su] historia&#8217;&#8230;\u00bb<\/p>\n<p>\u00ab\u00bb Sabemos que los organizadores de la flotilla ni siquiera compraron cuchillos de [cocina], por temor a que Israel los utilizar\u00eda como una excusa y dir\u00eda que ten\u00eda que defender a sus tropas. En cualquier caso, las mentiras de Israel, que comenzaron inmediatamente despu\u00e9s del evento, no lograron convencer a nadie de que [Israel] hab\u00eda defendido a sus tropas o hab\u00eda impedido que los terroristas llegaran a Gaza. Mataron a inocentes activistas turcos que ten\u00edan s\u00f3lo un objetivo &#8211; un objetivo humanitario. [Los activistas] no quer\u00edan ni romper el bloqueo, sino s\u00f3lo ampliar la ayuda simb\u00f3lica [al pueblo de Gaza]&#8230;<\/p>\n<p>\u00ab\u00bb Israel ten\u00eda varios objetivos [en atacar]&#8230; a la Flotilla Libertad: En primer lugar, quiso disuadir a cualquier otra flotilla o buques a que viniesen a Gaza, ya que mencionar el cerco a Gaza y el asedio sobre los palestinos en general, esta prohibido en la medida en lo que a Israel concierne. [De hecho], incluso hablar de la muerte de palestinos est\u00e1 prohibido&#8230; \u00bfLo qu\u00e9 sucedi\u00f3 en Davos no iba dirigido contra el Primer Ministro Erdogan, sino que iba dirigido contra el pueblo turco y sus posturas, tales como su postura sobre la guerra en Irak &#8211; el pueblo turco se opuso al [uso] de Turqu\u00eda y sus territorios como una base para la invasi\u00f3n ileg\u00edtima de un pa\u00eds libre e independiente.<\/p>\n<p>\u00ab&#8216;[Otro] objetivo [del ataque de Israel sobre la flotilla] era la de ofender al pueblo turco y [socavar] sus posiciones en apoyo a Gaza y sus constantes intentos de levantar el cerco y apoyar los convoyes de ayuda a los palestinos. [Sin embargo otro] objetivo era el de socavar la posici\u00f3n de apoyo del pueblo turco al papel de su gobierno en el proceso de paz'\u00bb.<\/p>\n<p><strong>\u00abHoy Turqu\u00eda est\u00e1 de pie junto a Gaza, al igual que, hace m\u00e1s de un siglo<\/strong> <strong>la Turqu\u00eda<\/strong> <strong>otomana se neg\u00f3 a darle Palestina a los jud\u00edos\u00bb<\/strong><\/p>\n<p>\u00ab\u00bb Israel debe saber que siempre y cuando se mantenga como el ocupante de los territorios, seguir\u00e1 siendo el enemigo indiscutible de los [verdaderos] propietarios de esos territorios y mientras Israel siga estando en contra de la paz, seguir\u00e1 siendo el enemigo de todos los defensores de la paz. Nosotros, los pueblos ind\u00edgenas de esta regi\u00f3n, queremos la paz. Cuando digo &#8216;pueblos ind\u00edgenas&#8217;, no me refiero a los que vinieron de otros lugares, sino s\u00f3lo a aquellos que han vivido aqu\u00ed a trav\u00e9s de la historia.<\/p>\n<p>\u00ab&#8216;La Flotilla Libertad es un hito importante en la historia y la geograf\u00eda de la regi\u00f3n&#8230; No estoy hablando de una nueva historia, sino de la historia antigua [de esta regi\u00f3n]&#8230; sus aspectos civilizados y brillantes&#8217;. El presidente Assad a\u00f1adi\u00f3 que la fusi\u00f3n de la sangre \u00e1rabe y turca romper\u00e1 el cerco, diciendo: &#8216;Mi hermano el Primer Ministro Erdogan dijo en un discurso reciente que Jerusal\u00e9n es igual a Estambul y que lo que sucede en los territorios Palestinos [es tan importante a \u00e9l como] lo que ocurre en tierras turcas y yo le digo que la sangre \u00e1rabe y la sangre turca son las mismas. Esto no es nuevo, es una [verdad] hist\u00f3rica. Hoy Turqu\u00eda est\u00e1 junto a Gaza, as\u00ed como, hace m\u00e1s de un siglo, la Turqu\u00eda otomana se neg\u00f3 a darles Palestina a los jud\u00edos&#8230; La bandera roja de Turqu\u00eda, un s\u00edmbolo&#8230; de la sangre derramada de los m\u00e1rtires turcos en las costas de palestina, seguir\u00e1 ondeando ante el rostro de los israel\u00edes hasta que todos los derechos sean restaurados a los que poseen [estos derechos]&#8217;.<\/p>\n<p>\u00abEl presidente al-Assad hizo hincapi\u00e9 en que Israel quer\u00eda que Turqu\u00eda dijera, al t\u00e9rmino de las negociaciones indirectas [mediadas por los turcos] [entre Israel y Siria], que los \u00e1rabes son los que obstaculizan el proceso de paz. Sin embargo, la respuesta de Siria a la iniciativa turca desenmascaro a Israel y le mostr\u00f3 al mundo de que es Israel, en lugar de Siria o el bando \u00e1rabe, que se interpone en el camino de la paz&#8230; Israel quer\u00eda que Erdogan hiciera afirmaciones vagas sin sentido, similares a las que solemos escuchar de los funcionarios occidentales.<\/p>\n<p>\u00abEl presidente Assad agreg\u00f3:\u00bb Israel es adicto a la mediaci\u00f3n parcializada. [Esta adicci\u00f3n] es similar a la adicci\u00f3n de la drogadicci\u00f3n. Cuando un adicto se ve privado de sus drogas, entra en un estado de abstinencia y es capaz de todo\u00bb.<\/p>\n<p>\u00abEl presidente al-Assad, dijo [luego]: &#8216;Nosotros los sirios no somos partidarios de discursos o declaraciones, sino de acciones. Le dije al Primer Ministro Erdogan y al Presidente &#8216;Abdallah Gul que seremos parte, sin duda, de cualquier acci\u00f3n que el liderazgo de Turqu\u00eda o el pueblo decida tomar en respuesta a la agresi\u00f3n [israel\u00ed] y con el objetivo de frenar el comportamiento salvaje de Israel. Por lo menos, un comit\u00e9 de investigaci\u00f3n internacional debe establecerse, seg\u00fan las exigencias de Turqu\u00eda&#8230; [Sin embargo], Israel no est\u00e1 siendo procesada porque ya no es acusada m\u00e1s de un delito, esta ya ha sido condenada&#8230;'\u00bb<\/p>\n<\/p>\n<hr class=\"c1\" size=\"1\" width=\"33%\" \/>\n<p><a href=\"#_ednref1\" name=\"_edn1\">[1]<\/a> SANA (Siria), 9 de junio, 2010. El art\u00edculo original en ingl\u00e9s ha sido editado para mayor claridad.<\/p>\n<p><a href=\"#_ednref2\" name=\"_edn2\">[2]<\/a> SANA (Siria), 8 de junio, 2010.<\/p>\n<\/div>\n","protected":false},"excerpt":{"rendered":"<p>El 7 de junio del 2010, el presidente sirio, Bashar Al-Assad, visit\u00f3 Turqu\u00eda para expresar su solidaridad con este pa\u00eds tras el choque de la flotilla a Gaza. En una conferencia de prensa conjunta con el primer ministro turco Recep Tayyip Erdogan, este rechaz\u00f3 afirmaciones de Israel sobre la flotilla y calific\u00f3 sus acciones como [&hellip;]<\/p>\n","protected":false},"author":1,"featured_media":0,"comment_status":"open","ping_status":"open","sticky":false,"template":"","format":"standard","meta":{"footnotes":""},"categories":[6,14,26],"tags":[],"class_list":["post-3737","post","type-post","status-publish","format-standard","hentry","category-comunicados-especiales","category-relaciones-inter-arabes","category-siria"],"_links":{"self":[{"href":"https:\/\/www2.memri.org\/espanol\/wp-json\/wp\/v2\/posts\/3737","targetHints":{"allow":["GET"]}}],"collection":[{"href":"https:\/\/www2.memri.org\/espanol\/wp-json\/wp\/v2\/posts"}],"about":[{"href":"https:\/\/www2.memri.org\/espanol\/wp-json\/wp\/v2\/types\/post"}],"author":[{"embeddable":true,"href":"https:\/\/www2.memri.org\/espanol\/wp-json\/wp\/v2\/users\/1"}],"replies":[{"embeddable":true,"href":"https:\/\/www2.memri.org\/espanol\/wp-json\/wp\/v2\/comments?post=3737"}],"version-history":[{"count":0,"href":"https:\/\/www2.memri.org\/espanol\/wp-json\/wp\/v2\/posts\/3737\/revisions"}],"wp:attachment":[{"href":"https:\/\/www2.memri.org\/espanol\/wp-json\/wp\/v2\/media?parent=3737"}],"wp:term":[{"taxonomy":"category","embeddable":true,"href":"https:\/\/www2.memri.org\/espanol\/wp-json\/wp\/v2\/categories?post=3737"},{"taxonomy":"post_tag","embeddable":true,"href":"https:\/\/www2.memri.org\/espanol\/wp-json\/wp\/v2\/tags?post=3737"}],"curies":[{"name":"wp","href":"https:\/\/api.w.org\/{rel}","templated":true}]}}