{"id":3733,"date":"2010-06-11T00:00:00","date_gmt":"2010-06-11T00:00:00","guid":{"rendered":"http:\/\/www2.memri.org\/espanol\/2010\/06\/11\/boletin-semanal-del-proyecto-supervision-a-la-amenaza-terrorista-y-jihad-no-33-3-al-10-junio-2010\/"},"modified":"2010-06-11T00:00:00","modified_gmt":"2010-06-11T00:00:00","slug":"boletin-semanal-del-proyecto-supervision-a-la-amenaza-terrorista-y-jihad-no-33-3-al-10-junio-2010","status":"publish","type":"post","link":"https:\/\/www2.memri.org\/espanol\/boletin-semanal-del-proyecto-supervision-a-la-amenaza-terrorista-y-jihad-no-33-3-al-10-junio-2010\/3733","title":{"rendered":"Bolet\u00edn Semanal del Proyecto Supervisi\u00f3n a la Amenaza Terrorista y Jihad N\u00ba 33: 3 al 10 junio, 2010"},"content":{"rendered":"<div class=\"bodytext c1\">\n<p><em>Lo siguiente es la 33\u00aa edici\u00f3n del Bolet\u00edn Semanal del PSATJ. Este incluye reportajes exclusivos y art\u00edculos de la semana pasada en los portales jihadistas.<\/em><\/p>\n<p><strong>LA SEMANA EN<\/strong> <strong>EL JIHAD<\/strong><\/p>\n<p>Al-Qaeda en la Pen\u00ednsula Ar\u00e1biga (AQPA) dio a conocer una grabaci\u00f3n de audio esta semana de su subcomandante Sa&#8217;id Al-Shihri, sobre el tema de los presos jihadistas. Al-Shihri, alias Abu Sufyan Al-Azdi, habl\u00f3 sobre la obligaci\u00f3n de liberar a los prisioneros musulmanes y se dirigi\u00f3 o aludi\u00f3 los casos conocidos, tales como el de supuestos operarios de Al Qaeda &#8216;Afiya Siddiqui en Pakist\u00e1n. El enfoque del mensaje de audio, sin embargo, fue acerca de los detenidos en la c\u00e1rcel Burayda en Arabia Saudita y en particular una mujer llamada Hayla Al-Qasir, tambi\u00e9n conocida como Umm Al-Rabab. Hasta su arresto Al-Qasir fue operaria de AQPA en Arabia Saudita y se dice que desempe\u00f1\u00f3 un papel importante en la financiaci\u00f3n de la organizaci\u00f3n y quiz\u00e1s incluso en facilitar ataques en el reino&#8230;<\/p>\n<p><em>Para suscribirse al Bolet\u00edn Semanal, visite nuestra p\u00e1gina de pago segura en la siguiente direcci\u00f3n electr\u00f3nica <a href=\"http:\/\/subscriptions.memri.org\/content\/en\/member_registr_jttm.htm\">http:\/\/subscriptions.memri.org\/content\/en\/member_registr_jttm.htm<\/a>, o env\u00ede un correo electr\u00f3nico a <a href=\"mailto:jttmsubs@memri.org\">jttmsubs@memri.org<\/a> con el siguiente destacado \u00abSUSCRIPCI\u00d3N SEMANAL AL PSATJ\u00bb<\/em>.<\/p>\n<\/div>\n","protected":false},"excerpt":{"rendered":"<p>Lo siguiente es la 33\u00aa edici\u00f3n del Bolet\u00edn Semanal del PSATJ. Este incluye reportajes exclusivos y art\u00edculos de la semana pasada en los portales jihadistas. LA SEMANA EN EL JIHAD Al-Qaeda en la Pen\u00ednsula Ar\u00e1biga (AQPA) dio a conocer una grabaci\u00f3n de audio esta semana de su subcomandante Sa&#8217;id Al-Shihri, sobre el tema de los [&hellip;]<\/p>\n","protected":false},"author":1,"featured_media":0,"comment_status":"open","ping_status":"open","sticky":false,"template":"","format":"standard","meta":{"footnotes":""},"categories":[10,6],"tags":[],"class_list":["post-3733","post","type-post","status-publish","format-standard","hentry","category-estudios-sobre-terrorismo-y-yihad","category-comunicados-especiales"],"_links":{"self":[{"href":"https:\/\/www2.memri.org\/espanol\/wp-json\/wp\/v2\/posts\/3733","targetHints":{"allow":["GET"]}}],"collection":[{"href":"https:\/\/www2.memri.org\/espanol\/wp-json\/wp\/v2\/posts"}],"about":[{"href":"https:\/\/www2.memri.org\/espanol\/wp-json\/wp\/v2\/types\/post"}],"author":[{"embeddable":true,"href":"https:\/\/www2.memri.org\/espanol\/wp-json\/wp\/v2\/users\/1"}],"replies":[{"embeddable":true,"href":"https:\/\/www2.memri.org\/espanol\/wp-json\/wp\/v2\/comments?post=3733"}],"version-history":[{"count":0,"href":"https:\/\/www2.memri.org\/espanol\/wp-json\/wp\/v2\/posts\/3733\/revisions"}],"wp:attachment":[{"href":"https:\/\/www2.memri.org\/espanol\/wp-json\/wp\/v2\/media?parent=3733"}],"wp:term":[{"taxonomy":"category","embeddable":true,"href":"https:\/\/www2.memri.org\/espanol\/wp-json\/wp\/v2\/categories?post=3733"},{"taxonomy":"post_tag","embeddable":true,"href":"https:\/\/www2.memri.org\/espanol\/wp-json\/wp\/v2\/tags?post=3733"}],"curies":[{"name":"wp","href":"https:\/\/api.w.org\/{rel}","templated":true}]}}