{"id":36751,"date":"2017-09-20T12:06:30","date_gmt":"2017-09-20T16:06:30","guid":{"rendered":"http:\/\/www2.memri.org\/espanol\/?p=36751"},"modified":"2017-09-20T16:14:06","modified_gmt":"2017-09-20T20:14:06","slug":"abbas-en-adelanto-al-discurso-en-la-agonu-continuare-con-los-pagos-a-las-familias-de-los-prisioneros-y-martires","status":"publish","type":"post","link":"https:\/\/www2.memri.org\/espanol\/abbas-en-adelanto-al-discurso-en-la-agonu-continuare-con-los-pagos-a-las-familias-de-los-prisioneros-y-martires\/36751","title":{"rendered":"&#8216;Abbas en adelanto al discurso en la AGONU: Continuar\u00e9 con los pagos a las familias de los prisioneros y m\u00e1rtires"},"content":{"rendered":"<p><em>En v\u00edsperas de su discurso en la Asamblea General de la ONU y su reuni\u00f3n con el Presidente de Estados Unidos Donald Trump, el Presidente palestino Mahmoud &#8216;Abbas reiter\u00f3 su negativa de cumplir con la demanda estadounidense y de Israel de detener el pago de subsidios y salarios a los prisioneros y a las familias de los m\u00e1rtires, llam\u00e1ndolos combatientes palestinos y destacando su compromiso con ellos.<a href=\"#_edn1\" name=\"_ednref1\"><strong>[1]<\/strong><\/a><\/em><\/p>\n<p><em>En una entrevista con el diario de Qatar en Londres Al-Quds Al-Arabi, &#8216;Abbas se refiri\u00f3 a los acontecimientos de Al-Aqsa &#8211; que estallaron tras la decisi\u00f3n por parte de Israel de instalar detectores de metales en las puertas de Al-Aqsa en respuesta al mortal tiroteo perpetrado el 14 de julio, 2017 por tres \u00e1rabes, como \u00abresistencia popular no-violenta\u00bb y subray\u00f3 que tales actividades continuaran. Tambi\u00e9n dijo que la coordinaci\u00f3n de seguridad con Israel no ser\u00e1 renovada, explicando que los eventos de Al-Aqsa han provisto una oportunidad para implementar la decisi\u00f3n tomada hace dos a\u00f1os por el Comit\u00e9 Central de la OLP de suspender la coordinaci\u00f3n de seguridad con Israel.<\/em><\/p>\n<p><em>&#8216;Abbas critic\u00f3 a los pa\u00edses \u00e1rabes que interact\u00faan para normalizar sus relaciones con Israel antes de firmar un acuerdo de paz entre Israel y los palestinos, afirmando que esto contraviene la iniciativa de paz \u00e1rabe. Tambi\u00e9n dijo que tomara medidas legales y diplom\u00e1ticas para obligar a Gran Breta\u00f1a a disculparse por la Declaraci\u00f3n de Balfour de 1917,<a href=\"#_edn2\" name=\"_ednref2\"><strong>[2]<\/strong><\/a> y critic\u00f3 a Estados Unidos por no haber presionado a Israel para que se retire a las fronteras de 1967.<\/em><\/p>\n<p><em>Lo siguiente son extractos de la entrevista:<a href=\"#_edn3\" name=\"_ednref3\"><strong>[3]<\/strong><\/a><\/em><\/p>\n<p><img loading=\"lazy\" decoding=\"async\" class=\"alignnone size-full wp-image-36754\" src=\"http:\/\/www2.memri.org\/espanol\/wp-content\/uploads\/2017\/09\/abbas_0-2.jpg\" width=\"745\" height=\"483\" alt=\"\" srcset=\"https:\/\/www2.memri.org\/espanol\/wp-content\/uploads\/2017\/09\/abbas_0-2.jpg 745w, https:\/\/www2.memri.org\/espanol\/wp-content\/uploads\/2017\/09\/abbas_0-2-300x194.jpg 300w, https:\/\/www2.memri.org\/espanol\/wp-content\/uploads\/2017\/09\/abbas_0-2-600x389.jpg 600w, https:\/\/www2.memri.org\/espanol\/wp-content\/uploads\/2017\/09\/abbas_0-2-696x451.jpg 696w, https:\/\/www2.memri.org\/espanol\/wp-content\/uploads\/2017\/09\/abbas_0-2-648x420.jpg 648w\" sizes=\"auto, (max-width: 745px) 100vw, 745px\" \/><\/p>\n<p><em>Mahmoud &#8216;Abbas (imagen: Al-Quds Al-Arabi, Londres)<\/em><\/p>\n<p>Cuando se le pregunt\u00f3 a &#8216;Abbas si la postura popular palestina en los eventos de Al-Aqsa y el apoyo del liderazgo palestino a tal postura, \u00abque fue victoriosa\u00bb era indicativa de las futuras acciones palestinas frente a la postura israel\u00ed\u00bb, &#8216;Abbas dijo: \u00abSin lugar a dudas, la postura de los palestinos&#8230; reflej\u00f3 una unidad sin precedentes entre los palestinos, j\u00f3venes y ancianos, hombres y mujeres, musulmanes y cristianos, en Jerusal\u00e9n, Cisjordania y Gaza. Todos ellos se levantaron como un solo ente. Y no nos olvidamos de los \u00e1rabes del 48 [es decir, los \u00e1rabes israel\u00edes]. Esta es una postura importante, est\u00e1 es nuestra resistencia popular no violenta y debemos adherirnos a ella y continuarla. Es una resistencia crucial y debemos continuar esta resistencia popular cada d\u00eda que pasa&#8230;\u00bb<\/p>\n<p>En respuesta a una pregunta al discurso actual sobre el tema de la suspensi\u00f3n de pagos a las familias de los prisioneros y m\u00e1rtires en respuesta a la presi\u00f3n israel\u00ed y estadounidense, &#8216;Abbas respondi\u00f3: \u00abIsrael incita a Estados Unidos a pensar que los prisioneros y m\u00e1rtires son terroristas. [Pero] son combatientes y son nuestro pueblo. Nosotros establecimos la Autoridad de Prisioneros y M\u00e1rtires en abril, 1965 &#8211; es decir, al comienzo de la revoluci\u00f3n y cuando recibimos la primera suma seria la depositamos en una cuenta para las familias de los m\u00e1rtires, quienes en realidad son los m\u00e1rtires del pueblo palestino y les hemos estado concediendo fondos desde ese entonces&#8230; Ellos [Israel y los Estados Unidos pueden] llamarlos como quieran, pero yo les llamo m\u00e1rtires. Israel y los Estados Unidos han dicho que estas acciones apoyan el terrorismo, Yo suger\u00ed establecer un comit\u00e9 tripartito para discutir el tema e Israel se opuso a ello&#8230; No voy a cambiar de opini\u00f3n en lo absoluto sobre este tema. Las familias de los m\u00e1rtires seguir\u00e1n recibiendo sus pagos en su totalidad y tambi\u00e9n los prisioneros, por supuesto\u00bb.<\/p>\n<p>Al pregunt\u00e1rsele sobre los recientes rumores de que fue \u00e9l quien detuvo la transferencia de fondos a las instituciones que se ocupan de los prisioneros, tales como el Club de Prisioneros &#8216;Abbas dijo: \u00abDurante la huelga de hambre de los prisioneros, hubo un ligero tema que tuvo varias implicaciones y comportamientos no-correctos que fueron detallados, por lo que establec\u00ed un comit\u00e9 para que examine esta conducta incorrecta. En lo que respecta al Club de Prisioneros, este seguir\u00e1 existiendo, al igual que la Autoridad de Prisioneros. [Este \u00faltimo] no va a cambiar, ya que est\u00e1 subordinado a la OLP y nada lo afectar\u00e1 de ninguna manera&#8230;\u00bb<a href=\"#_edn4\" name=\"_ednref4\">[4]<\/a><\/p>\n<p>&#8216;Abbas rechaz\u00f3 los esfuerzos de los pa\u00edses \u00e1rabes que desean normalizar sus relaciones con Israel antes de que se resuelva el conflicto palestino-israel\u00ed, diciendo:\u00bb Nuestra postura sobre las relaciones \u00e1rabe-israel\u00edes tiene como base la iniciativa de paz \u00e1rabe aprobada por todos los pa\u00edses \u00e1rabes en la Cumbre de Beirut del 2002, que determin\u00f3 que, cuando Israel se retire de los territorios \u00e1rabes y palestinos ocupados, todos los pa\u00edses \u00e1rabes y posteriormente todos los pa\u00edses musulmanes, tendr\u00e1n el derecho de reconocer al Estado de Israel. Nosotros no aceptaremos nada que se desv\u00ede de esto. Hemos dicho m\u00e1s de una vez y en m\u00e1s de una ocasi\u00f3n, que no estaremos de acuerdo de ninguna manera en implementar la iniciativa \u00e1rabe en reverso, desde el final hasta el principio, sino s\u00f3lo desde el principio hasta el final. Y esto implica todo pa\u00eds \u00e1rabe e isl\u00e1mico que aprob\u00f3 la iniciativa [de paz] \u00e1rabe\u00bb.<\/p>\n<p>En respuesta a una pregunta sobre la coordinaci\u00f3n de seguridad con Israel, el presidente palestino dijo: \u00abLa coordinaci\u00f3n de seguridad est\u00e1 suspendida y los israel\u00edes pidieron renovarla, pero les dijimos: &#8216;sent\u00e9monos y discutamos los principios sobre los que estar\u00e1n basados el tema de la coordinaci\u00f3n de seguridad. Cuando est\u00e9n de acuerdo en ello, estaremos dispuestos a renovar la coordinaci\u00f3n de seguridad y si no est\u00e1n de acuerdo &#8211; que se ocupen de esta. Por cierto, en el Comit\u00e9 Central [de la OLP] decidimos suspender la coordinaci\u00f3n de seguridad hace dos a\u00f1os, [pero] insist\u00ed en retrasar la implementaci\u00f3n [de la decisi\u00f3n] hasta el momento adecuado y los incidentes en Jerusal\u00e9n fueron el momento adecuado\u00bb.<\/p>\n<p>Sobre los planes de Gran Breta\u00f1a de conmemorar el 100\u00ba aniversario de la Declaraci\u00f3n de Balfour el 2 de noviembre, 2017 &#8216;Abbas dijo: \u00abEstamos tomando medidas y les dijimos a los brit\u00e1nicos: &#8216;Ustedes cometieron un crimen contra el pueblo palestino, en donde lo menos que pueden hacer es pedirles disculpas y reconocer el estado de Palestina&#8230; Pero no lo admitieron y no se disculparon, [sino m\u00e1s bien dijeron]: &#8216;Formaremos un comit\u00e9&#8217;. Nosotros dijimos que no objet\u00e1bamos a ello y estuvimos de acuerdo, pero [entonces] se negaron a [establecer] el comit\u00e9, o digamos que decidieron arrastrar sus pies en el tema. Estamos firmes en nuestra postura y tomaremos medidas legales&#8230; y lo llevaremos ante los tribunales brit\u00e1nicos e internacionales. [En la Declaraci\u00f3n de Balfour] Gran Breta\u00f1a nos ofendi\u00f3, neg\u00e1ndole la presencia a alrededor del 96% de los residentes [de la tierra], diciendo que a lo sumo estos tendr\u00edan derechos civiles y fijaron esto en la carta magna del Mandato y en la carta magna de la Sociedad de Naciones y [al final Gran Breta\u00f1a] apoy\u00f3 la resoluci\u00f3n de la partici\u00f3n que nunca fue implementada. La ley no fue implementada&#8230; y la carta magna no fue implementada&#8230; Luego, despu\u00e9s de que asumieran el control de nuestro suelo, Israel atac\u00f3&#8230; y hoy ocupa toda la tierra y nadie hace nada despu\u00e9s de 50 a\u00f1os de ocupaci\u00f3n. Yo acuso a Estados Unidos en primer lugar porque es la \u00fanica naci\u00f3n que le tiene que decir a Israel: &#8216;Deben retirarse de las tierras ocupadas en 1967&#8217; y apoyar el establecimiento de un estado palestino all\u00ed\u00bb.<\/p>\n<p><a href=\"#_ednref1\" name=\"_edn1\">[1]<\/a> En relaci\u00f3n a los pagos por parte de la Autoridad Palestina a los prisioneros y las familias de los m\u00e1rtires y su negativa a poner un alto a estos, v\u00e9ase los siguientes informes de MEMRI: Despacho Especial No. 7070, Medios de comunicaci\u00f3n palestinos destacan: El Presidente Mahmoud &#8216;Abbas se niega a detener los pagos a los prisioneros y a las familias de los m\u00e1rtires, 28 de agosto, 2017; Investigaci\u00f3n y An\u00e1lisis No. 1327, El presupuesto de la Autoridad Palestina del 2017 muestra lo siguiente: Los salarios y beneficios a los prisioneros y de los prisioneros liberados son varias veces m\u00e1s altos que los beneficios a los necesitados, 22 de agosto, 2017; Despacho Especial No. 7001, &#8216;Abbas y funcionarios de la Autoridad Palestina reafirman su compromiso de continuar pag\u00e1ndole subsidios a familias de los prisioneros y m\u00e1rtires, 10 de julio, 2017; Investigaci\u00f3n y An\u00e1lisis No. 1321, Autoridad Palestina y funcionarios de la OLP: Los subsidios a los prisioneros continuar\u00e1n; &#8216;Este tema no est\u00e1 sujeto a la extorsi\u00f3n estadounidense-israel\u00ed&#8217;, 16 de junio, 2017.<\/p>\n<p><a href=\"#_ednref2\" name=\"_edn2\">[2]<\/a> En referencia a la campa\u00f1a palestina de demandar a Gran Breta\u00f1a por la Declaraci\u00f3n Balfour, v\u00e9ase MEMRI Investigaci\u00f3n y An\u00e1lisis No. 1329, Campa\u00f1a Palestina para demandar a Gran Breta\u00f1a y exigir reparos por la Declaraci\u00f3n Balfour . 12 de marzo, 2017.<\/p>\n<p><a href=\"#_ednref3\" name=\"_edn3\">[3]<\/a> <em>Al-Quds Al-Arabi<\/em> (Londres), 19 de septiembre, 2017.<\/p>\n<p><a href=\"#_ednref4\" name=\"_edn4\">[4]<\/a> El 29 de mayo, 2014 &#8216;Abbas emiti\u00f3 una orden presidencial seg\u00fan la cual los pagos a los prisioneros ya no ser\u00edan hechos por el Ministerio de Asuntos de los Prisioneros de la Autoridad Palestina, sino por una Autoridad de la OLP para Prisioneros y Asuntos de los Prisioneros Liberados. El objetivo de esta medida administrativa fue aliviar presi\u00f3n sobre la AP por parte de los pa\u00edses donantes que no desean que su dinero sea canalizado para apoyar el terrorismo. Sin embargo, las oficinas permanecieron iguales y el funcionario a cargo permaneci\u00f3 igual bajo un nuevo cargo laboral. V\u00e9ase Informe Diario No. 97 de MEMRI, Testimonio del Presidente de MEMRI Yigal Carmon ante la Comisi\u00f3n de Asuntos Exteriores de la C\u00e1mara de Representantes, 6 de julio, 2016: Apoyo de la Autoridad Palestina a Terroristas prisioneros, liberados y heridos y las familias de los &#8216;m\u00e1rtires&#8217;, 6 de julio, 2016.<\/p>\n<p>&nbsp;<\/p>\n","protected":false},"excerpt":{"rendered":"<p>En v\u00edsperas de su discurso en la Asamblea General de la ONU y su reuni\u00f3n con el Presidente de Estados Unidos Donald Trump, el Presidente palestino Mahmoud &#8216;Abbas reiter\u00f3 su negativa de cumplir con la demanda estadounidense y de Israel de detener el pago de subsidios y salarios a los prisioneros y a las familias [&hellip;]<\/p>\n","protected":false},"author":1,"featured_media":36752,"comment_status":"open","ping_status":"open","sticky":false,"template":"","format":"standard","meta":{"footnotes":""},"categories":[32,4,18,2,23],"tags":[],"class_list":["post-36751","post","type-post","status-publish","format-standard","has-post-thumbnail","hentry","category-reportes-diarios","category-archivos","category-paises","category-featured","category-autoridad-palestina"],"_links":{"self":[{"href":"https:\/\/www2.memri.org\/espanol\/wp-json\/wp\/v2\/posts\/36751","targetHints":{"allow":["GET"]}}],"collection":[{"href":"https:\/\/www2.memri.org\/espanol\/wp-json\/wp\/v2\/posts"}],"about":[{"href":"https:\/\/www2.memri.org\/espanol\/wp-json\/wp\/v2\/types\/post"}],"author":[{"embeddable":true,"href":"https:\/\/www2.memri.org\/espanol\/wp-json\/wp\/v2\/users\/1"}],"replies":[{"embeddable":true,"href":"https:\/\/www2.memri.org\/espanol\/wp-json\/wp\/v2\/comments?post=36751"}],"version-history":[{"count":0,"href":"https:\/\/www2.memri.org\/espanol\/wp-json\/wp\/v2\/posts\/36751\/revisions"}],"wp:featuredmedia":[{"embeddable":true,"href":"https:\/\/www2.memri.org\/espanol\/wp-json\/wp\/v2\/media\/36752"}],"wp:attachment":[{"href":"https:\/\/www2.memri.org\/espanol\/wp-json\/wp\/v2\/media?parent=36751"}],"wp:term":[{"taxonomy":"category","embeddable":true,"href":"https:\/\/www2.memri.org\/espanol\/wp-json\/wp\/v2\/categories?post=36751"},{"taxonomy":"post_tag","embeddable":true,"href":"https:\/\/www2.memri.org\/espanol\/wp-json\/wp\/v2\/tags?post=36751"}],"curies":[{"name":"wp","href":"https:\/\/api.w.org\/{rel}","templated":true}]}}