{"id":3661,"date":"2010-05-14T00:00:00","date_gmt":"2010-05-14T00:00:00","guid":{"rendered":"http:\/\/www2.memri.org\/espanol\/2010\/05\/14\/adoctrinamiento-al-martirio-en-programa-de-television-para-ninos-en-hamas-tv-ninos-de-todo-el-mundo-se-convertiran-en-martires\/"},"modified":"2016-01-14T15:12:46","modified_gmt":"2016-01-14T15:12:46","slug":"adoctrinamiento-al-martirio-en-programa-de-television-para-ninos-en-hamas-tv-ninos-de-todo-el-mundo-se-convertiran-en-martires","status":"publish","type":"post","link":"https:\/\/www2.memri.org\/espanol\/adoctrinamiento-al-martirio-en-programa-de-television-para-ninos-en-hamas-tv-ninos-de-todo-el-mundo-se-convertiran-en-martires\/3661","title":{"rendered":"Adoctrinamiento al martirio en programa de televisi\u00f3n para ni\u00f1os en Hamas TV: Ni\u00f1os de todo el mundo se convertir\u00e1n en m\u00e1rtires"},"content":{"rendered":"<div class=\"bodytext c4\"><!--Document Body --><\/p>\n<div class=\"bodytext c4\">\n<p><em>A continuaci\u00f3n se presentan extractos de un programa infantil de Hamas, \u00abLos Pioneros del Ma\u00f1ana\u00bb, que fue presentado en Al-Aqsa TV el 2 de abril, 2010:<\/em><\/p>\n<p><em>Para ver este segmento de video en MEMRI TV, visite<br \/><a href=\"http:\/\/www.memritv.org\/clip\/en\/0\/0\/0\/0\/0\/0\/2468.htm\">http:\/\/www.memritv.org\/clip\/en\/0\/0\/0\/0\/0\/0\/2468.htm<\/a>.<\/em><\/p>\n<p><em>Para ver la p\u00e1gina de Al-Aqsa en MEMRI TV, visite<br \/><a href=\"http:\/\/www.memritv.org\/content\/en\/tv_channel_indiv.htm?id=175\">http:\/\/www.memritv.org\/content\/en\/tv_channel_indiv.htm?id=175<\/a>.<\/em><\/p>\n<div class=\"sub_bodytext\">\n<p><img loading=\"lazy\" decoding=\"async\" class=\"alignnone size-full wp-image-14506\" src=\"http:\/\/www2.memri.org\/espanol\/wp-content\/uploads\/2016\/01\/4252.jpg\" width=\"448\" height=\"299\" srcset=\"https:\/\/www2.memri.org\/espanol\/wp-content\/uploads\/2016\/01\/4252.jpg 448w, https:\/\/www2.memri.org\/espanol\/wp-content\/uploads\/2016\/01\/4252-300x200.jpg 300w\" sizes=\"auto, (max-width: 448px) 100vw, 448px\" \/><\/p>\n<p><strong><img loading=\"lazy\" decoding=\"async\" class=\"alignnone size-full wp-image-14512\" src=\"http:\/\/www2.memri.org\/espanol\/wp-content\/uploads\/2016\/01\/4253.jpg\" width=\"448\" height=\"299\" srcset=\"https:\/\/www2.memri.org\/espanol\/wp-content\/uploads\/2016\/01\/4253.jpg 448w, https:\/\/www2.memri.org\/espanol\/wp-content\/uploads\/2016\/01\/4253-300x200.jpg 300w\" sizes=\"auto, (max-width: 448px) 100vw, 448px\" \/><\/strong><\/p>\n<\/div>\n<p><strong>Nassur el Osito de Peluche<\/strong>: \u00abQueridos hijos, cuando crezcamos, nos convertiremos en m\u00e1rtires, si Dios quiere. [&#8230;]<\/p>\n<p>\u00abS\u00ed, Saraa, los pioneros del ma\u00f1ana liberaremos la Mezquita Al-Aqsa. Los ni\u00f1os, los pioneros del ma\u00f1ana, y no s\u00f3lo en la Franja de Gaza y Cisjordania, sino en todo el mundo, mi querida Saraa y mis queridos hijos\u00bb. [&#8230;]<\/p>\n<p>\u00abAdelante, el p\u00fablico est\u00e1 esperando&#8230;\u00bb<\/p>\n<p><strong>Llamada de la audiencia<\/strong>: \u00abSoy de Holanda\u00bb.<\/p>\n<p><strong>Nassur<\/strong>: \u00abDesde Holanda\u00bb. Wow!\u00bb<\/p>\n<p><strong>Ni\u00f1a anfitriona Saraa<\/strong>: \u00abBienvenido\u00bb.<\/p>\n<p><strong>Nassur<\/strong>: \u00abDe que parte de Holanda, querido?\u00bb<\/p>\n<p><strong>Saraa<\/strong>: \u00abSaludos a nuestra gente en Holanda. [&#8230;]<\/p>\n<p>\u00abQu\u00e9 te gustar\u00eda cantar para nosotros?\u00bb<\/p>\n<p><strong>Llamada de la audiencia<\/strong>: \u00abCuando lleguemos a ser m\u00e1rtires\u00bb.<\/p>\n<p><strong>Nassur<\/strong>: \u00abAdelante. Vamos, apl\u00e1udanla. H\u00e1ganlo con sus manos\u00bb.<\/p>\n<p><strong>Saraa<\/strong>: \u00abVamos\u00bb.<\/p>\n<p><strong>Nassur<\/strong>: \u00abVamos\u00bb.<\/p>\n<p><img loading=\"lazy\" decoding=\"async\" class=\"alignnone size-full wp-image-14516\" src=\"http:\/\/www2.memri.org\/espanol\/wp-content\/uploads\/2016\/01\/4254.jpg\" width=\"448\" height=\"299\" srcset=\"https:\/\/www2.memri.org\/espanol\/wp-content\/uploads\/2016\/01\/4254.jpg 448w, https:\/\/www2.memri.org\/espanol\/wp-content\/uploads\/2016\/01\/4254-300x200.jpg 300w\" sizes=\"auto, (max-width: 448px) 100vw, 448px\" \/><\/p>\n<p><strong>Llamada de la audiencia<\/strong> (<strong>cantando<\/strong>): \u00abCuando lleguemos a m\u00e1rtires iremos al Para\u00edso.<\/p>\n<p>\u00abCuando lleguemos a ser m\u00e1rtires iremos al para\u00edso.<\/p>\n<p>-No, no digas que somos demasiado peque\u00f1os. Esta vida nos ha hecho adultos.<\/p>\n<p>\u00abSin Palestina nuestra infancia no significa nada.<\/p>\n<p>\u00abSin Palestina nuestra infancia no significa nada.<\/p>\n<p>\u00abIncluso si nos dieran todo el dinero del mundo, no nos har\u00e1 olvidar.<\/p>\n<p>\u00abEstoy dispuesto a sacrificar mi sangre por mi pa\u00eds.<\/p>\n<p>\u00abSin Palestina nuestra infancia no significa nada.<\/p>\n<p>\u00abSin Palestina nuestra infancia no significa nada\u00bb.<\/p>\n<p><strong>Saraa<\/strong>: \u00abMuchas gracias\u00bb.<\/p>\n<p><strong>Nassur<\/strong>: \u00abun c\u00e1lido aplauso\u00bb.<\/p>\n<p><img loading=\"lazy\" decoding=\"async\" class=\"alignnone size-full wp-image-14519\" src=\"http:\/\/www2.memri.org\/espanol\/wp-content\/uploads\/2016\/01\/4255.jpg\" width=\"448\" height=\"299\" srcset=\"https:\/\/www2.memri.org\/espanol\/wp-content\/uploads\/2016\/01\/4255.jpg 448w, https:\/\/www2.memri.org\/espanol\/wp-content\/uploads\/2016\/01\/4255-300x200.jpg 300w\" sizes=\"auto, (max-width: 448px) 100vw, 448px\" \/><\/p>\n<\/div>\n<\/div>\n","protected":false},"excerpt":{"rendered":"<p>A continuaci\u00f3n se presentan extractos de un programa infantil de Hamas, \u00abLos Pioneros del Ma\u00f1ana\u00bb, que fue presentado en Al-Aqsa TV el 2 de abril, 2010: Para ver este segmento de video en MEMRI TV, visitehttp:\/\/www.memritv.org\/clip\/en\/0\/0\/0\/0\/0\/0\/2468.htm. Para ver la p\u00e1gina de Al-Aqsa en MEMRI TV, visitehttp:\/\/www.memritv.org\/content\/en\/tv_channel_indiv.htm?id=175. Nassur el Osito de Peluche: \u00abQueridos hijos, cuando crezcamos, [&hellip;]<\/p>\n","protected":false},"author":1,"featured_media":14506,"comment_status":"open","ping_status":"open","sticky":false,"template":"","format":"standard","meta":{"footnotes":""},"categories":[6,23],"tags":[],"class_list":["post-3661","post","type-post","status-publish","format-standard","has-post-thumbnail","hentry","category-comunicados-especiales","category-autoridad-palestina"],"_links":{"self":[{"href":"https:\/\/www2.memri.org\/espanol\/wp-json\/wp\/v2\/posts\/3661","targetHints":{"allow":["GET"]}}],"collection":[{"href":"https:\/\/www2.memri.org\/espanol\/wp-json\/wp\/v2\/posts"}],"about":[{"href":"https:\/\/www2.memri.org\/espanol\/wp-json\/wp\/v2\/types\/post"}],"author":[{"embeddable":true,"href":"https:\/\/www2.memri.org\/espanol\/wp-json\/wp\/v2\/users\/1"}],"replies":[{"embeddable":true,"href":"https:\/\/www2.memri.org\/espanol\/wp-json\/wp\/v2\/comments?post=3661"}],"version-history":[{"count":0,"href":"https:\/\/www2.memri.org\/espanol\/wp-json\/wp\/v2\/posts\/3661\/revisions"}],"wp:featuredmedia":[{"embeddable":true,"href":"https:\/\/www2.memri.org\/espanol\/wp-json\/wp\/v2\/media\/14506"}],"wp:attachment":[{"href":"https:\/\/www2.memri.org\/espanol\/wp-json\/wp\/v2\/media?parent=3661"}],"wp:term":[{"taxonomy":"category","embeddable":true,"href":"https:\/\/www2.memri.org\/espanol\/wp-json\/wp\/v2\/categories?post=3661"},{"taxonomy":"post_tag","embeddable":true,"href":"https:\/\/www2.memri.org\/espanol\/wp-json\/wp\/v2\/tags?post=3661"}],"curies":[{"name":"wp","href":"https:\/\/api.w.org\/{rel}","templated":true}]}}