{"id":3659,"date":"2010-05-13T00:00:00","date_gmt":"2010-05-13T00:00:00","guid":{"rendered":"http:\/\/www2.memri.org\/espanol\/2010\/05\/13\/miembro-de-foro-islamista-pide-a-los-musulmanes-en-los-estados-unidos-iniciar-una-redada-de-maletas-sospechosas\/"},"modified":"2010-05-13T00:00:00","modified_gmt":"2010-05-13T00:00:00","slug":"miembro-de-foro-islamista-pide-a-los-musulmanes-en-los-estados-unidos-iniciar-una-redada-de-maletas-sospechosas","status":"publish","type":"post","link":"https:\/\/www2.memri.org\/espanol\/miembro-de-foro-islamista-pide-a-los-musulmanes-en-los-estados-unidos-iniciar-una-redada-de-maletas-sospechosas\/3659","title":{"rendered":"Miembro de foro islamista pide a los musulmanes en los Estados Unidos iniciar una &#8216;redada de maletas sospechosas&#8217;"},"content":{"rendered":"<div class=\"bodytext c1\">\n<p>En un publicado en el foro islamista Al-Faluya, \u00abAbdelhameed Alerlandi (\u00abel irland\u00e9s\u00bb) llama en los musulmanes en los Estados Unidos a iniciar una \u00abredada de maletas sospechosas\u00bb.<\/p>\n<p>A continuaci\u00f3n se presenta la traducci\u00f3n del post:<\/p>\n<p>El texto completo de este informe est\u00e1 a disposici\u00f3n de los subscriptores del Proyecto de Supervisi\u00f3n a la Amenaza Terrorista y Jihad de MEMRI.<\/p>\n<p>La informaci\u00f3n para suscribirse est\u00e1 disponible en <strong><a href=\"http:\/\/subscriptions.memri.org\/content\/en\/member_registr_jttm.htm\">este enlace<\/a><\/strong> .<\/p>\n<p>Los suscriptores del PSATJ pueden visitar <strong><a href=\"http:\/\/www.memrijttm.org\">www.memrijttm.org<\/a><\/strong> para ver el informe.<\/p>\n<\/div>\n","protected":false},"excerpt":{"rendered":"<p>En un publicado en el foro islamista Al-Faluya, \u00abAbdelhameed Alerlandi (\u00abel irland\u00e9s\u00bb) llama en los musulmanes en los Estados Unidos a iniciar una \u00abredada de maletas sospechosas\u00bb. A continuaci\u00f3n se presenta la traducci\u00f3n del post: El texto completo de este informe est\u00e1 a disposici\u00f3n de los subscriptores del Proyecto de Supervisi\u00f3n a la Amenaza Terrorista [&hellip;]<\/p>\n","protected":false},"author":1,"featured_media":0,"comment_status":"open","ping_status":"open","sticky":false,"template":"","format":"standard","meta":{"footnotes":""},"categories":[10,6],"tags":[],"class_list":["post-3659","post","type-post","status-publish","format-standard","hentry","category-estudios-sobre-terrorismo-y-yihad","category-comunicados-especiales"],"_links":{"self":[{"href":"https:\/\/www2.memri.org\/espanol\/wp-json\/wp\/v2\/posts\/3659","targetHints":{"allow":["GET"]}}],"collection":[{"href":"https:\/\/www2.memri.org\/espanol\/wp-json\/wp\/v2\/posts"}],"about":[{"href":"https:\/\/www2.memri.org\/espanol\/wp-json\/wp\/v2\/types\/post"}],"author":[{"embeddable":true,"href":"https:\/\/www2.memri.org\/espanol\/wp-json\/wp\/v2\/users\/1"}],"replies":[{"embeddable":true,"href":"https:\/\/www2.memri.org\/espanol\/wp-json\/wp\/v2\/comments?post=3659"}],"version-history":[{"count":0,"href":"https:\/\/www2.memri.org\/espanol\/wp-json\/wp\/v2\/posts\/3659\/revisions"}],"wp:attachment":[{"href":"https:\/\/www2.memri.org\/espanol\/wp-json\/wp\/v2\/media?parent=3659"}],"wp:term":[{"taxonomy":"category","embeddable":true,"href":"https:\/\/www2.memri.org\/espanol\/wp-json\/wp\/v2\/categories?post=3659"},{"taxonomy":"post_tag","embeddable":true,"href":"https:\/\/www2.memri.org\/espanol\/wp-json\/wp\/v2\/tags?post=3659"}],"curies":[{"name":"wp","href":"https:\/\/api.w.org\/{rel}","templated":true}]}}