{"id":3658,"date":"2010-05-20T00:00:00","date_gmt":"2010-05-20T00:00:00","guid":{"rendered":"http:\/\/www2.memri.org\/espanol\/2010\/05\/20\/profesor-egipcio-de-literatura-hebrea-ibrahim-farid-denuncia-el-endoso-de-mitos-antisemitas-por-instituciones-y-medios-de-comunicacion-arabes\/"},"modified":"2016-01-14T15:12:42","modified_gmt":"2016-01-14T15:12:42","slug":"profesor-egipcio-de-literatura-hebrea-ibrahim-farid-denuncia-el-endoso-de-mitos-antisemitas-por-instituciones-y-medios-de-comunicacion-arabes","status":"publish","type":"post","link":"https:\/\/www2.memri.org\/espanol\/profesor-egipcio-de-literatura-hebrea-ibrahim-farid-denuncia-el-endoso-de-mitos-antisemitas-por-instituciones-y-medios-de-comunicacion-arabes\/3658","title":{"rendered":"Profesor egipcio de literatura hebrea Ibrahim Farid denuncia el endoso de mitos antisemitas por instituciones y medios de comunicaci\u00f3n \u00e1rabes"},"content":{"rendered":"<div class=\"bodytext c2\">\n<p><em>En una reciente entrevista, el Dr. Farid Ibrahim, profesor de literatura hebrea en<\/em> <em>la Universidad<\/em> <em>de Ein Shams en el Cairo, rechaz\u00f3 el libro Los Protocolos de los Sabios de Si\u00f3n consider\u00e1ndolo un mito y un libelo de sangre, fruto de una conspiraci\u00f3n contra el pueblo jud\u00edo. \u00abEstos son rumores que pertenecen al \u00e1mbito del folclore. No podemos tomarlos en serio y tratarlos como hechos hist\u00f3ricos\u00bb, dijo Farid.<\/em><\/p>\n<p><em>En la entrevista, la cual fue emitida en el canal de televisi\u00f3n egipcio Al-Faraeen TV el 9 de abril del 2010, Farid dijo que<\/em> <em>la Biblioteca<\/em> <em>de Alejandr\u00eda no deber\u00eda haber comprado libros demag\u00f3gicos e incitadores tales como Los Protocolos de los Sabios de Si\u00f3n, comparando la situaci\u00f3n en su lugar a la de<\/em> <em>la Biblioteca<\/em> <em>del Congreso teniendo en su posesi\u00f3n un libro que incite el odio al Islam.<\/em><\/p>\n<p><em>La Biblioteca<\/em> <em>de Alejandr\u00eda retir\u00f3 la copia de Los Protocolos en el 2003, tras cr\u00edticas del Departamento de Estado de los Estados Unidos, las Naciones Unidas y<\/em> <em>la Embajada<\/em> <em>de los Estados Unidos en el Cairo, iniciado este por MEMRI tras exponer el libro en<\/em> <em>la Biblioteca<\/em> <em>ofrecido como un documento aut\u00e9ntico. <a href=\"#_edn1\" name=\"_ednref1\">[1]<\/a><\/em><\/p>\n<p><em>Para ver extractos de la entrevista en MEMRI TV, visite <a href=\"http:\/\/www.memritv.org\/clip\/en\/0\/0\/0\/0\/0\/0\/2454.htm\">http:\/\/www.memritv.org\/clip\/en\/0\/0\/0\/0\/0\/0\/2454.htm<\/a>.<\/em><\/p>\n<p><strong>Cualquier correspondencia entre los Protocolos y la realidad es una coincidencia hist\u00f3rica<\/strong><\/p>\n<p><img loading=\"lazy\" decoding=\"async\" class=\"alignnone size-full wp-image-14497\" src=\"http:\/\/www2.memri.org\/espanol\/wp-content\/uploads\/2016\/01\/4286.jpg\" width=\"328\" height=\"240\" srcset=\"https:\/\/www2.memri.org\/espanol\/wp-content\/uploads\/2016\/01\/4286.jpg 328w, https:\/\/www2.memri.org\/espanol\/wp-content\/uploads\/2016\/01\/4286-300x220.jpg 300w, https:\/\/www2.memri.org\/espanol\/wp-content\/uploads\/2016\/01\/4286-80x60.jpg 80w\" sizes=\"auto, (max-width: 328px) 100vw, 328px\" \/><\/p>\n<p><strong>Dr. Ibrahim Farid<\/strong>: \u00ab<em>Los Protocolos de los Sabios de Si\u00f3n<\/em> no incluyen los textos del Talmud. Si alguien que haya escrito <em>Los Protocolos<\/em> fue realmente jud\u00edo, se habr\u00eda basado en&#8230;\u00bb<\/p>\n<p><strong>Entrevistador<\/strong>: \u00abAs\u00ed que <em>Los Protocolos de los Sabios de Si\u00f3n<\/em> no tienen nada que ver con el Talmud\u00bb.<\/p>\n<p><strong>Dr. Ibrahim Farid<\/strong>: \u00abNo hay absolutamente ninguna menci\u00f3n de ning\u00fan texto talm\u00fadico en este. Tal vez el que escribi\u00f3 <em>Los Protocolos<\/em>&#8230;\u00bb<\/p>\n<p><strong>Entrevistador<\/strong>: \u00abLa conexi\u00f3n es contextual, en luz de lo que ha sucedido\u00bb.<\/p>\n<p><strong>Dr. Ibrahim Farid<\/strong>: \u00ab<em>Los Protocolos<\/em> corresponden a lo que est\u00e1 escrito en algunas partes del Talmud, y en general, corresponden a lo que el Antiguo Testamento llama&hellip;\u00bb.<\/p>\n<p><strong>Entrevistador<\/strong>: \u00abEntonces podemos decir que las ideas presentadas en <em>Los Protocolos<\/em> son id\u00e9nticas a las ideas presentadas en el Talmud?<\/p>\n<p><strong>Dr. Ibrahim Farid<\/strong>: \u00abEsta es una afirmaci\u00f3n muy vol\u00e1til y explosiva. Esta pregunta podr\u00eda ser clasificada como incitaci\u00f3n. Usted da la respuesta incluso antes de formular la pregunta.<\/p>\n<p>\u00abEn mi opini\u00f3n, cualquier correlaci\u00f3n entre <em>los Protocolos<\/em> y la realidad &#8211; la violencia israel\u00ed o la brecha que estamos presenciando entre los palestinos &#8211; es un tipo de coincidencia hist\u00f3rica, pero no podemos decir de que se trata de una aplicaci\u00f3n de <em>Los Protocolos<\/em>, ya que este constituir\u00eda demagogia. Estar\u00edamos diciendo lo que la gente sin educaci\u00f3n quiere escuchar &#8211; la gente que no tiene conocimiento de lo sucedido para ese momento, cuando hubo una especie de conspiraci\u00f3n contra los jud\u00edos\u00bb.<\/p>\n<p><strong>Entrevistador<\/strong>: \u00abEstamos tratando de llegar a la verdad, de una forma u otra, a trav\u00e9s del di\u00e1logo, porque Al-Faraeen TV es un canal liberal, que acepta todas las opiniones, que van desde la extrema derecha hasta la extrema izquierda. En \u00faltima instancia, lo importante es llegar a lo esencial de la cuesti\u00f3n. No tenemos ning\u00fan otro motivo\u00bb. [&#8230;]<\/p>\n<p><strong>La afirmaci\u00f3n de que los jud\u00edos sol\u00edan envenenar pozos y masacrar a gentiles \u00abson rumores que pertenecen al \u00e1mbito del folclore\u00bb<\/strong><\/p>\n<p><img loading=\"lazy\" decoding=\"async\" class=\"alignnone size-full wp-image-14501\" src=\"http:\/\/www2.memri.org\/espanol\/wp-content\/uploads\/2016\/01\/4287.jpg\" width=\"327\" height=\"240\" srcset=\"https:\/\/www2.memri.org\/espanol\/wp-content\/uploads\/2016\/01\/4287.jpg 327w, https:\/\/www2.memri.org\/espanol\/wp-content\/uploads\/2016\/01\/4287-300x220.jpg 300w, https:\/\/www2.memri.org\/espanol\/wp-content\/uploads\/2016\/01\/4287-80x60.jpg 80w\" sizes=\"auto, (max-width: 327px) 100vw, 327px\" \/><\/p>\n<p><strong>Entrevistador<\/strong>: \u00abSe dice que [los jud\u00edos] han hecho algunas cosas inapropiadas, que hizo que la gente los odie&#8230;\u00bb<\/p>\n<p><strong>Dr. Ibrahim Farid<\/strong>: \u00abEsto equivale a decir que los jud\u00edos eran todos malos y los dem\u00e1s fueron todos buenos. Habiendo dicho esto&#8230;\u00bb<\/p>\n<p><strong>Entrevistador<\/strong>: \u00abEsto fue mencionado en <em>Los Protocolos<\/em>\u00ab.<\/p>\n<p><strong>Dr. Ibrahim Farid<\/strong>: \u00abLos jud\u00edos fueron acusados de esto en <em>Los Protocolos<\/em>, pero esto es incorrecto. La afirmaci\u00f3n de que los jud\u00edos envenenaron pozos y masacraron a gentiles &#8211; el libelo de sangre, que afirmaba que masacraban a gentiles por las festividades de la Pascua &#8211; todos estos rumores&#8230; \u00ab<\/p>\n<p><strong>Entrevistador<\/strong>: \u00abAs\u00ed que usted considera esto rumores&#8230;\u00bb<\/p>\n<p><strong>Dr. Ibrahim Farid<\/strong>: \u00abEstos son rumores que pertenecen al \u00e1mbito del folclore. No podemos tomarlos en serio y tratarlos como un hecho hist\u00f3rico. [&#8230;]<\/p>\n<p>\u00abLa violencia que los palestinos utilizan entre s\u00ed es peor que la violencia empleada por Israel. Lo que Hamas y la Autoridad Palestina est\u00e1n haci\u00e9ndole al pueblo palestino es peor a lo que Israel est\u00e1 haciendo\u00bb. [&#8230;]<\/p>\n<p><strong>\u00abEs err\u00f3neo colocar un libro que incita al odio de los jud\u00edos en<\/strong> <strong>la Biblioteca<\/strong> <strong>de Alejandr\u00eda\u00bb<\/strong><\/p>\n<p><img loading=\"lazy\" decoding=\"async\" class=\"alignnone size-full wp-image-14503\" src=\"http:\/\/www2.memri.org\/espanol\/wp-content\/uploads\/2016\/01\/4288.jpg\" width=\"329\" height=\"240\" srcset=\"https:\/\/www2.memri.org\/espanol\/wp-content\/uploads\/2016\/01\/4288.jpg 329w, https:\/\/www2.memri.org\/espanol\/wp-content\/uploads\/2016\/01\/4288-300x219.jpg 300w, https:\/\/www2.memri.org\/espanol\/wp-content\/uploads\/2016\/01\/4288-324x235.jpg 324w\" sizes=\"auto, (max-width: 329px) 100vw, 329px\" \/><\/p>\n<p><strong>Entrevistador<\/strong>: \u00abLa Biblioteca de Alejandr\u00eda conserva una copia de <em>Los Protocolos de los Sabios de Si\u00f3n<\/em> y tal como usted sabe, fue retirado de la biblioteca a ra\u00edz de una protesta oficial israel\u00ed. Estuvo en lo correcto la Biblioteca de Alejandr\u00eda en mantener este libro en su biblioteca, o fue esto un error, que fue corregido luego?\u00bb [&#8230;]<\/p>\n<p><strong>Dr. Farid Ibrahim<\/strong>: \u00abLa Biblioteca de Alejandr\u00eda no deber\u00eda comprar tales libros demag\u00f3gicos, que incitan al odio. Imag\u00ednese que un libro que ataque al Islam fuese colocado en la Biblioteca del Congreso, o en cualquier otra biblioteca. Como musulm\u00e1n, har\u00eda un alboroto y dir\u00eda que existe un libro que incita a la gente a odiar a los musulmanes. Esto es un error. Del mismo modo, es err\u00f3neo colocar un libro que incite al odio de los jud\u00edos en la Biblioteca de Alejandr\u00eda\u00bb.<\/p>\n<\/p>\n<hr class=\"c1\" size=\"1\" width=\"33%\" \/>\n<p><a href=\"#_ednref1\" name=\"_edn1\">[1]<\/a> Para ver el informe de MEMRI, publicado el 3 de diciembre del 2003,<br \/>v\u00e9ase: <a href=\"http:\/\/www.memri.org\/report\/en\/0\/0\/0\/0\/0\/0\/1009.htm\">http:\/\/www.memri.org\/report\/en\/0\/0\/0\/0\/0\/0\/1009.htm<\/a>.<br \/>En las secuelas de la exposici\u00f3n, publicado por MEMRI el 2 de marzo del 2004,<br \/>v\u00e9ase: <a href=\"http:\/\/www.memri.org\/report\/en\/0\/0\/0\/0\/0\/0\/1076.htm#_edn1\">http:\/\/www.memri.org\/report\/en\/0\/0\/0\/0\/0\/0\/1076.htm#_edn1<\/a>.<\/p>\n<\/div>\n","protected":false},"excerpt":{"rendered":"<p>En una reciente entrevista, el Dr. Farid Ibrahim, profesor de literatura hebrea en la Universidad de Ein Shams en el Cairo, rechaz\u00f3 el libro Los Protocolos de los Sabios de Si\u00f3n consider\u00e1ndolo un mito y un libelo de sangre, fruto de una conspiraci\u00f3n contra el pueblo jud\u00edo. \u00abEstos son rumores que pertenecen al \u00e1mbito del [&hellip;]<\/p>\n","protected":false},"author":1,"featured_media":14497,"comment_status":"open","ping_status":"open","sticky":false,"template":"","format":"standard","meta":{"footnotes":""},"categories":[6,12,16],"tags":[],"class_list":["post-3658","post","type-post","status-publish","format-standard","has-post-thumbnail","hentry","category-comunicados-especiales","category-reforma-en-el-mundo-arabe-y-musulman","category-proyecto-documental-sobre-antisemitismo"],"_links":{"self":[{"href":"https:\/\/www2.memri.org\/espanol\/wp-json\/wp\/v2\/posts\/3658","targetHints":{"allow":["GET"]}}],"collection":[{"href":"https:\/\/www2.memri.org\/espanol\/wp-json\/wp\/v2\/posts"}],"about":[{"href":"https:\/\/www2.memri.org\/espanol\/wp-json\/wp\/v2\/types\/post"}],"author":[{"embeddable":true,"href":"https:\/\/www2.memri.org\/espanol\/wp-json\/wp\/v2\/users\/1"}],"replies":[{"embeddable":true,"href":"https:\/\/www2.memri.org\/espanol\/wp-json\/wp\/v2\/comments?post=3658"}],"version-history":[{"count":0,"href":"https:\/\/www2.memri.org\/espanol\/wp-json\/wp\/v2\/posts\/3658\/revisions"}],"wp:featuredmedia":[{"embeddable":true,"href":"https:\/\/www2.memri.org\/espanol\/wp-json\/wp\/v2\/media\/14497"}],"wp:attachment":[{"href":"https:\/\/www2.memri.org\/espanol\/wp-json\/wp\/v2\/media?parent=3658"}],"wp:term":[{"taxonomy":"category","embeddable":true,"href":"https:\/\/www2.memri.org\/espanol\/wp-json\/wp\/v2\/categories?post=3658"},{"taxonomy":"post_tag","embeddable":true,"href":"https:\/\/www2.memri.org\/espanol\/wp-json\/wp\/v2\/tags?post=3658"}],"curies":[{"name":"wp","href":"https:\/\/api.w.org\/{rel}","templated":true}]}}