{"id":3650,"date":"2010-05-12T00:00:00","date_gmt":"2010-05-12T00:00:00","guid":{"rendered":"http:\/\/www2.memri.org\/espanol\/2010\/05\/12\/miembro-arabe-del-knesset-israeli-llama-al-establecimiento-de-un-gran-califato-islamico-que-incluira-a-israel\/"},"modified":"2010-05-12T00:00:00","modified_gmt":"2010-05-12T00:00:00","slug":"miembro-arabe-del-knesset-israeli-llama-al-establecimiento-de-un-gran-califato-islamico-que-incluira-a-israel","status":"publish","type":"post","link":"https:\/\/www2.memri.org\/espanol\/miembro-arabe-del-knesset-israeli-llama-al-establecimiento-de-un-gran-califato-islamico-que-incluira-a-israel\/3650","title":{"rendered":"Miembro \u00e1rabe del Knesset israel\u00ed llama al establecimiento de un Gran Califato Isl\u00e1mico que incluir\u00e1 a Israel"},"content":{"rendered":"<div class=\"bodytext c2\">\n<p><em>En una entrevista con el semanario Kul Al-Arab, publicado en Israel, Mas&#8217;oud Ghanaim, miembro de<\/em> <em>la Lista<\/em> <em>\u00c1rabe Unida (Ra&#8217;am-Taal) en<\/em> <em>la Knesset<\/em> <em>israel\u00ed, de la rama sur del Movimiento Isl\u00e1mico, pidi\u00f3 el establecimiento de un Gran Califato Isl\u00e1mico, que incluir\u00e1 a Israel, y dijo que todos los medios eran v\u00e1lidos para la defensa de Jerusal\u00e9n y la mezquita Al-Aqsa. Ghanaim tambi\u00e9n expres\u00f3 su apoyo por el eje Ir\u00e1n-Siria-Hezbol\u00e1, e hizo un llamamiento para el reconocimiento de la legitimidad del gobierno de Hamas en Gaza.<\/em><\/p>\n<p><em>Lo siguiente son extractos de la entrevista: <a href=\"#_edn1\" name=\"_ednref1\">[1]<\/a><\/em><\/p>\n<p><strong>Israel debe formar parte del Gran Califato Isl\u00e1mico<\/strong><\/p>\n<p><em>\u00abP: Como islamista, \u00bfcree usted que existe una necesidad de establecer un estado isl\u00e1mico o r\u00e9gimen isl\u00e1mico en Palestina y en la patria \u00e1rabe e isl\u00e1mica?<\/em><\/p>\n<p>\u00abR: Es necesario el retorno al Califato Isl\u00e1mico, y creo que esta es la soluci\u00f3n ideal para la debilidad, el colapso y desmoronamiento que afecta a los \u00e1rabes y a los musulmanes&#8230; Yo creo que un [nuevo] Califato Isl\u00e1mico es [tambi\u00e9n] del inter\u00e9s de los propios jud\u00edos, ya que su edad de oro como jud\u00edos se produjo durante el Califato Isl\u00e1mico de la [Edad Media].<\/p>\n<p><em>\u00abP: \u00bfCu\u00e1les son sus conclusiones acerca de nuestro pueblo Nakba [es decir, los resultados de la guerra de 1948], y cu\u00e1l es la soluci\u00f3n?\u00bb<\/em><\/p>\n<p>\u00abR: Nosotros, como movimiento isl\u00e1mico, presentamos una imagen que es diferente, y una interpretaci\u00f3n que es diferente, de los de las otras partes respecto a los motivos y circunstancias del Nakba. No nos centramos en los elementos externos, como el colonialismo y la ocupaci\u00f3n, ni [lo enfocamos] geogr\u00e1ficamente s\u00f3lo en Palestina. En nuestra opini\u00f3n, el Nakba es el resultado de la debilidad y el colapso del cuerpo isl\u00e1mico en general, y por lo tanto no debemos aislarnos [del resto del mundo musulm\u00e1n] y debemos fortalecer el cuerpo y la entidad isl\u00e1mica\u00bb.<\/p>\n<p><em>\u00abP: \u00bfCual ser\u00e1 el destino de Israel en una situaci\u00f3n as\u00ed?\u00bb<\/em><\/p>\n<p>\u00abR: Israel debe ser parte del Gran Estado isl\u00e1mico. No estamos en contra de los jud\u00edos, s\u00f3lo en contra el movimiento sionista y sus ideas racistas. Pero no debemos olvidar nuestra responsabilidad [de nuestro] destino y las causas del Nakba&#8230;.\u00bb<\/p>\n<p><strong>Todos los medios son v\u00e1lidos en la defensa de Al-Aqsa<\/strong><\/p>\n<p><em>\u00abP: \u00bfHa hecho usted algo concreto en relaci\u00f3n con la [mezquita] Al-Aqsa?\u00bb<\/em><\/p>\n<p>\u00abR: Por supuesto. Fui all\u00ed, y nos reunimos con los responsables de las fundaciones religiosas, y con el muft\u00ed. Es nuestra obligaci\u00f3n como diputados el hacer esto. Esta actividad pol\u00edtica oficial de complemento a la actividad popular en el campo. Tengo correspondencia con [ministros israel\u00edes] y con el [primer ministro sobre este asunto]. Dije en el Knesset que los musulmanes tenemos el derecho a Al-Aqsa. El Jeque Raed [Salah, jefe de la rama norte del Movimiento Isl\u00e1mico en Israel] fue arrestado por llamar al pueblo a defender Al-Aqsa, y yo exig\u00ed [defender a Al-Aqsa] desde el podio del Knesset&#8230; \u00ab<\/p>\n<p><em>Para ver el despacho en su totalidad en ingl\u00e9s por favor haga clic en el siguiente enlace:<br \/><\/em><a href=\"http:\/\/www.memri.org\/report\/en\/0\/0\/0\/0\/0\/0\/4151.htm\">http:\/\/www.memri.org\/report\/en\/0\/0\/0\/0\/0\/0\/4151.htm<\/a><\/p>\n<\/p>\n<hr class=\"c1\" size=\"1\" width=\"33%\" \/>\n<p><a href=\"#_ednref1\" name=\"_edn1\">[1]<\/a> <em>Kul Al-Arab<\/em> (Israel), 7 de mayo, 2010.<\/p>\n<\/div>\n","protected":false},"excerpt":{"rendered":"<p>En una entrevista con el semanario Kul Al-Arab, publicado en Israel, Mas&#8217;oud Ghanaim, miembro de la Lista \u00c1rabe Unida (Ra&#8217;am-Taal) en la Knesset israel\u00ed, de la rama sur del Movimiento Isl\u00e1mico, pidi\u00f3 el establecimiento de un Gran Califato Isl\u00e1mico, que incluir\u00e1 a Israel, y dijo que todos los medios eran v\u00e1lidos para la defensa de [&hellip;]<\/p>\n","protected":false},"author":1,"featured_media":0,"comment_status":"open","ping_status":"open","sticky":false,"template":"","format":"standard","meta":{"footnotes":""},"categories":[10,6],"tags":[],"class_list":["post-3650","post","type-post","status-publish","format-standard","hentry","category-estudios-sobre-terrorismo-y-yihad","category-comunicados-especiales"],"_links":{"self":[{"href":"https:\/\/www2.memri.org\/espanol\/wp-json\/wp\/v2\/posts\/3650","targetHints":{"allow":["GET"]}}],"collection":[{"href":"https:\/\/www2.memri.org\/espanol\/wp-json\/wp\/v2\/posts"}],"about":[{"href":"https:\/\/www2.memri.org\/espanol\/wp-json\/wp\/v2\/types\/post"}],"author":[{"embeddable":true,"href":"https:\/\/www2.memri.org\/espanol\/wp-json\/wp\/v2\/users\/1"}],"replies":[{"embeddable":true,"href":"https:\/\/www2.memri.org\/espanol\/wp-json\/wp\/v2\/comments?post=3650"}],"version-history":[{"count":0,"href":"https:\/\/www2.memri.org\/espanol\/wp-json\/wp\/v2\/posts\/3650\/revisions"}],"wp:attachment":[{"href":"https:\/\/www2.memri.org\/espanol\/wp-json\/wp\/v2\/media?parent=3650"}],"wp:term":[{"taxonomy":"category","embeddable":true,"href":"https:\/\/www2.memri.org\/espanol\/wp-json\/wp\/v2\/categories?post=3650"},{"taxonomy":"post_tag","embeddable":true,"href":"https:\/\/www2.memri.org\/espanol\/wp-json\/wp\/v2\/tags?post=3650"}],"curies":[{"name":"wp","href":"https:\/\/api.w.org\/{rel}","templated":true}]}}