{"id":3649,"date":"2010-05-11T00:00:00","date_gmt":"2010-05-11T00:00:00","guid":{"rendered":"http:\/\/www2.memri.org\/espanol\/2010\/05\/11\/los-esfuerzos-del-regimen-irani-para-hacer-aplicar-el-uso-del-hijab\/"},"modified":"2010-05-11T00:00:00","modified_gmt":"2010-05-11T00:00:00","slug":"los-esfuerzos-del-regimen-irani-para-hacer-aplicar-el-uso-del-hijab","status":"publish","type":"post","link":"https:\/\/www2.memri.org\/espanol\/los-esfuerzos-del-regimen-irani-para-hacer-aplicar-el-uso-del-hijab\/3649","title":{"rendered":"Los esfuerzos del r\u00e9gimen iran\u00ed para hacer aplicar el uso del hijab"},"content":{"rendered":"<div class=\"bodytext c2\">\n<p><strong>Introducci\u00f3n<\/strong><\/p>\n<p>Recientemente, el r\u00e9gimen iran\u00ed ha expresado su preocupaci\u00f3n por la creciente tendencia entre las mujeres iran\u00edes de aparecer en p\u00fablico sin un velo o usando su hijab sin su propio cuidado. Altos funcionarios y los propagandistas del r\u00e9gimen han dicho que la vestimenta inmodesta es la culpable de la decadencia moral y corrupci\u00f3n, las enfermedades e incluso los terremotos, afirmando que amenaza la existencia misma del r\u00e9gimen. Se inform\u00f3 de que el L\u00edder Supremo &#8216;Ali Jamenei emiti\u00f3 una orden para resolver el problema. Poco despu\u00e9s, el ministro del Interior, Mustafa Mohammad Najjar, anunci\u00f3 el lanzamiento de la \u00abCampa\u00f1a Modestia y Hijab\u00bb, que se llevar\u00e1 a cabo en diversos ministerios del Gobierno de Ir\u00e1n. Maryam Mojtahed-Zadeh, quien dirige el Centro para la Mujer y la Familia en el Gabinete del Presidente, dijo que la aplicaci\u00f3n de la nueva campa\u00f1a podr\u00eda exigir el uso de la fuerza y la renovaci\u00f3n de asi llamadas \u00abpatrullas de informaci\u00f3n\u00bb. <a href=\"#_edn1\" name=\"_ednref1\">[1]<\/a><\/p>\n<p><strong>\u00ab<\/strong><strong>La Campa\u00f1a Modestia<\/strong> <strong>y Hijab\u00bb del Ministerio del Interior<\/strong><\/p>\n<p>El miembro del Majlis Mohammad Taqi Rahbar le dijo al diario conservador Jam-e Jam que durante una reuni\u00f3n del 19 de abril con el l\u00edder supremo de Ir\u00e1n, &#8216;Al\u00ed Jamenei, expres\u00f3 su preocupaci\u00f3n por la incidencia cada vez mayor de mujeres que renunciar al hijab o simplemente lo usan descuidadamente. Jamenei respondi\u00f3 mediante la emisi\u00f3n de un fin de abordar el problema de inmediato. <a href=\"#_edn2\" name=\"_ednref2\">[2]<\/a> El propio Jamenei ha criticado la permisividad hacia las mujeres en Occidente y la forma en que la cultura occidental presenta a la forma femenina, diciendo: \u00abEl mundo occidental pretende que una mujer respetable sea una que abandone [las formas de modestia] y el hijab, y aparezca delante de los hombres en toda su belleza&#8230; aunque este enfoque [de hecho] degrada a las mujeres. \u00bb <a href=\"#_edn3\" name=\"_ednref3\">[3]<\/a><\/p>\n<p>El 27 de abril del 2010, el jefe de polic\u00eda de Teher\u00e1n Hossein Sajedinia dijo que \u00abel p\u00fablico espera que la polic\u00eda tome medidas contra [las mujeres] que andan media [vestidas] como los maniqu\u00edes de las vitrinas\u00bb. <a href=\"#_edn4\" name=\"_ednref4\">[4]<\/a><\/p>\n<p>El 19 de abril del 2010, el Ministro del Interior Mohammad Najjar, anunci\u00f3 que este a\u00f1o ver\u00eda la aplicaci\u00f3n de \u00abLa Campa\u00f1a Modestia y Hijab\u00bb. <a href=\"#_edn5\" name=\"_ednref5\">[5]<\/a> Una semana despu\u00e9s, Najjar explic\u00f3 que el objetivo de esta campa\u00f1a, que se planificada en colaboraci\u00f3n con el Ministerio de Educaci\u00f3n, fue para inculcar la cultura del hijab en toda la sociedad, desde las oficinas del gobierno hasta los salones de los ni\u00f1os de edad preescolar.<\/p>\n<p>El diario Jam-e Jam inform\u00f3 que los ministerios gubernamentales, las autoridades municipales y los medios de comunicaci\u00f3n todos deber\u00edan participar en la campa\u00f1a, cada uno en su propio campo: Los medios de comunicaci\u00f3n explicar\u00e1n c\u00f3mo la modestia y el hiyab contribuyeron al bienestar de la sociedad, el Ministerio de Educaci\u00f3n seleccionara el color de los uniformes escolares de las ni\u00f1as, el Ministerio de Finanzas podr\u00eda prohibir la importaci\u00f3n de ropa que no se puede usar con un hijab, el Organizaci\u00f3n del Patrimonio Cultural (dependiente del Ministerio de Cultura y Orientaci\u00f3n Isl\u00e1mica) ser\u00eda informar\u00e1 a los turistas sobre el hijab, y el Ministerio de Transporte habr\u00eda colocar\u00e1 carteles exhortando a las mujeres a vestir con recato. <a href=\"#_edn6\" name=\"_ednref6\">[6]<\/a><\/p>\n<p>Parvin Salihi, asesor de la Corporaci\u00f3n de Radiodifusi\u00f3n de Ir\u00e1n para los asuntos de la mujer, dijo que la Corporaci\u00f3n de Radiodifusi\u00f3n inculcar\u00e1 la \u00abcultura del hijab y modestia\u00bb entre los ni\u00f1os y los j\u00f3venes tambi\u00e9n, y reforzara la supervisi\u00f3n de las mujeres que aparecen en los canales de la televisi\u00f3n. <a href=\"#_edn7\" name=\"_ednref7\">[7]<\/a><\/p>\n<p>Tambi\u00e9n hubo informes sobre las ni\u00f1as de primaria que participaron en una \u00abMarcha del Hijab\u00bb, en Teher\u00e1n, el 28 de abril, 2010, coreando consignas tales como: \u00abHermana, hermana, la recompensa por llevar puesto el hijab es el Para\u00edso\u00bb, \u00abViolar el c\u00f3digo de vestimenta isl\u00e1mica da lugar a la propagaci\u00f3n de la corrupci\u00f3n\u00bb, y el \u00abNo usar el hijab &#8211; inmodestia, verg\u00fcenza y pena\u00bb. <a href=\"#_edn8\" name=\"_ednref8\">[8]<\/a><\/p>\n<p><strong>L\u00edderes de los rezos en los sermones del Viernes: No llevar puesto el hijab causa los desastres naturales<\/strong><\/p>\n<p>El l\u00edder de los rezos, Ahmad Jatami, en su serm\u00f3n del Viernes del 7 de mayo 2010, exhort\u00f3 a las mujeres a ser rigurosas en llevar puesto el hijab, diciendo que \u00abes una cuesti\u00f3n social y no personal\u00bb, y que el descuido en este sentido \u00abconduce a decenas de atroces pecados\u00bb. Este hizo hincapi\u00e9 en que el r\u00e9gimen se mantenga firme contra el fen\u00f3meno de descuidar el hijab. <a href=\"#_edn9\" name=\"_ednref9\">[9]<\/a> Despu\u00e9s de los rezos, los fieles realizaron una marcha en protesta por \u00abla propagaci\u00f3n de la conducta desenfrenada\u00bb, cantando: \u00abLas \u00f3rdenes del l\u00edder deben llevarse a cabo\u00bb\u00bb, Aquellas que se quiten el hijab son agentes de las fuerzas de la arrogancia [es decir, Occidente]\u00bb, y \u00abLa corrupci\u00f3n y el quitarse el hijab son [el resultado de las tentaciones] de Satan\u00e1s\u00bb. <a href=\"#_edn10\" name=\"_ednref10\">[10]<\/a><\/p>\n<p>En un serm\u00f3n del Viernes el 16 de abril, 2010 en una mezquita de Teher\u00e1n, el l\u00edder de los rezos Kazem Sediqi exhort\u00f3 a las mujeres \u00aba ser m\u00e1s obedientes\u00bb en llevar puesto el hijab, porque las mujeres que no lo usen \u00abhacen que el coraz\u00f3n de las j\u00f3venes tiemblen y de lugar a grandes pecados, que provocar\u00e1 la ira de Dios\u00bb. <a href=\"#_edn11\" name=\"_ednref11\">[11]<\/a> El funcionario atribuy\u00f3 la causa de los terremotos a las mujeres que no usar un hijab, advirtiendo que \u00abla propagaci\u00f3n de adulterio conlleva a los terremotos\u00bb. <a href=\"#_edn12\" name=\"_ednref12\">[12]<\/a><\/p>\n<p>En un serm\u00f3n del Viernes el 23 de abril, 2010 en Mashhad, el l\u00edder de los rezos Ahmad &#8216;Alam El-Hodda pidi\u00f3 al r\u00e9gimen iran\u00ed que poner freno a este problema del hijab y le de prioridad. Al-Hodda elogi\u00f3 la pro actividad de las autoridades al tema del hijab, y agreg\u00f3: \u00abAlgunos elementos contrarrevolucionarios, en sus medios de comunicaci\u00f3n y portales en Internet, han planteado la cuesti\u00f3n importante y fundamental del hijab, [caracteriz\u00e1ndolo] como una violaci\u00f3n de los humanos y los derechos de las mujeres&#8230; [Para ellos, dejar que las mujeres] aparezcan en maquillaje y con sus pelos sueltos [ante] la mirada lasciva de los hombres [equivale a] defender los derechos de la mujeres y en honrar su sexo\u00bb. <a href=\"#_edn13\" name=\"_ednref13\">[13]<\/a><\/p>\n<p>Anteriormente, en enero del 2010, Al-Hodda se refiri\u00f3 al hijab como \u00abun deber que incumbe a todas las mujeres\u00bb, y advirti\u00f3 que el incumplimiento de esta costumbre causa enfermedades al coraz\u00f3n y distrae a los j\u00f3venes. Tambi\u00e9n vincul\u00f3 la negligencia de este deber con la colaboraci\u00f3n con los Estado Unidos y ech\u00f3 la culp\u00f3 de la profanaci\u00f3n que tuvo lugar durante la [disturbios] contra el r\u00e9gimen en el D\u00eda de Ashura, el 27 de diciembre del 2009. <a href=\"#_edn14\" name=\"_ednref14\">[14]<\/a><\/p>\n<p><strong><em>Jomhouri-ye Eslami<\/em>: La negligencia del hijab pone en peligro al r\u00e9gimen<\/strong><\/p>\n<p>El 19 de abril del 2010, el diario iran\u00ed Jomhouri-ye Eslami, identificado con los partidarios de Hashemi Rafsanjani, afirm\u00f3 que el descuido del hijab &#8211; que se ha extendido como una enfermedad en la sociedad &#8211; podr\u00eda causar el colapso del r\u00e9gimen de la Revoluci\u00f3n Isl\u00e1mica, ya que el hijab es un s\u00edmbolo de los valores sobre los que este fue r\u00e9gimen fue fundado. A continuaci\u00f3n se presentan extractos del art\u00edculo:<\/p>\n<p>\u00abLos signos de contaminaci\u00f3n [moral y cultural] y el caos est\u00e1n claramente en propagaci\u00f3n a trav\u00e9s de muchos sectores de la sociedad: la ropa inapropiada de las ni\u00f1as y las mujeres, la [desenfrenada conducta] de ni\u00f1as y ni\u00f1os en los parques y calles, y la prohibici\u00f3n de fraternizar en p\u00fablico;&#8230; las relaciones indebidas entre ni\u00f1as y ni\u00f1os en las universidades y la atm\u00f3sfera que prevalece en las inmediaciones de las escuelas de colegialas, y el problema de las ni\u00f1as [que son molestadas a causa de su vestimenta inmodesto], mujeres e incluso ni\u00f1as usar maquillaje en las calles y lugares p\u00fablicos;&#8230; abandonan el hijab por algunas mujeres en ciertas partes de Teher\u00e1n y en otras ciudades grandes.<\/p>\n<p><em>Para ver el despacho en su totalidad en ingl\u00e9s por favor haga clic en el siguiente enlace:<br \/><\/em><a href=\"http:\/\/www.memri.org\/report\/en\/0\/0\/0\/0\/0\/0\/4147.htm\">http:\/\/www.memri.org\/report\/en\/0\/0\/0\/0\/0\/0\/4147.htm<\/a><\/p>\n<p><em>* A. Savyon es Director del Proyecto de Medios Iran\u00edes.<\/em><\/p>\n<hr class=\"c1\" size=\"1\" width=\"33%\" \/>\n<p><a href=\"#_ednref1\" name=\"_edn1\">[1]<\/a> <em>Shafaf<\/em> (Ir\u00e1n), 26 de abril, 2010. Estas son patrullas de funcionarios hombres y mujeres que se le acercan a la mujer cuya vestimenta no es de conformidad con la norma isl\u00e1mica y les dan una charla sobre la importancia de usar un hiyab. Recientemente, una de las patrullas condujo a un incidente violento en Teher\u00e1n. El 21 de abril del 2010, una funcionaria fue golpeada por el hermano de una mujer a quien hab\u00eda amonestado por no usar el hijab. La agente fue hospitalizada y muri\u00f3 eventualmente por las heridas; su agresor ha sido acusado de asesinato. Aftab (Ir\u00e1n), 2 de mayo, 2010.<\/p>\n<p><a href=\"#_ednref2\" name=\"_edn2\">[2]<\/a> <em>Jam-e Jam<\/em> (Ir\u00e1n), 26 de abril, 2010.<\/p>\n<p><a href=\"#_ednref3\" name=\"_edn3\">[3]<\/a> http:\/\/farsi.khamenei.ir\/, 21 de abril, 2010.<\/p>\n<p><a href=\"#_ednref4\" name=\"_edn4\">[4]<\/a> ILNA (Ir\u00e1n), 27 de abril, 2010.<\/p>\n<p><a href=\"#_ednref5\" name=\"_edn5\">[5]<\/a> ILNA (Ir\u00e1n), 19 de abril, 2010.<\/p>\n<p><a href=\"#_ednref6\" name=\"_edn6\">[6]<\/a> <em>Jam-e Jam<\/em> (Ir\u00e1n), 26 de abril, 2010.<\/p>\n<p><a href=\"#_ednref7\" name=\"_edn7\">[7]<\/a> ILNA (Ir\u00e1n), 27 de abril, 2010.<\/p>\n<p><a href=\"#_ednref8\" name=\"_edn8\">[8]<\/a> ILNA (Ir\u00e1n), 28 de abril, 2010. Para ver un segmento de video de la marcha, v\u00e9ase <a href=\"http:\/\/english.iribnews.ir\/incamera.aspx?camID=376\">http:\/\/english.iribnews.ir\/incamera.aspx?camID=376<\/a>.<\/p>\n<p><a href=\"#_ednref9\" name=\"_edn9\">[9]<\/a> ISNA (Ir\u00e1n), 7 de mayo, 2010.<\/p>\n<p><a href=\"#_ednref10\" name=\"_edn10\">[10]<\/a> ILNA (Ir\u00e1n), 7 de mayo, 2010. Para im\u00e1genes de la protesta, v\u00e9ase: <a href=\"http:\/\/www.ilna.ir\/aks.aspx?ID=122266\">http:\/\/www.ilna.ir\/aks.aspx?ID=122266<\/a>.<\/p>\n<p><a href=\"#_ednref11\" name=\"_edn11\">[11]<\/a> Fars (Ir\u00e1n), 16 de abril, 2010.<\/p>\n<p><a href=\"#_ednref12\" name=\"_edn12\">[12]<\/a> ISNA (Ir\u00e1n), 16 de abril, 2010.<\/p>\n<p><a href=\"#_ednref13\" name=\"_edn13\">[13]<\/a> IRNA (Ir\u00e1n), 23 de abril, 2010.<\/p>\n<p><a href=\"#_ednref14\" name=\"_edn14\">[14]<\/a> Noticias Ansar (Ir\u00e1n), 7 de enero, 2010.<\/p>\n<\/div>\n","protected":false},"excerpt":{"rendered":"<p>Introducci\u00f3n Recientemente, el r\u00e9gimen iran\u00ed ha expresado su preocupaci\u00f3n por la creciente tendencia entre las mujeres iran\u00edes de aparecer en p\u00fablico sin un velo o usando su hijab sin su propio cuidado. Altos funcionarios y los propagandistas del r\u00e9gimen han dicho que la vestimenta inmodesta es la culpable de la decadencia moral y corrupci\u00f3n, las [&hellip;]<\/p>\n","protected":false},"author":3,"featured_media":0,"comment_status":"open","ping_status":"open","sticky":false,"template":"","format":"standard","meta":{"footnotes":""},"categories":[5,20],"tags":[],"class_list":["post-3649","post","type-post","status-publish","format-standard","hentry","category-analisis-e-investigacion","category-iran"],"_links":{"self":[{"href":"https:\/\/www2.memri.org\/espanol\/wp-json\/wp\/v2\/posts\/3649","targetHints":{"allow":["GET"]}}],"collection":[{"href":"https:\/\/www2.memri.org\/espanol\/wp-json\/wp\/v2\/posts"}],"about":[{"href":"https:\/\/www2.memri.org\/espanol\/wp-json\/wp\/v2\/types\/post"}],"author":[{"embeddable":true,"href":"https:\/\/www2.memri.org\/espanol\/wp-json\/wp\/v2\/users\/3"}],"replies":[{"embeddable":true,"href":"https:\/\/www2.memri.org\/espanol\/wp-json\/wp\/v2\/comments?post=3649"}],"version-history":[{"count":0,"href":"https:\/\/www2.memri.org\/espanol\/wp-json\/wp\/v2\/posts\/3649\/revisions"}],"wp:attachment":[{"href":"https:\/\/www2.memri.org\/espanol\/wp-json\/wp\/v2\/media?parent=3649"}],"wp:term":[{"taxonomy":"category","embeddable":true,"href":"https:\/\/www2.memri.org\/espanol\/wp-json\/wp\/v2\/categories?post=3649"},{"taxonomy":"post_tag","embeddable":true,"href":"https:\/\/www2.memri.org\/espanol\/wp-json\/wp\/v2\/tags?post=3649"}],"curies":[{"name":"wp","href":"https:\/\/api.w.org\/{rel}","templated":true}]}}