{"id":355,"date":"2002-10-08T00:00:00","date_gmt":"2002-10-08T00:00:00","guid":{"rendered":"http:\/\/www2.memri.org\/espanol\/2002\/10\/08\/padre-de-terrorista-suicida-dejemos-que-los-lderes-de-hamas-y-el-yihad-enven-a-sus-propios-hijos\/"},"modified":"2002-10-08T00:00:00","modified_gmt":"2002-10-08T00:00:00","slug":"padre-de-terrorista-suicida-dejemos-que-los-lderes-de-hamas-y-el-yihad-enven-a-sus-propios-hijos","status":"publish","type":"post","link":"https:\/\/www2.memri.org\/espanol\/padre-de-terrorista-suicida-dejemos-que-los-lderes-de-hamas-y-el-yihad-enven-a-sus-propios-hijos\/355","title":{"rendered":"Padre de Terrorista Suicida: Dejemos Que Los L&iacute;deres de Hamas y el Yihad Env&iacute;en a Sus Propios Hijos"},"content":{"rendered":"<div class=\"bodytext c1\"><!-- Excerpts --><\/p>\n<p><em>En una carta al editor del <strong>diario londinense en idioma \u00e1rabe, Al- Hayat,<a href=\"#_edn1\">[1]<\/a> Abu Saber M. G., padre de un joven palestino que llev\u00f3 a cabo un bombardeo suicida en una ciudad israel\u00ed<\/strong>, escribi\u00f3:<\/em> <!-- Document Body --><\/p>\n<p>\u00abNo puedo encontrar mejores palabras para comenzar mi carta que las palabras de Al\u00e1, en su preciado libro [el Cor\u00e1n]: &#8216;Act\u00faen por amor a Al\u00e1, y no se lancen a la destrucci\u00f3n con sus propias manos&#8217;.<a href=\"#_edn2\">[2]<\/a> Escribo esta carta con un coraz\u00f3n lastimado por el dolor y con unos ojos que no han cesado de llorar. Hoy, mas que nunca, debemos de obedecer este verso cor\u00e1nico, actuar por amor a Al\u00e1, y abstenernos de llevar a cabo actos que nos lanzar\u00e1n a la destrucci\u00f3n.\u00bb<\/p>\n<p><strong>&#8216;Amigos Persuadieron a Mi Hijo de Hacerse Explotar; Ahora Ellos Est\u00e1n Tras de Su Hermano&#8217;<\/strong>&nbsp;<br \/>\u00abCuatro meses atr\u00e1s, perd\u00ed a mi hijo mayor, cuando sus amigos lo indujeron, alabando el camino de la muerte. Lo persuadieron de hacerse explotar en una de las ciudades de Israel. Cuando el cuerpo puro de mi hijo se esparci\u00f3 por doquier, mis \u00faltimas se\u00f1ales de vida tambi\u00e9n se dispersaron, junto a mi esperanza y mi voluntad de existir. Desde aqu\u00e9l d\u00eda soy como una aparici\u00f3n caminando sobre la Tierra, sin mencionar que mi esposa, mis otros hijos e hijas y yo, hemos sido desplazados, desde que arrasaron con la casa en que viv\u00edamos. \u00ab<\/p>\n<p>\u00abPero el colmo fu\u00e9, cuando se me inform\u00f3 que los amigos de mi hijo mayor, el martir, comenzaban a arroparse como serpientes alrededor de mi otro hijo, sin cumplir a\u00fan los 17, para dirigirlo por el mismo camino al que hab\u00edan guiado a su hermano, para que se hiciera explotar y as\u00ed vengarlo, afirmando que \u00abno ten\u00eda nada que perder\u00bb\u00bb.<\/p>\n<p>\u00abDesde la sangre del coraz\u00f3n herido de un padre, que ha perdido lo m\u00e1s preciado que para \u00e9l hay en el mundo, me vuelvo en contra de los l\u00edderes de las facciones palestinas, y de sus dirigentes, los l\u00edderes de <strong>Hamas<\/strong> y el <strong>Yihad Isl\u00e1mico<\/strong> y de sus jeques, quienes utilizan reglas religiosas y declaraciones para empujar m\u00e1s y m\u00e1s a los hijos de Palestina hacia su muerte &#8211; sabiendo perfectamente que el enviar gente joven a explotarse en el coraz\u00f3n de Israel, no frena al enemigo ni libera tierras. Por el contrario, intensifica la agresi\u00f3n y despu\u00e9s de cada operaci\u00f3n similar, civiles son muertos, casas son arrasadas y ciudades y villas Palestinas son reocupadas.\u00bb<\/p>\n<p><strong>&#8216;\u00bfQui\u00e9n Les Di\u00f3 el Derecho de Enviar a Nuestros Hijos a la Muerte?&#8217;<\/strong>&nbsp;<br \/>\u00abEntonces, estos l\u00edderes y portavoces aparecen [en los medios] para amenazar al enemigo, con realizar actos a\u00fan m\u00e1s graves, en venganza por sus actos barb\u00e1ricos. Ellos empujan a m\u00e1s j\u00f3venes hacia su muerte.\u00bb<\/p>\n<p>\u00abYo pregunto, de mi parte y de parte de cada padre y madre que hayan sido informados que su hijo se ha hecho explotar: &#8216;\u00bfCon que derecho env\u00edan estos l\u00edderes a nuestros hijos a la muerte?\u00bb<\/p>\n<p><strong>&#8216;Muerte, No Martirio&#8217;<\/strong>&nbsp;<br \/>\u00abS\u00ed, digo &#8216;muerte,&#8217; no &#8216;martirio.&#8217; Cambiando y embelleciendo el t\u00e9rmino, o pagando unos cuantos miles de d\u00f3lares a la familia del joven que se ha ido y nunca regresar\u00e1, no hace m\u00e1s f\u00e1cil el golpe o altera el irreversible final. Las sumas de dinero [pagado] a las familias de los m\u00e1rtires causa mas dolor que alivio; hace sentir a las familias que est\u00e1n recibiendo una recompensa por la vida de sus hijos.\u00bb<\/p>\n<p>\u00ab\u00bfTiene precio la vida de los hijos? \u00bfSe ha convertido la muerte en el \u00fanico medio para restaurar los derechos y liberar la tierra? Y si \u00e9ste es el caso, \u00bfpor qu\u00e9 no, alguno de los jeques, que compiten entre ellos para emitir candentes fallos religiosos, env\u00eda a alguno de sus hijos? \u00bfPor qu\u00e9 no, env\u00eda a sus hijos alguno de estos l\u00edderes, que no pueden reprimirse de expresar su alegr\u00eda y \u00e9xtasis ante los c\u00e1nales de sat\u00e9lite, cada vez que un joven palestino -hombre o mujer- se hace explotar?\u00bb<\/p>\n<p>\u00abPor qu\u00e9 hasta este preciso momento, no hemos visto a alguno de los hijos o hijas de cualquiera de estas gentes, ponerse un cintur\u00f3n explosivo e ir y llevar a cabo, con hechos no con palabras, lo que sus padres predican d\u00eda y noche?\u00bb<\/p>\n<p>\u00ab\u00bfEst\u00e1n el Yihad, el martirio y la muerte sin raz\u00f3n, restringidas a un sector particular [del pueblo], sin que le concierna a otro sector? Lo que aplica a los hijos e hijas del p\u00fablico en general \u00bfno aplica [tambi\u00e9n] a sus propios hijos e hijas [de los l\u00edderes]? \u00bfPor cuanto tiempo m\u00e1s esta gente resuelta, continuar\u00e1 pagando el precio de la idiota pol\u00edtica que ha demostrado ser una falla colosal para obtener tan siquiera una diminuta parte de los ursurpados derechos palestinos?\u00bb <strong>&#8216;Con el Estallido de la Intifada, los L\u00edderes Enviaron a Sus Hijos al Extranjero&#8217;<\/strong>&nbsp;<br \/>\u00abPero lo que causa el dolor al coraz\u00f3n, las l\u00e1grimas del alma y nos llena los ojos de l\u00e1grimas, -m\u00e1s que cualquier otra cosa-, es la visi\u00f3n de estos l\u00edderes y jeques para evadir enviar a sus propios hijos al combate -tales como <strong>Mahmoud Al-Zahar, Isma&#8217;il Abu Shanab<\/strong>, y <strong>Abd Al-&#8216;Aziz Al-Rantisi<\/strong>. Al momento en que la Intifada explot\u00f3, <strong>Al-Zahar<\/strong> envi\u00f3 a su hijo <strong>Khaled<\/strong> a Estados Unidos; <strong>Abu Shanab<\/strong> envi\u00f3 a su hijo <strong>Hassan<\/strong> a Gran Breta\u00f1a; y [como ella misma declar\u00f3 a la prensa], <strong>la esposa de Rantisi<\/strong> se ha detenido de enviar a su hijo <strong>Muhammad<\/strong> a explotarse a s\u00ed mismo. En lugar de \u00e9so, lo ha enviado a Irak a completar all\u00e1 sus estudios.\u00bb<\/p>\n<\/div>\n<hr noshade=\"noshade\" \/><!-- footnotes --><\/p>\n<div class=\"bodynews c2\">\n<p><a name=\"_edn1\"><\/a>[1] <em>Al-Hayat<\/em> (Londres), Octubre 1, 2002.<\/p>\n<p><a name=\"_edn2\"><\/a>[2] Koran 2:195.<\/p>\n<\/div>\n","protected":false},"excerpt":{"rendered":"<p>En una carta al editor del diario londinense en idioma \u00e1rabe, Al- Hayat,[1] Abu Saber M. G., padre de un joven palestino que llev\u00f3 a cabo un bombardeo suicida en una ciudad israel\u00ed, escribi\u00f3: \u00abNo puedo encontrar mejores palabras para comenzar mi carta que las palabras de Al\u00e1, en su preciado libro [el Cor\u00e1n]: &#8216;Act\u00faen [&hellip;]<\/p>\n","protected":false},"author":1,"featured_media":0,"comment_status":"open","ping_status":"open","sticky":false,"template":"","format":"standard","meta":{"footnotes":""},"categories":[10,6,12,13,23],"tags":[],"class_list":["post-355","post","type-post","status-publish","format-standard","hentry","category-estudios-sobre-terrorismo-y-yihad","category-comunicados-especiales","category-reforma-en-el-mundo-arabe-y-musulman","category-conflicto-arabe-israeli","category-autoridad-palestina"],"_links":{"self":[{"href":"https:\/\/www2.memri.org\/espanol\/wp-json\/wp\/v2\/posts\/355","targetHints":{"allow":["GET"]}}],"collection":[{"href":"https:\/\/www2.memri.org\/espanol\/wp-json\/wp\/v2\/posts"}],"about":[{"href":"https:\/\/www2.memri.org\/espanol\/wp-json\/wp\/v2\/types\/post"}],"author":[{"embeddable":true,"href":"https:\/\/www2.memri.org\/espanol\/wp-json\/wp\/v2\/users\/1"}],"replies":[{"embeddable":true,"href":"https:\/\/www2.memri.org\/espanol\/wp-json\/wp\/v2\/comments?post=355"}],"version-history":[{"count":0,"href":"https:\/\/www2.memri.org\/espanol\/wp-json\/wp\/v2\/posts\/355\/revisions"}],"wp:attachment":[{"href":"https:\/\/www2.memri.org\/espanol\/wp-json\/wp\/v2\/media?parent=355"}],"wp:term":[{"taxonomy":"category","embeddable":true,"href":"https:\/\/www2.memri.org\/espanol\/wp-json\/wp\/v2\/categories?post=355"},{"taxonomy":"post_tag","embeddable":true,"href":"https:\/\/www2.memri.org\/espanol\/wp-json\/wp\/v2\/tags?post=355"}],"curies":[{"name":"wp","href":"https:\/\/api.w.org\/{rel}","templated":true}]}}