{"id":354,"date":"2002-10-03T00:00:00","date_gmt":"2002-10-03T00:00:00","guid":{"rendered":"http:\/\/www2.memri.org\/espanol\/2002\/10\/03\/la-corte-egipcia-ordena-que-se-desintegre-la-asociacin-de-el-cairo-para-la-paz\/"},"modified":"2002-10-03T00:00:00","modified_gmt":"2002-10-03T00:00:00","slug":"la-corte-egipcia-ordena-que-se-desintegre-la-asociacin-de-el-cairo-para-la-paz","status":"publish","type":"post","link":"https:\/\/www2.memri.org\/espanol\/la-corte-egipcia-ordena-que-se-desintegre-la-asociacin-de-el-cairo-para-la-paz\/354","title":{"rendered":"La Corte Egipcia Ordena que se Desintegre la Asociaci&oacute;n de El Cairo Para La Paz"},"content":{"rendered":"<div class=\"bodytext c1\"><!-- Excerpts --><\/p>\n<p><em><strong>El semanario de oposici\u00f3n egipcio Al-Usbu&#8217;<\/strong> inform\u00f3 sobre la decisi\u00f3n de una corte administrativa de Egipto de desintegrar una organizaci\u00f3n egipcia voluntaria que fu\u00e9 fundada con el fin de fortalecer el proceso de paz. El periodista <strong>Muhammad &#8216;Abdallah<\/strong>, autor del art\u00edculo, describi\u00f3 la decisi\u00f3n de la corte como \u00abun nuevo golpe a los simpatizantes de la normalizaci\u00f3n.\u00bb A continuaci\u00f3n presentamos la traducci\u00f3n del reportaje.<a href=\"#_edn1\">[1]<\/a><\/em> <!-- Document Body --><\/p>\n<p><strong>La Decisi\u00f3n de Desintegrar la Asociaci\u00f3n fue Publicada Finalmente<\/strong><br \/>\u00abDespu\u00e9s de cuatro a\u00f1os de litigaci\u00f3n en la corte administrativa el reporte de los fiscales estatales sobre el Caso No. 1796, referente a la desintegraci\u00f3n de la <strong>Asociaci\u00f3n de El Cairo para la Paz<\/strong> y la abolici\u00f3n de todas las decisiones [a favor de su establecimiento] ha sido publicada.\u00bb<\/p>\n<p>\u00abEl reporte, que es considerado una cuesti\u00f3n de honor&hellip; para la corte egipcia, silenci\u00f3 las voces que intentaban enlodar la reputaci\u00f3n del sistema legal egipcio e indicar que se presion\u00f3 a la corte administrativa para que no publicara su decisi\u00f3n sobre esta demanda, bajo el pretexto de que existen circunstancias pol\u00edticas en la naci\u00f3n \u00e1rabe para no permitir una confrontaci\u00f3n con Israel o sus partidarios.\u00bb<\/p>\n<p>\u00ab<strong>El abogado y Embajador Ibrahim Yusri, ex director de el Departamento de Leyes y Acuerdos Internacionales del Ministerio del Exterior<\/strong>, present\u00f3 una demanda en la corte administrativa el 17 de Septiembre de 1998. La demanda pretend\u00eda lograr el desmantelamiento de la Asociaci\u00f3n de El Cairo para la Paz, Registro No. 392, 1998, la suspensi\u00f3n de todas sus actividades y la abolici\u00f3n de todas las decisiones que le ata\u00f1eran.\u00bb<\/p>\n<p>\u00abEsto sucedi\u00f3 porque las actividades de esta asociaci\u00f3n no est\u00e1n subordinadas a las cl\u00e1usulas de la Ley de Asociaciones, adem\u00e1s de estar consideradas como actividades pol\u00edticas. Al mismo tiempo, se requiere tener mucha cautela en asuntos de inter\u00e9s p\u00fablico que envuelvan actividades referentes a Israel, por seguridad nacional y por la protecci\u00f3n del bienestar de la patria. Este hecho hace que la decisi\u00f3n [de fundar] la asociaci\u00f3n sea anulada e invalidada&#8230;\u00bb<\/p>\n<p><strong>Difundir la Cultura de Paz no Beneficia a la Ley<\/strong><br \/>\u00abEl reporte afirma que efectuar investigaciones, realizar conferencias y convenciones cient\u00edficas para difundir la cultura de paz en el amplio sentido de la palabra, y el intercambio de visitas con grupos similares de Israel no se consideran servicios culturales, cient\u00edficos o religiosos para los cuales se estableci\u00f3 la asociaci\u00f3n, de acuerdo con lo que dicta la ley.<\/p>\n<p>Al mismo tiempo, ninguna [de estas actividades] se incluyen en las \u00e1reas especificadas en los estatutos de la Ley de Asociaciones e Instituciones Privadas o en aquellas en las que el <strong>Ministro de Asuntos Sociales<\/strong> expida un fallo&#8230;\u00bb<\/p>\n<p>\u00abEl <strong>abogado fiscal, Ibrahim Yusri<\/strong>, afirma que el fallo no es poco com\u00fan en el sistema legal egipcio&hellip; que no se rinde ante la presi\u00f3n, y que la otra parte [el abogado defensor] trat\u00f3 de insinuar que se intent\u00f3 ejercer presi\u00f3n para evitar la publicaci\u00f3n de este reporte. Hizo hincapi\u00e9 en que las circunstancias pol\u00edticas de la regi\u00f3n, los actos de agresi\u00f3n de Israel, el asedio al Presidente Palestino, y el asesinato de docenas de egipcios indefensos [sic] gente en los territorios ocupados, impiden que se reconozca el derecho de aquellos que claman por la normalizaci\u00f3n de relaciones o por establecer cualquier tipo de contacto con el enemigo sionista<\/p>\n<p>\u00ab[Ibrahim Yusri] recalca que el liderazgo pol\u00edtico [Egipcio] decidi\u00f3 congelar todas las formas de normalizaci\u00f3n exceptuando aquellas que pudieran favorecer la causa [Palestina]. La actividad de la <strong>Asociaci\u00f3n de El Cairo para la Paz<\/strong> se sal\u00eda de este marco, al proclamar una cultura de supuesta paz en el momento mas extremo del derramamiento de sangre en la tierra Palestina.<\/p>\n<p>Igualmente, el as\u00ed llamado movimiento de paz en Israel no ha hecho ninguna concesi\u00f3n y no ha pedido que el equipo de arbitraje haga ninguna concesi\u00f3n en Egipto. El <strong>Embajador Ibrahim Yusri<\/strong> hizo notar que las encuestas de opini\u00f3n en Israel muestran la falta de influencia de estas fuerzas [en pro de la paz] en todas las decisiones tomadas por el Estado de Israel.\u00bb<\/p>\n<p><strong>La Iniciativa Est\u00e1 Ahora en Manos de las Asociaciones Que se Oponen a la Normalizaci\u00f3n<\/strong><br \/>\u00abAhora que el comit\u00e9 de fiscales public\u00f3 su fallo en favor de abolir la <strong>Asociaci\u00f3n de El Cairo para la Paz<\/strong>, la iniciativa est\u00e1 ahora en manos de las asociaciones que se oponen a la normalizaci\u00f3n, y quienes esperaban esta clase de veredicto con el fin de concientizar a la opini\u00f3n p\u00fablica en Egipto y en el mundo \u00e1rabe sobre la negativa de las asociaciones de rendirse y sobre el hecho de que, aparentemente, no sienten pena al ver el derramamiento de sangre de los palestinos por la ocupaci\u00f3n agresora.\u00bb<\/p>\n<\/div>\n<hr noshade=\"noshade\" \/><!-- footnotes --><\/p>\n<div class=\"bodynews c2\">\n<p><a name=\"_edn1\"><\/a> [1] <em>Al-Usbu&#8217;<\/em> (Egipto), Septiembre 30, 2002.<\/p>\n<\/div>\n","protected":false},"excerpt":{"rendered":"<p>El semanario de oposici\u00f3n egipcio Al-Usbu&#8217; inform\u00f3 sobre la decisi\u00f3n de una corte administrativa de Egipto de desintegrar una organizaci\u00f3n egipcia voluntaria que fu\u00e9 fundada con el fin de fortalecer el proceso de paz. El periodista Muhammad &#8216;Abdallah, autor del art\u00edculo, describi\u00f3 la decisi\u00f3n de la corte como \u00abun nuevo golpe a los simpatizantes de [&hellip;]<\/p>\n","protected":false},"author":1,"featured_media":0,"comment_status":"open","ping_status":"open","sticky":false,"template":"","format":"standard","meta":{"footnotes":""},"categories":[19,6],"tags":[],"class_list":["post-354","post","type-post","status-publish","format-standard","hentry","category-egipto","category-comunicados-especiales"],"_links":{"self":[{"href":"https:\/\/www2.memri.org\/espanol\/wp-json\/wp\/v2\/posts\/354","targetHints":{"allow":["GET"]}}],"collection":[{"href":"https:\/\/www2.memri.org\/espanol\/wp-json\/wp\/v2\/posts"}],"about":[{"href":"https:\/\/www2.memri.org\/espanol\/wp-json\/wp\/v2\/types\/post"}],"author":[{"embeddable":true,"href":"https:\/\/www2.memri.org\/espanol\/wp-json\/wp\/v2\/users\/1"}],"replies":[{"embeddable":true,"href":"https:\/\/www2.memri.org\/espanol\/wp-json\/wp\/v2\/comments?post=354"}],"version-history":[{"count":0,"href":"https:\/\/www2.memri.org\/espanol\/wp-json\/wp\/v2\/posts\/354\/revisions"}],"wp:attachment":[{"href":"https:\/\/www2.memri.org\/espanol\/wp-json\/wp\/v2\/media?parent=354"}],"wp:term":[{"taxonomy":"category","embeddable":true,"href":"https:\/\/www2.memri.org\/espanol\/wp-json\/wp\/v2\/categories?post=354"},{"taxonomy":"post_tag","embeddable":true,"href":"https:\/\/www2.memri.org\/espanol\/wp-json\/wp\/v2\/tags?post=354"}],"curies":[{"name":"wp","href":"https:\/\/api.w.org\/{rel}","templated":true}]}}