{"id":3536,"date":"2010-03-12T00:00:00","date_gmt":"2010-03-12T00:00:00","guid":{"rendered":"http:\/\/www2.memri.org\/espanol\/2010\/03\/12\/sermon-de-hamas-en-gaza-roma-sera-conquistada-por-el-islam\/"},"modified":"2016-01-14T15:45:34","modified_gmt":"2016-01-14T15:45:34","slug":"sermon-de-hamas-en-gaza-roma-sera-conquistada-por-el-islam","status":"publish","type":"post","link":"https:\/\/www2.memri.org\/espanol\/sermon-de-hamas-en-gaza-roma-sera-conquistada-por-el-islam\/3536","title":{"rendered":"Serm\u00f3n de Hamas en Gaza: Roma ser\u00e1 conquistada por el Islam"},"content":{"rendered":"<div class=\"bodytext c1\"><!--Document Body --><\/p>\n<div class=\"bodytext c1\">\n<p><em>A continuaci\u00f3n se presentan extractos de un serm\u00f3n del Viernes dado en<\/em> <em>la Franja<\/em> <em>de Gaza, el cual fue puesto al aire en el canal de televisi\u00f3n de Hamas Al-Aqsa TV el 5 de marzo, 2010 (para ver este segmento de video, visite<br \/><a href=\"http:\/\/www.memritv.org\/clip\/en\/2410.htm\">http:\/\/www.memritv.org\/clip\/en\/2410.htm<\/a> ).<\/em><\/p>\n<p><em>Este es seguido por otros segmentos de video de Al-Aqsa TV por MEMRI TV en referencia al advenimiento de la &#8216;conquista isl\u00e1mica de Roma&#8217; (para ver la p\u00e1gina de Al-Aqsa TV en MEMRI TV, visite<br \/><a href=\"http:\/\/www.memritv.org\/content\/en\/tv_channel_indiv.htm?id=175\">http:\/\/www.memritv.org\/content\/en\/tv_channel_indiv.htm?id=175<\/a> ).<\/em><\/p>\n<p><strong>Serm\u00f3n de Hamas en Gaza: Roma ser\u00e1 conquistada por el Islam<\/strong><\/p>\n<p><img loading=\"lazy\" decoding=\"async\" class=\"alignnone size-full wp-image-14713\" src=\"http:\/\/www2.memri.org\/espanol\/wp-content\/uploads\/2016\/01\/sp_2854_1.jpg\" width=\"286\" height=\"215\" srcset=\"https:\/\/www2.memri.org\/espanol\/wp-content\/uploads\/2016\/01\/sp_2854_1.jpg 286w, https:\/\/www2.memri.org\/espanol\/wp-content\/uploads\/2016\/01\/sp_2854_1-80x60.jpg 80w, https:\/\/www2.memri.org\/espanol\/wp-content\/uploads\/2016\/01\/sp_2854_1-265x198.jpg 265w\" sizes=\"auto, (max-width: 286px) 100vw, 286px\" \/><\/p>\n<p><strong>Predicador<\/strong>: \u00abLa profec\u00eda de la conquista de Roma sigue siendo v\u00e1lida, Al\u00e1 que lega. Al igual que Constantinopla fue conquistada hace unos 500 a\u00f1os, Roma tambi\u00e9n ser\u00e1 conquistada.<\/p>\n<p>\u00abNuestros rezos, nuestro ayuno y la caridad que damos no ser\u00e1 provechosa, si dudamos del profeta Mahoma. \u00bfC\u00f3mo podemos proceder por el camino de la justicia, si no estamos seguros en nuestra creencia de que Roma ser\u00e1 conquistada, tal como prometi\u00f3 el Profeta Mahoma y fue proclamado por Al\u00e1?\u00bb<\/p>\n<p><strong>Ex ministro jordano Ali Al-Faqir promete conquistar Espa\u00f1a y Roma, Declara: Estados Unidos y<\/strong> <strong>la Uni\u00f3n Europea<\/strong> <strong>pronto llegar\u00e1n a su fin &#8211; 2 de mayo, 2008<\/strong><\/p>\n<p><img loading=\"lazy\" decoding=\"async\" class=\"alignnone size-full wp-image-14715\" src=\"http:\/\/www2.memri.org\/espanol\/wp-content\/uploads\/2016\/01\/sp_2854_2.jpg\" width=\"280\" height=\"219\" \/><br \/><em>(Para ver este segmento de video visite <a href=\"http:\/\/www.memritv.org\/clip\/en\/1761.htm\">http:\/\/www.memritv.org\/clip\/en\/1761.htm<\/a> )<\/em><\/p>\n<p><strong>Jeque Ali Al-Faqir<\/strong>: \u00abDebemos declarar que Palestina, desde el R\u00edo [Jord\u00e1n] al Mar [Mediterr\u00e1neo] es suelo isl\u00e1mico, y que Espa\u00f1a &#8211; Andaluc\u00eda &#8211; tambi\u00e9n es tierra del Islam. Las tierras isl\u00e1micas que fueron ocupadas por los enemigos ser\u00e1n una vez m\u00e1s isl\u00e1micas. Adem\u00e1s, llegaremos m\u00e1s all\u00e1 de estos pa\u00edses, los cuales est\u00e1n perdidos de alguna manera. Proclamamos de que vamos a conquistar Roma, al igual que Constantinopla fue conquistada una vez y como tal ser\u00e1 conquistada de nuevo\u00bb.<\/p>\n<p><strong>Entrevistador<\/strong>: \u00abAl\u00e1 que lega\u00bb.<\/p>\n<p><strong>Jeque Ali Al-Faqir<\/strong>: \u00abGobernaremos al mundo, tal como fue dicho por el profeta Mahoma\u00bb.<\/p>\n<p>[&#8230;]<\/p>\n<p>\u00abEnfrentaremos una batalla que es m\u00e1s amplia y m\u00e1s fuerte. Sus comienzos fueron en Palestina, en Irak, en Afganist\u00e1n y en Chechenia. Lo que se ha comenzado ser\u00e1 completado. No va a parar\u00bb.<\/p>\n<p>[&#8230;]<\/p>\n<p>\u00abLa entidad sionista ha llegado su terminaci\u00f3n, y est\u00e1 comenzando a declinar, hasta que se debilitar\u00e1 y llegar\u00e1 a su fin. Del mismo modo, Estados Unidos ha ocupado, tronado y rabiado, y proclamado, al igual que el Fara\u00f3n, &#8216;Yo soy tu Dios supremo&#8217;, pero este llegar\u00e1 a su fin y estos han comenzado a darse cuenta que su fin est\u00e1 cerca. Hemos comenzado a leer en los diarios estadounidenses y europeos de que \u00abnuestra gloria est\u00e1 en decadencia, y no hay nada que podamos hacer al respecto\u00bb. Esta ma\u00f1ana en Al-Jazeera TV, vi a los cient\u00edficos norteamericanos y te\u00f3ricos estrat\u00e9gicos, quienes dijeron que Estados Unidos pronto llegar\u00e1 a su fin. Lo dijeron antes por la URSS, y de hecho, esta ha llegado a su fin, y decimos ahora que Estados Unidos y la UE llegar\u00e1n a su fin y s\u00f3lo la fuerza creciente del Islam prevalecer\u00e1\u00bb.<\/p>\n<p><strong>MP y cl\u00e9rigo de Hamas Yunis Al-Astal en serm\u00f3n del Viernes: Conquistaremos Roma &#8211; y desde all\u00ed, continuaremos conquistando a las dos Am\u00e9ricas y Europa Oriental &#8211; 11 de abril, 2008<\/strong><\/p>\n<p><img loading=\"lazy\" decoding=\"async\" class=\"alignnone size-full wp-image-14718\" src=\"http:\/\/www2.memri.org\/espanol\/wp-content\/uploads\/2016\/01\/sp_2854_3.jpg\" width=\"285\" height=\"212\" srcset=\"https:\/\/www2.memri.org\/espanol\/wp-content\/uploads\/2016\/01\/sp_2854_3.jpg 285w, https:\/\/www2.memri.org\/espanol\/wp-content\/uploads\/2016\/01\/sp_2854_3-80x60.jpg 80w, https:\/\/www2.memri.org\/espanol\/wp-content\/uploads\/2016\/01\/sp_2854_3-265x198.jpg 265w\" sizes=\"auto, (max-width: 285px) 100vw, 285px\" \/><br \/><em>(Para ver este segmento de video, visite <a href=\"http:\/\/www.memritv.org\/clip\/en\/1739.htm\">http:\/\/www.memritv.org\/clip\/en\/1739.htm<\/a> )<\/em><\/p>\n<p><strong>Yunis Al-Astal<\/strong>: \u00abAl\u00e1 te ha escogido para S\u00ed mismo y para Su religi\u00f3n, con el prop\u00f3sito de que le sirvas como el motor de tracci\u00f3n de esta naci\u00f3n hacia la fase de sucesi\u00f3n, seguridad y consolidaci\u00f3n del poder, e incluso para las conquistas a trav\u00e9s del <em>da`wa<\/em> y las conquistas militares de las capitales de todo el mundo. Muy pronto, Al\u00e1 que lega, Roma ser\u00e1 conquistada, al igual que Constantinopla lo fue, tal como fue profetizado por nuestro profeta Mahoma. Hoy, Roma es la capital de los cat\u00f3licos, o la capital de los cruzados, que ha declarado su hostilidad hacia el Islam y ha plantado a los hermanos de los monos y cerdos en Palestina para prevenir el re-despertar del Islam &#8211; esta capital de ellos ser\u00e1 un puesto avanzado para las conquistas isl\u00e1micas, que se extender\u00e1n a trav\u00e9s de Europa en su totalidad y luego viraremos hacia las dos Am\u00e9ricas, e incluso hacia Europa Oriental\u00bb.<\/p>\n<p>\u00abCreo que nuestros hijos o nuestros nietos heredar\u00e1n nuestro Jihad y nuestros sacrificios, y Al\u00e1 que lega, los comandantes de la conquista vendr\u00e1n de entre ellos. Hoy, inculcamos estas buenas noticias en sus almas y por medio de las mezquitas y los libros del Cor\u00e1n, y la historia de nuestros profetas, sus compa\u00f1eros y los grandes l\u00edderes, los preparamos para la misi\u00f3n de salvar a la humanidad del fuego del infierno al borde del que est\u00e1n\u00bb.<\/p>\n<\/div>\n<\/div>\n","protected":false},"excerpt":{"rendered":"<p>A continuaci\u00f3n se presentan extractos de un serm\u00f3n del Viernes dado en la Franja de Gaza, el cual fue puesto al aire en el canal de televisi\u00f3n de Hamas Al-Aqsa TV el 5 de marzo, 2010 (para ver este segmento de video, visitehttp:\/\/www.memritv.org\/clip\/en\/2410.htm ). Este es seguido por otros segmentos de video de Al-Aqsa TV [&hellip;]<\/p>\n","protected":false},"author":1,"featured_media":14713,"comment_status":"open","ping_status":"open","sticky":false,"template":"","format":"standard","meta":{"footnotes":""},"categories":[10,6],"tags":[],"class_list":["post-3536","post","type-post","status-publish","format-standard","has-post-thumbnail","hentry","category-estudios-sobre-terrorismo-y-yihad","category-comunicados-especiales"],"_links":{"self":[{"href":"https:\/\/www2.memri.org\/espanol\/wp-json\/wp\/v2\/posts\/3536","targetHints":{"allow":["GET"]}}],"collection":[{"href":"https:\/\/www2.memri.org\/espanol\/wp-json\/wp\/v2\/posts"}],"about":[{"href":"https:\/\/www2.memri.org\/espanol\/wp-json\/wp\/v2\/types\/post"}],"author":[{"embeddable":true,"href":"https:\/\/www2.memri.org\/espanol\/wp-json\/wp\/v2\/users\/1"}],"replies":[{"embeddable":true,"href":"https:\/\/www2.memri.org\/espanol\/wp-json\/wp\/v2\/comments?post=3536"}],"version-history":[{"count":0,"href":"https:\/\/www2.memri.org\/espanol\/wp-json\/wp\/v2\/posts\/3536\/revisions"}],"wp:featuredmedia":[{"embeddable":true,"href":"https:\/\/www2.memri.org\/espanol\/wp-json\/wp\/v2\/media\/14713"}],"wp:attachment":[{"href":"https:\/\/www2.memri.org\/espanol\/wp-json\/wp\/v2\/media?parent=3536"}],"wp:term":[{"taxonomy":"category","embeddable":true,"href":"https:\/\/www2.memri.org\/espanol\/wp-json\/wp\/v2\/categories?post=3536"},{"taxonomy":"post_tag","embeddable":true,"href":"https:\/\/www2.memri.org\/espanol\/wp-json\/wp\/v2\/tags?post=3536"}],"curies":[{"name":"wp","href":"https:\/\/api.w.org\/{rel}","templated":true}]}}