{"id":3533,"date":"2010-03-17T00:00:00","date_gmt":"2010-03-17T00:00:00","guid":{"rendered":"http:\/\/www2.memri.org\/espanol\/2010\/03\/17\/veneracion-por-dalal-al-mughrabi-en-la-television-de-la-autoridad-palestina-en-lo-diarios-de-la-ap-y-en-los-portales-arabes-israelies\/"},"modified":"2016-01-14T15:45:26","modified_gmt":"2016-01-14T15:45:26","slug":"veneracion-por-dalal-al-mughrabi-en-la-television-de-la-autoridad-palestina-en-lo-diarios-de-la-ap-y-en-los-portales-arabes-israelies","status":"publish","type":"post","link":"https:\/\/www2.memri.org\/espanol\/veneracion-por-dalal-al-mughrabi-en-la-television-de-la-autoridad-palestina-en-lo-diarios-de-la-ap-y-en-los-portales-arabes-israelies\/3533","title":{"rendered":"Veneraci\u00f3n por Dalal Al-Mughrabi en la televisi\u00f3n de la Autoridad Palestina, en lo diarios de la AP y en los portales \u00e1rabes israel\u00edes"},"content":{"rendered":"<div class=\"bodytext c2\">\n<p><strong><img loading=\"lazy\" decoding=\"async\" class=\"alignnone size-full wp-image-14687\" src=\"http:\/\/www2.memri.org\/espanol\/wp-content\/uploads\/2016\/01\/sp_2862_1.jpg\" width=\"720\" height=\"480\" srcset=\"https:\/\/www2.memri.org\/espanol\/wp-content\/uploads\/2016\/01\/sp_2862_1.jpg 720w, https:\/\/www2.memri.org\/espanol\/wp-content\/uploads\/2016\/01\/sp_2862_1-300x200.jpg 300w, https:\/\/www2.memri.org\/espanol\/wp-content\/uploads\/2016\/01\/sp_2862_1-600x400.jpg 600w, https:\/\/www2.memri.org\/espanol\/wp-content\/uploads\/2016\/01\/sp_2862_1-696x464.jpg 696w, https:\/\/www2.memri.org\/espanol\/wp-content\/uploads\/2016\/01\/sp_2862_1-630x420.jpg 630w\" sizes=\"auto, (max-width: 720px) 100vw, 720px\" \/><\/strong><\/p>\n<p><strong>Ceremonia popular conmemorativa en memoria a Dalal Al-Mughrabi, al que asistieron miembros de Fatah<\/strong><\/p>\n<p>El 11 de marzo del 2010, una ceremonia conmemorando a Dalal Al-Mughrabi, segunda al mando en el ataque terrorista del 11 de marzo, 1978 contra un autob\u00fas en la carretera costera de Israel, fue celebrada en una plaza cercana a la sede de la Gu\u00eda Nacional en la ciudad de Al-Bireh.<\/p>\n<p>Tres meses antes, el gobernador de Ramallah hab\u00eda anunciado que la ceremonia ser\u00eda un evento oficial de la Autoridad Palestina, el anuncio se produjo durante una ceremonia pol\u00edtica y de directrices nacionales de la AP patrocinada por el Presidente de la AP Mahmoud Abbas. <a href=\"#_edn1\" name=\"_ednref1\">[1]<\/a><\/p>\n<p>Poco antes de que la ceremonia de Al-Mughrabi se celebrara, la Autoridad Palestina anunci\u00f3 sin embargo, que esta se hab\u00eda aplazado por \u00abrazones t\u00e9cnicas\u00bb. Los representantes de la municipalidad de Al-Bireh, cuando se les pregunt\u00f3 la raz\u00f3n del aplazamiento, alegaron que fue debido a que Israel le hab\u00eda advertido a la Autoridad Palestina inst\u00e1ndole a abstenerse de celebrar la conmemoraci\u00f3n. La ceremonia en \u00faltima instancia tuvo lugar, pero en un ambiente informal y \u00abpopular\u00bb, con funcionarios de alto rango de Fatah &#8211; quienes llegaron a asistir supuestamente como representantes del pueblo.<\/p>\n<p>Al tiempo se\u00f1alado, estos funcionarios, junto con decenas de j\u00f3venes que portaban la fotograf\u00eda de Al-Mughrabi, se reunieron en la plaza. El miembro de Ramallah en Fatah Mustaf\u00e1 Abu Rabi&#8217; dijo que la ceremonia era \u00abla inauguraci\u00f3n popular del lugar designado por Dalal Al-Mughrabi, y que las actividades populares no necesitan el permiso de nadie\u00bb.<\/p>\n<p>El miembro del Comit\u00e9 Central de Fatah Tawfiq Al-Tirawi dijo: \u00abNo vamos a ceder ante las amenazas. Estamos aqu\u00ed hoy para conmemorar nuestra historia y nuestra lucha, nombrando esta plaza en honor a Al-Mughrabi\u00bb. <a href=\"#_edn2\" name=\"_ednref2\">[2]<\/a><\/p>\n<p>El d\u00eda de la ceremonia, Fatah emiti\u00f3 un comunicado expresando su orgullo por Al-Mughrabi como un s\u00edmbolo de la lucha del pueblo palestino y afirmando que la Autoridad Palestina, Fatah y el pueblo palestino tiene derecho a celebrar el d\u00eda de su martirio de un de manera acorde con una hero\u00edna y perpetuar su nombre. <a href=\"#_edn3\" name=\"_ednref3\">[3]<\/a><\/p>\n<p>A pesar de que la AP hab\u00eda anunciado el \u00abaplazamiento\u00bb de la ceremonia el 11 de marzo la televisi\u00f3n palestina difundi\u00f3 un programa sobre el 32 aniversario del ataque en conmemoraci\u00f3n a Dalal Al-Mughrabi entrevistando a su hermana, quien inst\u00f3 a la gente a reunirse en la plaza. El programa tambi\u00e9n present\u00f3 el legado de Dalal Al-Mughrabi, instando a sus \u00abhermanos en armas\u00bb a que \u00abapunten [sus] armas &#8211; todas [sus] armas &#8211; hacia el enemigo sionista\u00bb.<\/p>\n<p>En los d\u00edas siguientes a la ceremonia, la prensa de la AP atac\u00f3 la exigencia de Israel a que la ceremonia fuese cancelada y elogi\u00f3 la conmemoraci\u00f3n.<\/p>\n<p>Los portales \u00e1rabes-israel\u00edes criticaron duramente el manejo tanto de Israel y de la AP sobre el asunto y destacaron que Al-Mughrabi fue un s\u00edmbolo heroico palestino.<\/p>\n<p><img loading=\"lazy\" decoding=\"async\" class=\"alignnone size-full wp-image-14690\" src=\"http:\/\/www2.memri.org\/espanol\/wp-content\/uploads\/2016\/01\/sp_2862_2.jpg\" width=\"720\" height=\"480\" srcset=\"https:\/\/www2.memri.org\/espanol\/wp-content\/uploads\/2016\/01\/sp_2862_2.jpg 720w, https:\/\/www2.memri.org\/espanol\/wp-content\/uploads\/2016\/01\/sp_2862_2-300x200.jpg 300w, https:\/\/www2.memri.org\/espanol\/wp-content\/uploads\/2016\/01\/sp_2862_2-600x400.jpg 600w, https:\/\/www2.memri.org\/espanol\/wp-content\/uploads\/2016\/01\/sp_2862_2-696x464.jpg 696w, https:\/\/www2.memri.org\/espanol\/wp-content\/uploads\/2016\/01\/sp_2862_2-630x420.jpg 630w\" sizes=\"auto, (max-width: 720px) 100vw, 720px\" \/><\/p>\n<p><strong>Hermana de Al-Mughrabi&#8217;s llama a asistir a la ceremonia en la televisi\u00f3n palestina<\/strong><\/p>\n<p>El d\u00eda de la ceremonia, la televisi\u00f3n palestina difundi\u00f3 un programa conmemorando a Dalal Al-Mughrabi teniendo como anfitriona a su hermana Rashida (Para ver este segmento de video en MEMRI TV, visite <a href=\"http:\/\/www.memritv.org\/clip\/en\/2417.htm\">http:\/\/www.memritv.org\/clip\/en\/2417.htm<\/a> ). Rashida, dijo: \u00abEste es un d\u00eda de orgullo y gloria para nuestro pueblo palestino y un d\u00eda doloroso para los sionistas, quienes lo consideran un d\u00eda sangriento&hellip;<\/p>\n<p>\u00abDalal es un motivo de orgullo para las mujeres palestinas. Tenemos el derecho de conmemorarla. Los israel\u00edes exigen que nos abstengamos de conmemorar a Dalal. Existen muchos estudiantes de secundaria y miembros del movimiento juvenil de Fatah que insistir\u00e1n en conmemorar a Dalal hoy. Ellos se reunir\u00e1n hoy a la 1 PM en la plaza que llevar\u00e1 el nombre de Dalal. Dios que lega nos veremos all\u00ed, a fin de demostrar nosotras las mujeres palestinas nuestro orgullo en nuestra lucha y en Dalal Maghrabi\u00bb.<\/p>\n<p><strong>Legado de Al-Mughrabi: \u00abVoy a seguir por este camino, sin importar cuanto esfuerzo, sacrificio y sangre me cueste\u00bb<\/strong><\/p>\n<p>El programa tambi\u00e9n transmiti\u00f3 lo que fue presentado como el legado de Dalal Al-Mughrabi, recitado sobre un fondo destacando una foto de Al-Mughrabi como una mujer joven, una carta escrita a mano y fotos de Al- Mughrabi de camuflaje y portando un arma: \u00abMe he propuesto un compromiso de iniciar la revoluci\u00f3n, y lograr las metas de mi pueblo. Me he puesto en el camino mediante la promesa a Al\u00e1, a la patria y a los m\u00e1rtires de que ser\u00e9 tan firme como lo pueda ser en este camino, el cual est\u00e1 repleto de espinas, obst\u00e1culos y muerte. Continuare por este camino, no importa cu\u00e1nto esfuerzo, sacrificio y sangre me cueste.<\/p>\n<p>\u00abNo dudar\u00e9 o me retractare &#8211; ya que Dios es mi testigo. Mi legado para todos ustedes, mis hermanos en armas, es la congelaci\u00f3n de todos los enfrentamientos secundarios y escalar nuestra principal confrontaci\u00f3n con el enemigo sionista. Apunten sus armas &#8211; todas sus armas &#8211; al enemigo sionista. La independencia de la decisi\u00f3n palestina es custodiada por las armas de los revolucionarios.<\/p>\n<p>\u00abTengan el valor de continuar la lucha, todos mis hermanos, dondequiera que se encuentren. Contin\u00faen por el camino que seguimos. Mis camaradas, cuando un combatiente realiza un sacrificio, no le importa si atestigua el momento de la victoria por s\u00ed mismo. Yo dar\u00e9 testimonio a trav\u00e9s de los ojos de mis compa\u00f1eros. Contin\u00faen protegiendo este legado, liberen nuestra patria ocupada en su totalidad y no comprometan ni una sola pulgada de tierra \u00e1rabe. No reconozcan al enemigo sionista, hasta que toda nuestro suelo nacional sea liberado&hellip;\u00bb<\/p>\n<p><strong>Columnista de <em>Al-Ayyam<\/em>: Dalal es una combatiente muy valerosa<\/strong><\/p>\n<p>El diario de la AP <em>Al-Ayyam<\/em> public\u00f3 un art\u00edculo de Muhannad Abd Al-Hamid, quien escribi\u00f3: \u00abDurante los preparativos para la dedicaci\u00f3n de la plaza Dalal Al-Mughrabi, en un vecindario de Al-Bireh, las autoridades ocupantes israel\u00edes amenazaron con destruir el [previsto monumento] y castigar a los responsables en caso de continuar con la [conmemoraci\u00f3n] del proyecto&#8230; La Autoridad Palestina acept\u00f3 en silencio la amenaza y cancel\u00f3 la ceremonia.<\/p>\n<p>\u00abLa elecci\u00f3n de Dalal Al-Mughrabi como un s\u00edmbolo y [el plan] de honrarla es un paso hist\u00f3rico valiente con [implicaciones] significativas para los palestinos.<\/p>\n<p>\u00abDalal Al-Mughrabi es una joven combatiente por la libertad, que parti\u00f3 de la premisa de que la libertad es creada por los libres. La joven muchacha libre Dalal se uni\u00f3 a la revoluci\u00f3n con un estatus igual al de sus hermanos y camaradas de lucha. Por otra parte, fue sobresaliente en su liderazgo valiente y responsable del grupo <em>fedayii<\/em>. Como combatiente, fue alguien con talla para los soldados israel\u00edes. Dalal es el s\u00edmbolo de nuestra liberaci\u00f3n nacional y social y un s\u00edmbolo de la igualdad entre los sexos&hellip;<\/p>\n<p>\u00abElla y su grupo no fueron responsables por la muerte de civiles israel\u00edes. Es la arrogancia israel\u00ed &#8211; que trata de imponer su superioridad y que rechaza cualquier compromiso &#8211; el responsable de la muerte de civiles y por el martirio de todos los miembros del grupo <em>fedayii<\/em> liderado por Dalal Al-Mughrabi. Un acuerdo pudo haberse alcanzado que hubiese evitado el derramamiento de sangre y detener al grupo despu\u00e9s de que se qued\u00f3 sin municiones. Sin embargo, Israel rechaz\u00f3 cualquier soluci\u00f3n sino s\u00f3lo la soluci\u00f3n que desat\u00f3 la arrogancia del poder.<\/p>\n<p>\u00abIsrael no reconoce ninguna forma de resistencia a la que el pueblo palestino se dirige. No reconoce a la valiente combatiente Dalal Al-Mughrabi, o [incluso] a Thaer, el combatiente de la resistencia que se neg\u00f3 a disparar contra la mujer colono y sus hijos en Wadi Al-Haramiya <a href=\"#_edn4\" name=\"_ednref4\">[4]<\/a>, en lugar de dispararle solo a los soldados. [Israel] no reconoce a los ni\u00f1os que lanzar globos con la bandera palestina [impresa en ellos] desde las murallas de Jerusal\u00e9n, y no tolerar\u00e1 una marcha de j\u00f3venes en las calles que conmemore a Jerusal\u00e9n como la capital de la cultura \u00e1rabe.<\/p>\n<p>\u00abEl \u00fanico s\u00edmbolo [reconocido] por el estado de ocupaci\u00f3n &#8211; el cual se opone a todos los otros s\u00edmbolos &#8211; es un palestino muerto, un palestino corrupto o un palestino que se ha rendido&#8230; En \u00faltima instancia, la adopci\u00f3n de s\u00edmbolos y su conmemoraci\u00f3n no requiere del permiso de los ocupantes\u00bb. <a href=\"#_edn5\" name=\"_ednref5\">[5]<\/a><\/p>\n<p><strong>Otro columnista de <em>Al-Ayyam<\/em>: Si Dalal volviera a la vida, nos advertir\u00eda el no olvidar<\/strong><\/p>\n<p>Tambi\u00e9n en el diario, Rajaa Rantisi escribi\u00f3 en un columna titulada \u00abD\u00f3nde est\u00e1 la Dalal Al-Mughrabi que yace dentro de nosotros?\u00bb: \u00abSi Dalal Al-Mughrabi regresara a la vida ahora, estar\u00eda sorprendida por el fuego fr\u00edo en nuestros corazones y la profundidad total de nuestra tragedia. Si volviese a la vida, estar\u00eda sorprendida de que su rostro ha desaparecido de los espejos y los perfumes de las j\u00f3venes.<\/p>\n<p>\u00abSi volviera a la vida, desde luego que no estar\u00eda satisfecha de [encontrar] que la hemos despedido tan pronto, incluso antes de que se reunieran los macizos de tierra de entre sus dedos. Si ella regresara a la vida, nos gritar\u00eda en nuestras caras &#8211; especialmente en los rostros, los rostros de las mujeres palestinas &#8211; \u00bfQu\u00e9 les pasa?! La mayor\u00eda de ustedes se han convertido en maniqu\u00edes sin vida. \u00bfD\u00f3nde est\u00e1n? Me he convertido en una maldici\u00f3n en poner en peligro la pureza falsa a la que se aferran!<\/p>\n<p>\u00abSi Dalal volviese a la vida, nos dir\u00eda que su verdugo [es decir Israel] todav\u00eda la busca con temor, a pesar de sus esfuerzos por borrarla de nuestros libros y de nuestra memoria, esta pone en duda la eficacia de estos esfuerzos. Nos dir\u00eda que si nos sometemos a las exigencias de su verdugo y llegamos a un acuerdo con su muerte, nunca m\u00e1s podremos levantar la mano contra cualquiera que nos quiera tragar y nunca volveremos a tener, como otros pueblos, a una hermosa [hero\u00edna] nacional a quien cantarle\u00bb. <a href=\"#_edn6\" name=\"_ednref6\">[6]<\/a><\/p>\n<p><strong>Columnista de diario de<\/strong> <strong>la Autoridad Palestina<\/strong><strong>: \u00bfPuede ser posible que el pueblo palestino y sus dirigentes renuncien a sus h\u00e9roes combatientes?<\/strong><\/p>\n<p>En el diario de la Autoridad Palestina <em>Al-Hayat Al-Jadida<\/em>, el columnista &#8216;Adel Abd Al-Rahman escribi\u00f3: \u00abPosee Israel, el que comete injusticias y saquea las tierras \u00e1rabes y palestinas, el derecho de nombrar calles y plazas en los territorios palestinos en honor a sus l\u00edderes criminales y asesinos &#8211; considerando que el pueblo palestino no puede nombrar ninguna parte de lo que queda de los territorios palestinos en honor a su propios m\u00e1rtires, dirigentes, h\u00e9roes, intelectuales y artistas&#8230; \u00bfPuede el pueblo palestino y sus dirigentes leg\u00edtimos renunciar a los l\u00edderes de nuestra revoluci\u00f3n contempor\u00e1nea y a sus h\u00e9roes combatientes, quienes sacrificaron lo m\u00e1s preciado de todo a fin de alcanzar los objetivos nacionales?\u00bb <a href=\"#_edn7\" name=\"_ednref7\">[7]<\/a><\/p>\n<p><strong>Art\u00edculo en portal \u00e1rabe israel\u00ed: Dalal es el s\u00edmbolo de nuestro poder\u00edo<\/strong><\/p>\n<p>En otro art\u00edculo, publicado en www.arabs48.com el portal \u00e1rabe israel\u00ed y publicado en el diario palestino <em>Al-Quds<\/em>, el activista del FPLP Rasam &#8216;Abidat escribi\u00f3: \u00ab&#8230; Si a todo nuestro pueblo [palestino] se les preguntara sobre su posici\u00f3n respecto de la l\u00edder y m\u00e1rtir Dalal Al-Mughrabi, y respecto a la flagrante injerencia de Israel [con la ceremonia de dedicaci\u00f3n] y sus amenazas de destruir cualquier monumento en su honor en Ramallah, dir\u00edan por unanimidad de que no existe nadie como [Dalal], de que es el s\u00edmbolo de nuestra fuerza, nuestra resistencia y nuestra revoluci\u00f3n y que es la expresi\u00f3n del rechazo de nuestro pueblo a la ocupaci\u00f3n. Ella nunca hubiese sacado su arma y se hubiese especializado en la lucha si no hubiese sido expulsada &#8211; [al igual] que millones de [otros] refugiados palestinos &#8211; de su tierra natal, a la que se le prohibi\u00f3 regresar.<\/p>\n<p>\u00abEstoy plenamente convencido de que nuestro pueblo palestino, de todas las filiaciones pol\u00edticas &#8211; incluso aquellos que pertenecen a la Autoridad [Palestina] &#8211; dir\u00edan: Pueda esta autoridad irse al infierno si [se atreve] a renunciar a nuestros m\u00e1rtires y presos, o renunciar a nuestros valores y a nuestro honor.<\/p>\n<p>\u00abEstos combatientes son los forjadores de nuestra historia y de nuestra revoluci\u00f3n, son el s\u00edmbolo de nuestra lucha &#8211; y nosotros seguimos en sus pasos\u00bb. <a href=\"#_edn8\" name=\"_ednref8\">[8]<\/a><\/p>\n<p><strong>Editor del diario del Movimiento Isl\u00e1mico en Israel: La autoridad de \u00abDayton\u00bb se ha rendido<\/strong><\/p>\n<p>Hamed Aghbaria, editor del diario de la filial norte del movimiento isl\u00e1mico, <em>Sawt Al-Haqq Wal-Huriyya<\/em>, escribi\u00f3 en el portal \u00e1rabe israel\u00ed www.pls48.net: \u00ab&#8230; Un ni\u00f1o mimado no piensa demasiado acerca de c\u00f3mo utilizar medios sat\u00e1nicos para que quienes le rodean satisfagan sus caprichos. Todo lo que tiene que hacer es exigir lo que quiere, demostrando que est\u00e1 molesto estallando en l\u00e1grimas, lloriqueando y golpeando con sus pu\u00f1os, diciendo que le est\u00e1n quitando las cosas, que nadie lo ama y que le est\u00e1n haciendo enojar y molestar. [En ese momento], cualquiera que lo mime se apresurar\u00e1 a callarlo, cumpliendo con todos sus caprichos dementes. Esta es la situaci\u00f3n de Netanyahu, le est\u00e1 ordenando a la Autoridad de Dayton en Ramallah [un t\u00e9rmino despectivo para la Autoridad Palestina] a cancelar la ceremonia de dedicaci\u00f3n a la plaza Al-Mughrabi.<\/p>\n<p>\u00abNo nos sorprende &#8211; que no pesta\u00f1eemos en el r\u00e1pido cumplimiento de la Autoridad de Dayton con esta demanda. Desde Oslo &#8211; y tal vez incluso antes &#8211; no ha habido raz\u00f3n para sorprenderse&#8230; [Pero] los nombres [tales como Al-Magreb\u00edes] son eternos, porque el pueblo palestino y su causa son eternas, independientemente de si hay plazas [nombradas en honor a ellos] o no\u00bb. <a href=\"#_edn9\" name=\"_ednref9\">[9]<\/a><\/p>\n<\/p>\n<hr class=\"c1\" size=\"1\" width=\"33%\" \/>\n<p><a href=\"#_ednref1\" name=\"_edn1\">[1]<\/a> <em>Al-Hayat Al-Jadida<\/em> (AP), 12 de marzo; 2010.<\/p>\n<p><a href=\"#_ednref2\" name=\"_edn2\">[2]<\/a> <em>Al-Hayat Al-Jadida<\/em> (AP), 12 de marzo; 2010.<\/p>\n<p><a href=\"#_ednref3\" name=\"_edn3\">[3]<\/a> <em>Al-Hayat Al-Jadida<\/em> (AP) y <em>Al-Safir<\/em> (L\u00edbano), 11 de marzo; 2010.<\/p>\n<p><a href=\"#_ednref4\" name=\"_edn4\">[4]<\/a> La referencia es a Thaer Hammad, quien llev\u00f3 a cabo un ataque contra un puesto de control militar israel\u00ed en Wadi Al-Haramiya el 3 de febrero del 2002, en el que murieron 10 soldados israel\u00edes.<\/p>\n<p><a href=\"#_ednref5\" name=\"_edn5\">[5]<\/a> <em>Al-Ayyam<\/em> (AP), 16 de marzo, 2010.<\/p>\n<p><a href=\"#_ednref6\" name=\"_edn6\">[6]<\/a> <em>Al-Ayyam<\/em> (AP), 6 de marzo, 2010.<\/p>\n<p><a href=\"#_ednref7\" name=\"_edn7\">[7]<\/a> <em>Al-Hayat Al-Jadida<\/em> (AP), 14 de enero, 2010.<\/p>\n<p><a href=\"#_ednref8\" name=\"_edn8\">[8]<\/a> <a href=\"http:\/\/www.arab48.com\/\">www.arab48.com<\/a>, 14 de marzo, 2010; <em>Al-Quds<\/em> (Jerusal\u00e9n), 16 de marzo, 2010.<\/p>\n<p><a href=\"#_ednref9\" name=\"_edn9\">[9]<\/a> <a href=\"http:\/\/www.pls48.net\/\">www.pls48.net<\/a>, 12 de marzo, 2010.<\/p>\n<\/div>\n","protected":false},"excerpt":{"rendered":"<p>Ceremonia popular conmemorativa en memoria a Dalal Al-Mughrabi, al que asistieron miembros de Fatah El 11 de marzo del 2010, una ceremonia conmemorando a Dalal Al-Mughrabi, segunda al mando en el ataque terrorista del 11 de marzo, 1978 contra un autob\u00fas en la carretera costera de Israel, fue celebrada en una plaza cercana a la [&hellip;]<\/p>\n","protected":false},"author":1,"featured_media":14687,"comment_status":"open","ping_status":"open","sticky":false,"template":"","format":"standard","meta":{"footnotes":""},"categories":[10,6,23],"tags":[],"class_list":["post-3533","post","type-post","status-publish","format-standard","has-post-thumbnail","hentry","category-estudios-sobre-terrorismo-y-yihad","category-comunicados-especiales","category-autoridad-palestina"],"_links":{"self":[{"href":"https:\/\/www2.memri.org\/espanol\/wp-json\/wp\/v2\/posts\/3533","targetHints":{"allow":["GET"]}}],"collection":[{"href":"https:\/\/www2.memri.org\/espanol\/wp-json\/wp\/v2\/posts"}],"about":[{"href":"https:\/\/www2.memri.org\/espanol\/wp-json\/wp\/v2\/types\/post"}],"author":[{"embeddable":true,"href":"https:\/\/www2.memri.org\/espanol\/wp-json\/wp\/v2\/users\/1"}],"replies":[{"embeddable":true,"href":"https:\/\/www2.memri.org\/espanol\/wp-json\/wp\/v2\/comments?post=3533"}],"version-history":[{"count":0,"href":"https:\/\/www2.memri.org\/espanol\/wp-json\/wp\/v2\/posts\/3533\/revisions"}],"wp:featuredmedia":[{"embeddable":true,"href":"https:\/\/www2.memri.org\/espanol\/wp-json\/wp\/v2\/media\/14687"}],"wp:attachment":[{"href":"https:\/\/www2.memri.org\/espanol\/wp-json\/wp\/v2\/media?parent=3533"}],"wp:term":[{"taxonomy":"category","embeddable":true,"href":"https:\/\/www2.memri.org\/espanol\/wp-json\/wp\/v2\/categories?post=3533"},{"taxonomy":"post_tag","embeddable":true,"href":"https:\/\/www2.memri.org\/espanol\/wp-json\/wp\/v2\/tags?post=3533"}],"curies":[{"name":"wp","href":"https:\/\/api.w.org\/{rel}","templated":true}]}}