{"id":3482,"date":"2010-02-16T00:00:00","date_gmt":"2010-02-16T00:00:00","guid":{"rendered":"http:\/\/www2.memri.org\/espanol\/2010\/02\/16\/escritor-saudita-el-mito-de-que-los-judios-controlan-el-mundo-es-solo-algo-para-cubrir-el-fracaso-de-los-arabes\/"},"modified":"2010-02-16T00:00:00","modified_gmt":"2010-02-16T00:00:00","slug":"escritor-saudita-el-mito-de-que-los-judios-controlan-el-mundo-es-solo-algo-para-cubrir-el-fracaso-de-los-arabes","status":"publish","type":"post","link":"https:\/\/www2.memri.org\/espanol\/escritor-saudita-el-mito-de-que-los-judios-controlan-el-mundo-es-solo-algo-para-cubrir-el-fracaso-de-los-arabes\/3482","title":{"rendered":"Escritor saudita: El mito de que los jud\u00edos controlan el mundo es s\u00f3lo algo para cubrir el fracaso de los \u00e1rabes"},"content":{"rendered":"<div class=\"bodytext c2\">\n<p><em>En un articulo el 27 de enero, 2010 en el portal liberal Elaph, el escritor y periodista saudita Hani Al-Naqshbandi escribi\u00f3 que la idea de que Los Protocolos de los Sabios de Si\u00f3n son aut\u00e9nticos es un insulto a la inteligencia humana, y que debe hacerse una distinci\u00f3n entre el estado de Israel &#8211; el cual merece perecer &#8211; y el pueblo jud\u00edo, que son una naci\u00f3n como cualquier otra. Dijo que los jud\u00edos fueron oprimidos a lo largo de la historia, ya que siempre fueron minor\u00eda, y que el mito de su control sobre la econom\u00eda mundial y los medios de comunicaci\u00f3n es un invento utilizado por los \u00e1rabes para cubrir sus propios fracasos.<\/em><\/p>\n<p><em>Los siguientes son extractos del art\u00edculo: <a href=\"#_edn1\" name=\"_ednref1\">[1]<\/a><\/em><\/p>\n<p><strong>\u00abCreer [en los <em>Protocolos<\/em>] es auto-degradante; es un insulto a la propia inteligencia\u00bb<\/strong><\/p>\n<p>\u00abHace unos d\u00edas hojeaba el primer libro que escrib\u00ed, titulado <em>Los Jud\u00edos Bajo el Microscopio<\/em>, que escrib\u00ed en mi \u00faltimo a\u00f1o en la universidad. En este, discut\u00ed sobre la destrucci\u00f3n que los jud\u00edos trajeron al mundo, basado en [el documento] llamado <em>Los Protocolos de los Sabios de Si\u00f3n<\/em>, que apareci\u00f3 por primera vez a principios del siglo pasado en Rusia. Mirando a trav\u00e9s de [mi] libro hoy d\u00eda, me doy cuenta de lo equivocado que estaba, en por lo menos la mitad de las cosas que [escrib\u00ed]. [Hoy] me he convencido de que los <em>Protocolos<\/em> no son m\u00e1s que una obra de ficci\u00f3n, y que el mito de los jud\u00edos en traer la destrucci\u00f3n sobre el mundo requiere de un meticuloso [re-examen].<\/p>\n<p>\u00abEstos <em>protocolos<\/em>, que aparentemente [exponen] los planes jud\u00edos para conquistar al mundo, son puras tonter\u00edas, y [el hecho de que muchos] lo aceptan como aut\u00e9nticos significa&#8230; que las personas son como ovejas pasivas sin voluntad [propia]. [Aquellos que] creen en los <em>Protocolos<\/em> [piensan que] cada desastre que ocurre en el mundo es causado por los jud\u00edos, por lo que no existe otra opci\u00f3n, sino culparlos [incluso] por las erupciones volc\u00e1nicas y los terremotos. Creer esto es auto-degradante, es un insulto a la propia inteligencia. Tambi\u00e9n significa atribuirle a un peque\u00f1o grupo de personas mucho m\u00e1s poder del que [realmente] tienen. He conocido a algunos jud\u00edos y de ninguna manera son distintos de [gente de] otras religiones o grupos \u00e9tnicos. [Lo \u00fanico] que he descubierto es que tienen mucha m\u00e1s auto-disciplina.<\/p>\n<p>\u00abNo estoy hablando de Israel, lo cual es otro tema. Estoy hablando de los jud\u00edos. En el curso de su historia se han enfrentado a muchas tragedias, y cuando investigue la raz\u00f3n de estas tragedias, encontr\u00e9 que la mayor\u00eda de ellas proven\u00eda del hecho que [los jud\u00edos] siempre fueron una minor\u00eda. [Es un hecho bien conocido] que las minor\u00edas de todo el mundo se enfrentan a una mayor opresi\u00f3n [que otros], y por esta raz\u00f3n se vuelven temerosos pero tambi\u00e9n m\u00e1s unidos\u00bb.<\/p>\n<p><strong>\u00abLa discusi\u00f3n sobre el control que los jud\u00edos ejercen sobre la econom\u00eda mundial y los medios de comunicaci\u00f3n no es [nada m\u00e1s que] una falacia intelectual\u00bb?<\/strong><\/p>\n<p>\u00abEl Cor\u00e1n nos dice que el fara\u00f3n oprimi\u00f3 a [los jud\u00edos], pero no nos dice la raz\u00f3n. Lo \u00fanico que sabemos es que Jos\u00e9 trajo a los jud\u00edos a Egipto y que Al\u00e1 envi\u00f3 a Mois\u00e9s a que los liberara. Tambi\u00e9n sabemos que Hitler los oprimi\u00f3 y los inciner\u00f3, al igual que lo hizo con otras minor\u00edas, [incluyendo] a \u00e1rabes y a personas de raza negra, a\u00fan as\u00ed no sabemos [tampoco] el por qu\u00e9 Alemania los oprimi\u00f3. Algunos dicen que fue porque [los jud\u00edos] eran traidores, pero eso no es cierto. No tenemos conocimiento de alguna traici\u00f3n contra el fara\u00f3n por su parte que justific\u00f3 su opresi\u00f3n, ni tampoco tenemos ning\u00fan conocimiento de alguna traici\u00f3n contra Hitler que justific\u00f3 su similar opresi\u00f3n [a los jud\u00edos]. Por otra parte, la mayor\u00eda de los jud\u00edos eran comerciantes y acad\u00e9micos y Einstein es s\u00f3lo un ejemplo de esto.<\/p>\n<p>\u00abNo estoy sugiriendo derramar l\u00e1grimas o mostrar [especial] simpat\u00eda [por los jud\u00edos], pero no puedo encontrar ninguna raz\u00f3n para maldecirlos, tal como se hace hoy d\u00eda en nuestras mezquitas y escuelas. Despu\u00e9s de todo, pertenecen al Pueblo del Libro. En cuanto a Israel, es conveniente orar por su desaparici\u00f3n y le pedimos a Al\u00e1 se vengue de aquellos que han convertido a nuestras mujeres en viudas y a nuestros ni\u00f1os en hu\u00e9rfanos. Pero si estamos hablando de personas [cuyo \u00fanico pecado es que] pertenecen a una religi\u00f3n diferente a la nuestra, entonces las invectivas contra ellos s\u00f3lo despiertan una hostilidad injustificada.<\/p>\n<p>\u00abVolviendo a la cuesti\u00f3n de los <em>Protocolos<\/em>, perm\u00edtanme decir que debemos ser m\u00e1s racionales en discutir a otras naciones o pueblos&#8230; Si algunas personas dicen que los <em>Protocolos<\/em> son verdaderos, porque todo lo que en ellos se dice ha llegado a suceder, entonces yo digo que nada de lo que se dice en estos ha llegado a suceder. La platica de que los jud\u00edos controlan la econom\u00eda mundial y los medios de comunicaci\u00f3n no es [nada m\u00e1s que] una falacia intelectual, porque la econom\u00eda est\u00e1 impulsada por las fuerzas de la oferta y la demanda y los medios de comunicaci\u00f3n por los intereses pol\u00edticos. La influencia jud\u00eda no es m\u00e1s que un invento \u00e1rabe, que usamos para ocultar nuestras propias fallas de nosotros mismos y del mundo\u00bb.<\/p>\n<\/p>\n<hr class=\"c1\" size=\"1\" width=\"33%\" \/>\n<p><a href=\"#_ednref1\" name=\"_edn1\">[1]<\/a> <a href=\"http:\/\/www.elaph.com\">www.elaph.com<\/a>, 27 de enero, 2010.<\/p>\n<\/div>\n","protected":false},"excerpt":{"rendered":"<p>En un articulo el 27 de enero, 2010 en el portal liberal Elaph, el escritor y periodista saudita Hani Al-Naqshbandi escribi\u00f3 que la idea de que Los Protocolos de los Sabios de Si\u00f3n son aut\u00e9nticos es un insulto a la inteligencia humana, y que debe hacerse una distinci\u00f3n entre el estado de Israel &#8211; el [&hellip;]<\/p>\n","protected":false},"author":1,"featured_media":0,"comment_status":"open","ping_status":"open","sticky":false,"template":"","format":"standard","meta":{"footnotes":""},"categories":[6,16],"tags":[],"class_list":["post-3482","post","type-post","status-publish","format-standard","hentry","category-comunicados-especiales","category-proyecto-documental-sobre-antisemitismo"],"_links":{"self":[{"href":"https:\/\/www2.memri.org\/espanol\/wp-json\/wp\/v2\/posts\/3482","targetHints":{"allow":["GET"]}}],"collection":[{"href":"https:\/\/www2.memri.org\/espanol\/wp-json\/wp\/v2\/posts"}],"about":[{"href":"https:\/\/www2.memri.org\/espanol\/wp-json\/wp\/v2\/types\/post"}],"author":[{"embeddable":true,"href":"https:\/\/www2.memri.org\/espanol\/wp-json\/wp\/v2\/users\/1"}],"replies":[{"embeddable":true,"href":"https:\/\/www2.memri.org\/espanol\/wp-json\/wp\/v2\/comments?post=3482"}],"version-history":[{"count":0,"href":"https:\/\/www2.memri.org\/espanol\/wp-json\/wp\/v2\/posts\/3482\/revisions"}],"wp:attachment":[{"href":"https:\/\/www2.memri.org\/espanol\/wp-json\/wp\/v2\/media?parent=3482"}],"wp:term":[{"taxonomy":"category","embeddable":true,"href":"https:\/\/www2.memri.org\/espanol\/wp-json\/wp\/v2\/categories?post=3482"},{"taxonomy":"post_tag","embeddable":true,"href":"https:\/\/www2.memri.org\/espanol\/wp-json\/wp\/v2\/tags?post=3482"}],"curies":[{"name":"wp","href":"https:\/\/api.w.org\/{rel}","templated":true}]}}