{"id":3481,"date":"2010-02-15T00:00:00","date_gmt":"2010-02-15T00:00:00","guid":{"rendered":"http:\/\/www2.memri.org\/espanol\/2010\/02\/15\/mp-iraqui-ayad-jamal-al-din-el-proceso-politico-iraqui-fue-posible-solamente-por-los-estados-unidos-irak-esta-en-mejores-condiciones-con-una-democracia-patrocinada-por-estados-unidos\/"},"modified":"2016-01-14T15:46:06","modified_gmt":"2016-01-14T15:46:06","slug":"mp-iraqui-ayad-jamal-al-din-el-proceso-politico-iraqui-fue-posible-solamente-por-los-estados-unidos-irak-esta-en-mejores-condiciones-con-una-democracia-patrocinada-por-estados-unidos","status":"publish","type":"post","link":"https:\/\/www2.memri.org\/espanol\/mp-iraqui-ayad-jamal-al-din-el-proceso-politico-iraqui-fue-posible-solamente-por-los-estados-unidos-irak-esta-en-mejores-condiciones-con-una-democracia-patrocinada-por-estados-unidos\/3481","title":{"rendered":"MP iraqu\u00ed Ayad Jamal Al-Din: El proceso pol\u00edtico iraqu\u00ed fue posible solamente por los Estados Unidos; Irak est\u00e1 en mejores condiciones con una democracia patrocinada por Estados Unidos"},"content":{"rendered":"<div class=\"bodytext c1\"><!--Document Body --><\/p>\n<div class=\"bodytext c1\">\n<p><em>En una reciente entrevista de televisi\u00f3n, el MP iraqu\u00ed y cl\u00e9rigo liberal chi\u00edta Ayad Jamal Al-Din exalt\u00f3 la democracia en Irak &#8211; a la que llam\u00f3 el \u00abfaro de la democracia\u00bb &#8211; hecha posible \u00fanicamente a trav\u00e9s de los esfuerzos de Estados Unidos. En la entrevista, presentada en el canal de televisi\u00f3n iraqu\u00ed Al-Fayhaa TV el 9 de febrero del 2010, Al-Din dijo que los Estados Unidos hab\u00edan sembrado \u00abla semilla de la democracia&#8230; en una tierra extra\u00f1a a la democracia y que esta \u00abcontinuar\u00eda cultivando esta semilla, hasta que el \u00e1rbol crezca y ofrezca su sombra a la regi\u00f3n en su totalidad\u00bb. Los iraqu\u00edes, dijo, estaban en mejores condiciones con un pa\u00eds democr\u00e1tico\u00bb, patrocinado por la potencia m\u00e1s poderosa del mundo, los Estados Unidos\u00bb.<\/em><\/p>\n<p><em>Jamal Al-Din, cr\u00edtico de larga data a la injerencia iran\u00ed en los asuntos iraqu\u00edes, dijo: \u00abRechazamos la influencia iran\u00ed y el dinero, as\u00ed como tambi\u00e9n el dinero saudita&#8230; El pueblo iraqu\u00ed rechaza ambas cat\u00e1strofes &#8211; la del mandato del jurisprudente y la del wahabismo\u00bb.<\/em><\/p>\n<p><em>Jamal Al-Din es el jefe del partido (liberal) iraqu\u00ed de Al-Ahrar y actualmente es candidato para las elecciones parlamentarias del 2010 en Irak.<\/em><\/p>\n<p><em>Lo siguiente son extractos de la entrevista. Para ver este segmento de video en MEMRI TV, visite:<br \/><a href=\"http:\/\/www.memritv.org\/clip\/en\/2379.htm\">http:\/\/www.memritv.org\/clip\/en\/2379.htm<\/a>.<\/em><\/p>\n<p><em>Para obtener un informe reciente sobre la vida de Ayad Jamal Al-Din y sus opiniones pol\u00edticas, religiosas y sociales, visite: <a href=\"http:\/\/www.memri.org\/report\/en\/0\/0\/0\/0\/0\/0\/3920.htm\"><br \/>http:\/\/www.memri.org\/report\/en\/0\/0\/0\/0\/0\/0\/3920.htm<\/a>.<\/em><\/p>\n<p><em>Para m\u00e1s informaci\u00f3n sobre Al-Din visite: <a href=\"http:\/\/www.memri.org\/subject\/en\/821.htm\">http:\/\/www.memri.org\/subject\/en\/821.htm<\/a>.<\/em><\/p>\n<p><img loading=\"lazy\" decoding=\"async\" class=\"alignnone size-full wp-image-14799\" src=\"http:\/\/www2.memri.org\/espanol\/wp-content\/uploads\/2016\/01\/sp_2807_1.jpg\" width=\"655\" height=\"480\" srcset=\"https:\/\/www2.memri.org\/espanol\/wp-content\/uploads\/2016\/01\/sp_2807_1.jpg 655w, https:\/\/www2.memri.org\/espanol\/wp-content\/uploads\/2016\/01\/sp_2807_1-300x220.jpg 300w, https:\/\/www2.memri.org\/espanol\/wp-content\/uploads\/2016\/01\/sp_2807_1-600x440.jpg 600w, https:\/\/www2.memri.org\/espanol\/wp-content\/uploads\/2016\/01\/sp_2807_1-80x60.jpg 80w, https:\/\/www2.memri.org\/espanol\/wp-content\/uploads\/2016\/01\/sp_2807_1-573x420.jpg 573w\" sizes=\"auto, (max-width: 655px) 100vw, 655px\" \/><\/p>\n<p><strong>El proceso pol\u00edtico en Irak es debido \u00fanicamente a los esfuerzos de los Estados Unidos<\/strong><\/p>\n<p><strong>Ayad Jamal Al-Din<\/strong>: \u00abEl proceso pol\u00edtico en Irak ha sido posible \u00fanicamente por los esfuerzos de los Estados Unidos. Fueron los Estados Unidos que entraron en Bagdad, derrocaron a Saddam y gobernaron a Irak durante un tiempo, a trav\u00e9s del Embajador Bremer, y lo que sigui\u00f3 es sabido por todos.<\/p>\n<p>\u00abLos Estados Unidos no son un grupo de adolescentes o ni\u00f1os, cuya conducta pol\u00edtica es irresponsable, como el comportamiento de Saddam y tal vez algunos de los actuales l\u00edderes \u00e1rabes. Estados Unidos es un pa\u00eds con instituciones, planes y una estrategia. El trabajo que realizan en Irak no es in\u00fatil o juvenil. No es que derrocan a Sadam un d\u00eda, y traen al poder al [l\u00edder iraqu\u00ed del partido Ba&#8217;th] &#8216;Izzat Al-Dori al d\u00eda siguiente. As\u00ed no es como funciona\u00bb.<\/p>\n<p>\u00abCuando los Estados Unidos entraron en Irak, suscit\u00f3 el temor de los pa\u00edses que no forman parte del bando estadounidense &#8211; Ir\u00e1n y Siria, para ser precisos. Estos son dos pa\u00edses independientes que no tienen nada que ver con los Estados Unidos\u00bb.<\/p>\n<p><strong><img loading=\"lazy\" decoding=\"async\" class=\"alignnone size-full wp-image-14806\" src=\"http:\/\/www2.memri.org\/espanol\/wp-content\/uploads\/2016\/01\/sp_2807_2.jpg\" width=\"655\" height=\"480\" srcset=\"https:\/\/www2.memri.org\/espanol\/wp-content\/uploads\/2016\/01\/sp_2807_2.jpg 655w, https:\/\/www2.memri.org\/espanol\/wp-content\/uploads\/2016\/01\/sp_2807_2-300x220.jpg 300w, https:\/\/www2.memri.org\/espanol\/wp-content\/uploads\/2016\/01\/sp_2807_2-600x440.jpg 600w, https:\/\/www2.memri.org\/espanol\/wp-content\/uploads\/2016\/01\/sp_2807_2-80x60.jpg 80w, https:\/\/www2.memri.org\/espanol\/wp-content\/uploads\/2016\/01\/sp_2807_2-573x420.jpg 573w\" sizes=\"auto, (max-width: 655px) 100vw, 655px\" \/><\/strong><\/p>\n<p><strong>Jordania, los Estados del Golfo y Egipto &#8211; aliados estrat\u00e9gicos de los Estados Unidos que los apoya con dinero, Inteligencia y tropas<\/strong><\/p>\n<p>\u00abEn cuanto a Jordania, los pa\u00edses del Golfo y Egipto &#8211; son pa\u00edses estadounidenses <em>por excelencia<\/em>. Este no es ning\u00fan secreto. Estos pa\u00edses no lo niegan, ni pueden negarlo. Estos pa\u00edses son parte del lobby [estadounidense] y son considerados aliados estrat\u00e9gicos de los Estados Unidos. No pueden oponerse a la voluntad de los Estados Unidos, u oponerse a sus esfuerzos y decisiones.<\/p>\n<p>Los aviones y tanques que derrocaron a Saddam &#8211; desde donde fueron lanzados? Desde los estados del Golfo, Jordania y Egipto. Estos pa\u00edses desempe\u00f1aron un papel verdadero en estos esfuerzos &#8211; apoyando a los Estados Unidos con dinero, con inteligencia e incluso con soldados.<\/p>\n<p>\u00abCuando uno de los l\u00edderes del Golfo, escriba sus memorias, ustedes sabr\u00e1n cu\u00e1ntos soldados, desde el Golfo y otros lugares, participaron en el derrocamiento del r\u00e9gimen de Saddam Hussein. [&#8230;]<\/p>\n<p>\u00abNo puedo culpar a Ir\u00e1n o a Siria por sentirse aterrados con la presencia de los Estados Unidos en Irak. Estos pa\u00edses tienen miedo. Ellos dicen: Somos los enemigos de los Estados Unidos, y viceversa. Ahora, los Estados Unidos est\u00e1n en Irak.<\/p>\n<p>\u00abPero en cuanto a los estados d\u00e9biles del Golfo &#8211; est\u00e1n tan felices de que Irak se haya convertido en estadounidense. Es el Irak estadounidense que los defiende y protege su estabilidad. [&#8230;]<\/p>\n<p>\u00abLos pol\u00edticos iraqu\u00edes &#8211; ambos l\u00edderes de partidos y funcionarios estatales &#8211; han expresado dudas acerca de los Estados Unidos y han dicho que los Estados Unidos quieren restaurar al Partido Ba&#8217;th y que los Estados Unidos se ha rendido a los pa\u00edses \u00e1rabes sunitas y desea restaurar al gobierno sunita en Irak. Toda esta platica no tiene nada que ver con pol\u00edtica o con la l\u00f3gica\u00bb.<\/p>\n<p><strong><img loading=\"lazy\" decoding=\"async\" class=\"alignnone size-full wp-image-14811\" src=\"http:\/\/www2.memri.org\/espanol\/wp-content\/uploads\/2016\/01\/sp_2807_3.jpg\" width=\"655\" height=\"480\" srcset=\"https:\/\/www2.memri.org\/espanol\/wp-content\/uploads\/2016\/01\/sp_2807_3.jpg 655w, https:\/\/www2.memri.org\/espanol\/wp-content\/uploads\/2016\/01\/sp_2807_3-300x220.jpg 300w, https:\/\/www2.memri.org\/espanol\/wp-content\/uploads\/2016\/01\/sp_2807_3-600x440.jpg 600w, https:\/\/www2.memri.org\/espanol\/wp-content\/uploads\/2016\/01\/sp_2807_3-80x60.jpg 80w, https:\/\/www2.memri.org\/espanol\/wp-content\/uploads\/2016\/01\/sp_2807_3-573x420.jpg 573w\" sizes=\"auto, (max-width: 655px) 100vw, 655px\" \/><\/strong><\/p>\n<p><strong>Es mejor para los iraqu\u00edes tener una democracia patrocinada por los Estados Unidos<\/strong><\/p>\n<p>\u00abLos Estados Unidos trajeron la semilla de la democracia, y la plantaron en tierra ajena a la democracia. Los Estados Unidos continuar\u00e1n cultivando esta semilla, hasta que el \u00e1rbol crezca y ofrezca su sombra a la regi\u00f3n en su totalidad.<\/p>\n<p>\u00abIrak es el faro de la democracia [en el Medio Oriente]. La democracia norteamericana en Irak atemoriza a Ir\u00e1n, primero y ante todo. Cualquiera que intente decir lo contrario no entiende la realidad pol\u00edtica, o habla en nombre de Ir\u00e1n.<\/p>\n<p>\u00abIr\u00e1n no quiere ver un solo soldado estadounidense en Irak ni siquiera por un momento. Este es un derecho leg\u00edtimo de Ir\u00e1n. No estoy diciendo que no lo es. Pero es mejor para nosotros, los iraqu\u00edes, para nuestro pa\u00eds ser una democracia, patrocinada por la potencia m\u00e1s poderosa en el mundo, los Estados Unidos, y que todos los amigos de los Estados Unidos sean nuestros amigos tambi\u00e9n. [&#8230;]\u00bb<\/p>\n<p><strong>Rechazamos ambos el mandato del jurisprudente y el wahabismo<\/strong><\/p>\n<p>\u00abRechazamos la influencia iran\u00ed y el dinero, as\u00ed como tambi\u00e9n el dinero saudita. Si el dinero de los empresarios sauditas es utilizado para apoyar a algunas personas impulsivas &#8211; lo rechazamos tambi\u00e9n. El pueblo iraqu\u00ed rechaza ambas cat\u00e1strofes &#8211; la del mandato del jurisprudente y la del wahabismo\u00bb.<\/p>\n<\/div>\n<\/div>\n","protected":false},"excerpt":{"rendered":"<p>En una reciente entrevista de televisi\u00f3n, el MP iraqu\u00ed y cl\u00e9rigo liberal chi\u00edta Ayad Jamal Al-Din exalt\u00f3 la democracia en Irak &#8211; a la que llam\u00f3 el \u00abfaro de la democracia\u00bb &#8211; hecha posible \u00fanicamente a trav\u00e9s de los esfuerzos de Estados Unidos. En la entrevista, presentada en el canal de televisi\u00f3n iraqu\u00ed Al-Fayhaa TV [&hellip;]<\/p>\n","protected":false},"author":1,"featured_media":14799,"comment_status":"open","ping_status":"open","sticky":false,"template":"","format":"standard","meta":{"footnotes":""},"categories":[6,12],"tags":[],"class_list":["post-3481","post","type-post","status-publish","format-standard","has-post-thumbnail","hentry","category-comunicados-especiales","category-reforma-en-el-mundo-arabe-y-musulman"],"_links":{"self":[{"href":"https:\/\/www2.memri.org\/espanol\/wp-json\/wp\/v2\/posts\/3481","targetHints":{"allow":["GET"]}}],"collection":[{"href":"https:\/\/www2.memri.org\/espanol\/wp-json\/wp\/v2\/posts"}],"about":[{"href":"https:\/\/www2.memri.org\/espanol\/wp-json\/wp\/v2\/types\/post"}],"author":[{"embeddable":true,"href":"https:\/\/www2.memri.org\/espanol\/wp-json\/wp\/v2\/users\/1"}],"replies":[{"embeddable":true,"href":"https:\/\/www2.memri.org\/espanol\/wp-json\/wp\/v2\/comments?post=3481"}],"version-history":[{"count":0,"href":"https:\/\/www2.memri.org\/espanol\/wp-json\/wp\/v2\/posts\/3481\/revisions"}],"wp:featuredmedia":[{"embeddable":true,"href":"https:\/\/www2.memri.org\/espanol\/wp-json\/wp\/v2\/media\/14799"}],"wp:attachment":[{"href":"https:\/\/www2.memri.org\/espanol\/wp-json\/wp\/v2\/media?parent=3481"}],"wp:term":[{"taxonomy":"category","embeddable":true,"href":"https:\/\/www2.memri.org\/espanol\/wp-json\/wp\/v2\/categories?post=3481"},{"taxonomy":"post_tag","embeddable":true,"href":"https:\/\/www2.memri.org\/espanol\/wp-json\/wp\/v2\/tags?post=3481"}],"curies":[{"name":"wp","href":"https:\/\/api.w.org\/{rel}","templated":true}]}}