{"id":3467,"date":"2010-02-16T00:00:00","date_gmt":"2010-02-16T00:00:00","guid":{"rendered":"http:\/\/www2.memri.org\/espanol\/2010\/02\/16\/articulo-en-diario-del-gobierno-sirio-apoya-la-negacion-del-holocausto\/"},"modified":"2010-02-16T00:00:00","modified_gmt":"2010-02-16T00:00:00","slug":"articulo-en-diario-del-gobierno-sirio-apoya-la-negacion-del-holocausto","status":"publish","type":"post","link":"https:\/\/www2.memri.org\/espanol\/articulo-en-diario-del-gobierno-sirio-apoya-la-negacion-del-holocausto\/3467","title":{"rendered":"Art\u00edculo en diario del gobierno sirio apoya la negaci\u00f3n del Holocausto"},"content":{"rendered":"<div class=\"bodytext c2\">\n<p><em>En un art\u00edculo en el diario del gobierno sirio Al-Thawra, el columnista Dr. Sayyah &#8216;Azzam expresa su apoyo a los negadores del Holocausto y est\u00e1 de acuerdo con las afirmaciones de que es imposible que seis millones de jud\u00edos murieron en el Holocausto, y de que no hubieron c\u00e1maras de gas u hornos crematorios. Este dice que el \u00absionismo\u00bb se aprovecho de algunos eventos durante la era nazi en Alemania con el prop\u00f3sito de establecer un estado jud\u00edo.<\/em><\/p>\n<p><em>A continuaci\u00f3n se presentan extractos del art\u00edculo: <a href=\"#_edn1\" name=\"_ednref1\">[1]<\/a><\/em><\/p>\n<p>\u00abLa Asamblea General de las Naciones Unidas estableci\u00f3 el 27 de enero como el d\u00eda internacional de la conmemoraci\u00f3n del as\u00ed llamado Holocausto&#8230; estimulando a los pa\u00edses del mundo a revivir esta memoria con el fin de evitar que las generaciones futuras cometan de nuevo un exterminio colectivo&#8230;<\/p>\n<p>\u00abNo existe otra alternativa sino se\u00f1alar las muchas reservas [que algunos tienen] respecto al Holocausto, en particular respecto al reconocimiento de este como una cat\u00e1strofe singular y sin precedentes. La verdad es que el exterminio colectivo fue perpetrado [tambi\u00e9n] en contra de los indios, a lo largo y ancho de los Estados Unidos.<\/p>\n<p>\u00abPor otro lado, hay quienes niegan el Holocausto. El primer libro publicado sobre la negaci\u00f3n del Holocausto fue <em>Mandato Absoluto <a href=\"#_edn2\" name=\"_ednref2\">[2]<\/a><\/em> del jurista norteamericano Frances Parker Yockey, quien en 1946 fue asignado a reexaminar los juicios de Nuremberg. En su obra, expres\u00f3 su amargura por lo que llam\u00f3 una falta de equidad en las deliberaciones de la sala &#8211; que condujo a la remoci\u00f3n de su cargo despu\u00e9s de unos meses!<\/p>\n<p>\u00abDespu\u00e9s de que este libro fue [publicado], el conocido historiador Harry Elmer Barnes, de la Universidad de Columbia, coloc\u00f3 sus dudas respecto a la verdad hist\u00f3rica del Holocausto, despu\u00e9s de \u00e9l vinieron James Martin y Willis Carto, tambi\u00e9n norteamericanos&#8230; investigadores y profesores brit\u00e1nicos y canadienses tambi\u00e9n negaron el Holocausto&#8230;<\/p>\n<p>\u00abEstos son los principales argumentos planteados por esta corriente que niega el Holocausto:<\/p>\n<p>\u00ab1) El exterminio de seis millones de jud\u00edos, como afirman los sionistas, es una estad\u00edstica inflada, porque basados en las estad\u00edsticas en Europa antes de la Segunda Guerra Mundial, el n\u00famero total de jud\u00edos era de 6,5 millones. Esto significar\u00eda que casi todos los jud\u00edos fueron exterminados en el Holocausto. Las estad\u00edsticas de los departamentos de inmigraci\u00f3n europeos contradicen esto, indican que 1,5 millones de jud\u00edos emigraron a Suecia, Espa\u00f1a, China, India, Palestina y los Estados Unidos entre 1933 y 1945&#8230; Los historiadores denotan que el n\u00famero total de jud\u00edos en el mundo en 1938 era de 16,5 millones, y que 10 a\u00f1os m\u00e1s tarde era de 18,5 millones. Si asumimos, por el bien del argumento, que seis millones de jud\u00edos murieron realmente en el Holocausto, entonces es inconcebible que los 10 millones restantes se multiplicaran de una manera tan contraria a las leyes de las estad\u00edsticas y de la propagaci\u00f3n humana&#8230;<\/p>\n<p>\u00ab2) No existe ni un solo documento oficial afirmando los detalles de la operaci\u00f3n del Holocausto [para verificar] los reclamos sionistas.<\/p>\n<p>\u00ab3) La extensa [cobertura] medi\u00e1tica de los [muchos] campos de detenci\u00f3n y campos de la muerte no tiene ninguna base de veracidad. Estos campos eran unidades de producci\u00f3n intensiva destinados a apoyar la [maquinaria de guerra alemana]. [Igualmente], no existe ninguna base veraz de [los cuentos acerca de] las as\u00ed llamadas \u00abc\u00e1maras de gas\u00bb &#8211; donde colocaron a los jud\u00edos por miles con el fin de envenenarlos. Por el contrario, estos eran peque\u00f1os cuartos para la fabricaci\u00f3n de pesticidas agr\u00edcolas. Hubo varios hornos crematorios, [pero] estaban destinados a la quema de cad\u00e1veres de personas que murieron de tifus como consecuencia de la falta de servicios m\u00e9dicos.<\/p>\n<p>\u00ab4) Muchas fotos mostradas en el mundo y tambi\u00e9n en los juicios de Nuremberg, tomadas de los propios archivos alemanes, [son fotos en donde los] alemanes trataron de mostrar el alcance de la propagaci\u00f3n de la hambruna y la fiebre tifoidea en Alemania durante la guerra. Muchas fotograf\u00edas fueron presentadas para [demostrar] de que hubo un exterminio en masa de jud\u00edos de hecho, [fotos] de los peores ataques de los aviones aliados, en Dresden, Alemania, febrero 13-15, 1945, durante el cual 9.000 toneladas de bombas fueron arrojadas sobre la ciudad, y 24.866 de los 28.410 edificios de [la ciudad] fueron destruidos &#8211; incluyendo un gran n\u00famero de hospitales, iglesias, escuelas, bancos y hoteles.<\/p>\n<p>\u00abA partir de estos y otros puntos, se desprende que el sionismo mundial utiliza algo de lo que sucedi\u00f3 con los jud\u00edos en Alemania durante la \u00e9poca nazi como una forma de saquear a los pa\u00edses de Europa&#8230; y [extorsionar] emocionalmente al mundo, a fin de establecer un estado para los jud\u00edos en Palestina. Tambi\u00e9n est\u00e1 claro de que existe una gran exageraci\u00f3n il\u00f3gica en muchos aspectos de lo que se ha publicado sobre las v\u00edctimas del as\u00ed llamado &#8216;Holocausto&#8217; y los medios utilizados contra los jud\u00edos&#8230;\u00bb<\/p>\n<\/p>\n<hr class=\"c1\" size=\"1\" width=\"33%\" \/>\n<p><a href=\"#_ednref1\" name=\"_edn1\">[1]<\/a> <em>Al-Thawra<\/em> (Siria), 26 de enero, 2010.<\/p>\n<p><a href=\"#_ednref2\" name=\"_edn2\">[2]<\/a> La referencia es aparentemente a <em>Imperio<\/em>, publicado por primera vez en 1948.<\/p>\n<\/div>\n","protected":false},"excerpt":{"rendered":"<p>En un art\u00edculo en el diario del gobierno sirio Al-Thawra, el columnista Dr. Sayyah &#8216;Azzam expresa su apoyo a los negadores del Holocausto y est\u00e1 de acuerdo con las afirmaciones de que es imposible que seis millones de jud\u00edos murieron en el Holocausto, y de que no hubieron c\u00e1maras de gas u hornos crematorios. Este [&hellip;]<\/p>\n","protected":false},"author":1,"featured_media":0,"comment_status":"open","ping_status":"open","sticky":false,"template":"","format":"standard","meta":{"footnotes":""},"categories":[6,16,26],"tags":[],"class_list":["post-3467","post","type-post","status-publish","format-standard","hentry","category-comunicados-especiales","category-proyecto-documental-sobre-antisemitismo","category-siria"],"_links":{"self":[{"href":"https:\/\/www2.memri.org\/espanol\/wp-json\/wp\/v2\/posts\/3467","targetHints":{"allow":["GET"]}}],"collection":[{"href":"https:\/\/www2.memri.org\/espanol\/wp-json\/wp\/v2\/posts"}],"about":[{"href":"https:\/\/www2.memri.org\/espanol\/wp-json\/wp\/v2\/types\/post"}],"author":[{"embeddable":true,"href":"https:\/\/www2.memri.org\/espanol\/wp-json\/wp\/v2\/users\/1"}],"replies":[{"embeddable":true,"href":"https:\/\/www2.memri.org\/espanol\/wp-json\/wp\/v2\/comments?post=3467"}],"version-history":[{"count":0,"href":"https:\/\/www2.memri.org\/espanol\/wp-json\/wp\/v2\/posts\/3467\/revisions"}],"wp:attachment":[{"href":"https:\/\/www2.memri.org\/espanol\/wp-json\/wp\/v2\/media?parent=3467"}],"wp:term":[{"taxonomy":"category","embeddable":true,"href":"https:\/\/www2.memri.org\/espanol\/wp-json\/wp\/v2\/categories?post=3467"},{"taxonomy":"post_tag","embeddable":true,"href":"https:\/\/www2.memri.org\/espanol\/wp-json\/wp\/v2\/tags?post=3467"}],"curies":[{"name":"wp","href":"https:\/\/api.w.org\/{rel}","templated":true}]}}