{"id":3427,"date":"2010-01-20T00:00:00","date_gmt":"2010-01-20T00:00:00","guid":{"rendered":"http:\/\/www2.memri.org\/espanol\/2010\/01\/20\/clerigo-egipcio-muhammad-hussein-yaaqub-los-judios-son-nuestros-enemigos-y-ala-los-aniquilara-en-nuestras-manos\/"},"modified":"2016-01-14T15:46:35","modified_gmt":"2016-01-14T15:46:35","slug":"clerigo-egipcio-muhammad-hussein-yaaqub-los-judios-son-nuestros-enemigos-y-ala-los-aniquilara-en-nuestras-manos","status":"publish","type":"post","link":"https:\/\/www2.memri.org\/espanol\/clerigo-egipcio-muhammad-hussein-yaaqub-los-judios-son-nuestros-enemigos-y-ala-los-aniquilara-en-nuestras-manos\/3427","title":{"rendered":"Cl\u00e9rigo egipcio Muhammad Hussein Yaaqub: Los jud\u00edos son nuestros enemigos y Al\u00e1 los aniquilar\u00e1 en nuestras manos"},"content":{"rendered":"<div class=\"bodytext c2\">\n<p><em>Lo siguiente son extractos de un serm\u00f3n dado por el cl\u00e9rigo egipcio Muhammad Hussein Yaaqub, el cual fue presentado en Al-Nas TV (Egipto) el 29 de diciembre, 2009.<\/em><\/p>\n<p><em>Para ver este segmento de video en MEMRI TV, visite <a href=\"http:\/\/www.memritv.org\/clip\/en\/0\/0\/0\/0\/0\/0\/2335.htm\">http:\/\/www.memritv.org\/clip\/en\/0\/0\/0\/0\/0\/0\/2335.htm<\/a>.<\/em><\/p>\n<p><img loading=\"lazy\" decoding=\"async\" class=\"alignnone size-full wp-image-14884\" src=\"http:\/\/www2.memri.org\/espanol\/wp-content\/uploads\/2016\/01\/sd_275810_1.jpg\" width=\"655\" height=\"480\" srcset=\"https:\/\/www2.memri.org\/espanol\/wp-content\/uploads\/2016\/01\/sd_275810_1.jpg 655w, https:\/\/www2.memri.org\/espanol\/wp-content\/uploads\/2016\/01\/sd_275810_1-300x220.jpg 300w, https:\/\/www2.memri.org\/espanol\/wp-content\/uploads\/2016\/01\/sd_275810_1-600x440.jpg 600w, https:\/\/www2.memri.org\/espanol\/wp-content\/uploads\/2016\/01\/sd_275810_1-80x60.jpg 80w, https:\/\/www2.memri.org\/espanol\/wp-content\/uploads\/2016\/01\/sd_275810_1-573x420.jpg 573w\" sizes=\"auto, (max-width: 655px) 100vw, 655px\" \/><\/p>\n<p><strong>\u00abLa naci\u00f3n del Islam fue creada para permanecer hasta el final de los tiempos, fuerte y dominante\u00bb<\/strong><\/p>\n<p><strong>Muhammad Hussein Yaaqub<\/strong>: \u00abLa naci\u00f3n del Islam est\u00e1 aqu\u00ed para quedarse. Debemos hacer crecer esta idea en nuestros corazones. Nuestro pa\u00eds no fue creado para cumplir una funci\u00f3n y luego desaparecer, como las naciones que tenemos ante nosotros, que fueron creadas para existir por un tiempo, s\u00f3lo para ser aniquiladas. No, no. La naci\u00f3n del Islam fue creada para permanecer hasta el final de los tiempos, fuerte y dominante.<\/p>\n<p>[&#8230;]<\/p>\n<p>\u00abNuestra naci\u00f3n no morir\u00e1 jam\u00e1s. Esta no va a ser aniquilada. Hemos visto a nuestra naci\u00f3n sometida a peores acontecimientos a los que somos testigos hoy d\u00eda. Nos duele [la] desintegraci\u00f3n, la p\u00e9rdida y la erradicaci\u00f3n de Irak, pero Irak ha sufrido crisis que la han hecho pintar el caudal del r\u00edo Eufrates de rojo con sangre, y una vez su flujo en tinta negra, debido de los libros de la Biblioteca de Bagdad que fueron arrojados a este.<\/p>\n<p>[&#8230;]<\/p>\n<p>\u00abHemos sido testigos de la limpieza racial en Bosnia y en Kosovo. A pesar de ello, la raza musulmana ha sido limpiada de la sucia sangre del polite\u00edsmo y los polite\u00edstas.<\/p>\n<p>[&#8230;]<\/p>\n<p>\u00abLos jud\u00edos son nuestros enemigos. Al\u00e1 los aniquilara en nuestras manos. Esto es algo que sabemos con certeza. Lo sabemos con certeza &#8211; no porque yo lo diga, sino porque Al\u00e1 lo dijo: &#8216;Ustedes encontrar\u00e1n que la gente m\u00e1s fuerte en hostilidad a los creyentes son los jud\u00edos y los polite\u00edstas&#8217;.<\/p>\n<p>[&#8230;]<\/p>\n<p>\u00abPara la naci\u00f3n isl\u00e1mica, la mezquita Al-Aqsa es como una bandera en el campo de batalla. He le\u00eddo las obras de muchos predicadores y estudiosos, que dijeron que si quisieran discernir el estado de la naci\u00f3n en un momento dado, deber\u00edan mirar hacia Al-Aqsa. El estado de Al-Aqsa refleja el estado de la naci\u00f3n. Siempre que la naci\u00f3n est\u00e9 fuerte y su bandera est\u00e9 en lo m\u00e1s alto, Al-Aqsa estuvo en manos de los musulmanes. Pero cuando la naci\u00f3n pas\u00f3 por un per\u00edodo de debilidad y colapso, Al-Aqsa estuvo en manos de los no-musulm\u00e1nes.<\/p>\n<p>[&#8230;]<\/p>\n<p>\u00abHoy, la naci\u00f3n &#8211; los j\u00f3venes, sus ancianos, sus hombres, sus mujeres y sus hijos &#8211; est\u00e1n dispuestos a ser martirizados a las puertas de Al-Aqsa&#8230; La naci\u00f3n en su totalidad\u00bb.<\/p>\n<\/div>\n","protected":false},"excerpt":{"rendered":"<p>Lo siguiente son extractos de un serm\u00f3n dado por el cl\u00e9rigo egipcio Muhammad Hussein Yaaqub, el cual fue presentado en Al-Nas TV (Egipto) el 29 de diciembre, 2009. Para ver este segmento de video en MEMRI TV, visite http:\/\/www.memritv.org\/clip\/en\/0\/0\/0\/0\/0\/0\/2335.htm. \u00abLa naci\u00f3n del Islam fue creada para permanecer hasta el final de los tiempos, fuerte y [&hellip;]<\/p>\n","protected":false},"author":1,"featured_media":14884,"comment_status":"open","ping_status":"open","sticky":false,"template":"","format":"standard","meta":{"footnotes":""},"categories":[6,20,21,13],"tags":[],"class_list":["post-3427","post","type-post","status-publish","format-standard","has-post-thumbnail","hentry","category-comunicados-especiales","category-iran","category-irak","category-conflicto-arabe-israeli"],"_links":{"self":[{"href":"https:\/\/www2.memri.org\/espanol\/wp-json\/wp\/v2\/posts\/3427","targetHints":{"allow":["GET"]}}],"collection":[{"href":"https:\/\/www2.memri.org\/espanol\/wp-json\/wp\/v2\/posts"}],"about":[{"href":"https:\/\/www2.memri.org\/espanol\/wp-json\/wp\/v2\/types\/post"}],"author":[{"embeddable":true,"href":"https:\/\/www2.memri.org\/espanol\/wp-json\/wp\/v2\/users\/1"}],"replies":[{"embeddable":true,"href":"https:\/\/www2.memri.org\/espanol\/wp-json\/wp\/v2\/comments?post=3427"}],"version-history":[{"count":0,"href":"https:\/\/www2.memri.org\/espanol\/wp-json\/wp\/v2\/posts\/3427\/revisions"}],"wp:featuredmedia":[{"embeddable":true,"href":"https:\/\/www2.memri.org\/espanol\/wp-json\/wp\/v2\/media\/14884"}],"wp:attachment":[{"href":"https:\/\/www2.memri.org\/espanol\/wp-json\/wp\/v2\/media?parent=3427"}],"wp:term":[{"taxonomy":"category","embeddable":true,"href":"https:\/\/www2.memri.org\/espanol\/wp-json\/wp\/v2\/categories?post=3427"},{"taxonomy":"post_tag","embeddable":true,"href":"https:\/\/www2.memri.org\/espanol\/wp-json\/wp\/v2\/tags?post=3427"}],"curies":[{"name":"wp","href":"https:\/\/api.w.org\/{rel}","templated":true}]}}