{"id":3426,"date":"2010-01-20T00:00:00","date_gmt":"2010-01-20T00:00:00","guid":{"rendered":"http:\/\/www2.memri.org\/espanol\/2010\/01\/20\/mp-iraqui-sayyed-ayad-jamal-al-din-irak-deberia-utilizar-grupos-de-oposicion-iranies-y-a-mujahideen-e-khalq-contra-iran\/"},"modified":"2016-01-14T15:46:30","modified_gmt":"2016-01-14T15:46:30","slug":"mp-iraqui-sayyed-ayad-jamal-al-din-irak-deberia-utilizar-grupos-de-oposicion-iranies-y-a-mujahideen-e-khalq-contra-iran","status":"publish","type":"post","link":"https:\/\/www2.memri.org\/espanol\/mp-iraqui-sayyed-ayad-jamal-al-din-irak-deberia-utilizar-grupos-de-oposicion-iranies-y-a-mujahideen-e-khalq-contra-iran\/3426","title":{"rendered":"MP iraqu\u00ed Sayyed Ayad Jamal Al-Din: Irak deber\u00eda utilizar grupos de oposici\u00f3n iran\u00edes y a Mujahideen-e Khalq contra Ir\u00e1n"},"content":{"rendered":"<div class=\"bodytext c1\"><!--Document Body --><\/p>\n<div class=\"bodytext c1\">\n<p><em>Lo siguiente son extractos de una entrevista con el MP iraqu\u00ed Sayyed Ayad Jamal Al-Din, que fue presentada en Al-Aan TV (EAU) el 9 de enero del 2010. Seg\u00fan su portal Ayad Jamal Al-Din fue elegido al parlamento iraqu\u00ed en el 2005 en<\/em> <em>la Lista Nacional<\/em> <em>Iraqu\u00ed, pero se desencant\u00f3 con el gobierno iraqu\u00ed y fund\u00f3 el partido Al-Ahrar, el cual encabeza y est\u00e1 participando como candidato para las elecciones del 2010 en Irak.<\/em><\/p>\n<ul>\n<li><em>Para ver este segmento de video en MEMRI TV, visite <a href=\"http:\/\/www.memritv.org\/clip\/en\/2347.htm\">http:\/\/www.memritv.org\/clip\/en\/2347.htm<\/a>.<\/em><\/li>\n<li><em>Para m\u00e1s informaci\u00f3n sobre Ayad Jamal Al-Din, visite <a href=\"http:\/\/www.memri.org\/subject\/en\/821.htm\">http:\/\/www.memri.org\/subject\/en\/821.htm<\/a>.<\/em><\/li>\n<li><em>Para ver la p\u00e1gina de Ayad Jamal Al-Din en MEMRI TV, visite <a href=\"http:\/\/www.memritv.org\/subject\/en\/484.htm\">http:\/\/www.memritv.org\/subject\/en\/484.htm<\/a>.<\/em><\/li>\n<\/ul>\n<p><strong>\u00abEl tema es Irak &#8211; ya sea este un pa\u00eds independiente, o un pa\u00eds bajo ocupaci\u00f3n iran\u00ed\u00bb<\/strong><\/p>\n<p><strong>Ayad Jamal Al-Din<\/strong>: \u00abLos partidos pol\u00edticos que son amigos de Ir\u00e1n deben darse cuenta de que existe un pa\u00eds llamado Irak y otro llamado Ir\u00e1n. Sus relaciones con Ir\u00e1n no deben ser en detrimento de los intereses y la estabilidad de Irak. Desafortunadamente, no observamos una respuesta [iraqu\u00ed] en lo referente a la escala de la toma iran\u00ed [del pozo petrolero Fakka en diciembre, 2009]. Por el contrario, algunos pol\u00edticos iraqu\u00edes se han ofrecido como voluntarios para defender a Ir\u00e1n y su medida, sin justificaci\u00f3n alguna y sin tratar de resolver el asunto diplom\u00e1ticamente. Nadie llam\u00f3 a librar una guerra. No tenemos la capacidad o la voluntad de librar una guerra, pero &#8216;la sospecha siempre ronda en la mente culpable&#8217;.<\/p>\n<p>\u00abCreo que la cuesti\u00f3n va m\u00e1s all\u00e1 de Fakka y los pozos petroleros Majn\u00fan. El tema es Irak &#8211; as\u00ed se trate de un pa\u00eds independiente, o de un pa\u00eds bajo ocupaci\u00f3n iran\u00ed. A mi parecer, esta es la forma m\u00e1s abominable de ocupaci\u00f3n.<\/p>\n<p>\u00abLa ocupaci\u00f3n estadounidense &#8211; si quiere llamarlo as\u00ed &#8211; es evidente: Hay tanques, hay aviones y est\u00e1n las resoluciones del Consejo de Seguridad de la ONU, que nos permiten obligar a los Estados Unidos a proteger a Irak, de conformidad con el derecho internacional. Pero con respecto a Ir\u00e1n &#8211; no existe nada. No hay tanques de Ir\u00e1n en el que podamos apuntar el dedo.<\/p>\n<p>\u00abTenemos que hacer un esfuerzo para demostrar la existencia de esta ocupaci\u00f3n iran\u00ed. Ir\u00e1n no es responsable de nada. Hay gente en Irak que est\u00e1 m\u00e1s dispuesta a defender las pol\u00edticas del r\u00e9gimen iran\u00ed que los propios iran\u00edes. Los iraqu\u00edes [pro-iran\u00edes] son mucho m\u00e1s fan\u00e1ticos que Mir-Hossein Mousavi, Mohammad Khatami o los reformistas en Ir\u00e1n. Pod\u00edan ser tambi\u00e9n primos de Ahmadinejad por todo el odio de los reformistas [iran\u00edes].<\/p>\n<p>\u00abEsto es muy peculiar, porque a mi modo de ver, los reformistas iran\u00edes son patriotas que creen que Ir\u00e1n deber\u00eda ser lo primero, a diferencia del r\u00e9gimen mundial de Ahmadineyad, que protege a los oprimidos en Venezuela m\u00e1s que a los oprimidos en Qom.<\/p>\n<p>\u00abCuando se trata de nuestras relaciones con Ir\u00e1n, lo que necesitamos es un gobierno iraqu\u00ed que no siga el modelo de Saddam Hussein de defender la \u00abpuerta del este\u00bb de la naci\u00f3n \u00e1rabe, sino tambi\u00e9n el no sucumbir a la sumisi\u00f3n espiritual total, religiosa e ideol\u00f3gica a la autoridad del Mandatario Jurisprudente, el im\u00e1n Jamenei. Algunos pol\u00edticos iran\u00edes creen que s\u00f3lo pueden alcanzar el Para\u00edso obedeciendo al Imam Jamenei\u00bb.<\/p>\n<p>[&#8230;]<\/p>\n<p><strong>\u00abLos islamistas no reconocen el estado moderno; no reconocen las fronteras entre Irak e Ir\u00e1n\u00bb<\/strong><\/p>\n<p><strong>Entrevistador<\/strong>: \u00abPor qu\u00e9 el gobierno iraqu\u00ed no ha tomado una postura inequ\u00edvoca hasta ahora? Este s\u00f3lo ha exigido que las fuerzas iran\u00edes se retiren [de los pozos petroleros], o inclusive quitar la bandera iran\u00ed de all\u00ed. No hubo ninguna declaraci\u00f3n directa y p\u00fablica. \u00bfFue est\u00e1 la raz\u00f3n, a su manera de ver? \u00bfSer\u00e1 que le temen a Ir\u00e1n, o se siente el gobierno inc\u00f3modo al respecto, con las elecciones a la vuelta de la esquina?\u00bb<\/p>\n<p><strong>Ayad Jamal Al-Din<\/strong>: \u00abNo, son gente devota. No mienten. Son islamistas. Los islamistas no reconocen el estado moderno. No reconocen las fronteras entre Irak e Ir\u00e1n, y as\u00ed sucesivamente. Su lema es: &#8216;Dios ha destruido las fronteras que ellos han construido&#8217;. Ellos no reconocen las naciones estado. Los Ba&#8217;thistas creen que hay un pa\u00eds &#8211; desde Irak hasta Marruecos. Por eso utilizan t\u00e9rminos como el &#8216;territorio iraqu\u00ed&#8217; o el &#8216;territorio&#8217; de T\u00fanez. Consideran que todo es un pa\u00eds, sin fronteras.<\/p>\n<p>\u00abLo mismo es cierto respecto a los islamistas, tanto sunitas y chi\u00edtas. Ellos tambi\u00e9n creen que deber\u00eda haber un solo pa\u00eds &#8211; desde Indonesia hasta Nigeria. Los islamistas chi\u00edtas creen firmemente en el Mandato del Jurisprudente. El Mandatario Jurisprudente en nuestros tiempos es, obviamente, el Imam Ali Jamenei\u00bb.<\/p>\n<p><strong><img loading=\"lazy\" decoding=\"async\" class=\"alignnone size-full wp-image-14877\" src=\"http:\/\/www2.memri.org\/espanol\/wp-content\/uploads\/2016\/01\/sd_275710_1.jpg\" width=\"655\" height=\"480\" srcset=\"https:\/\/www2.memri.org\/espanol\/wp-content\/uploads\/2016\/01\/sd_275710_1.jpg 655w, https:\/\/www2.memri.org\/espanol\/wp-content\/uploads\/2016\/01\/sd_275710_1-300x220.jpg 300w, https:\/\/www2.memri.org\/espanol\/wp-content\/uploads\/2016\/01\/sd_275710_1-600x440.jpg 600w, https:\/\/www2.memri.org\/espanol\/wp-content\/uploads\/2016\/01\/sd_275710_1-80x60.jpg 80w, https:\/\/www2.memri.org\/espanol\/wp-content\/uploads\/2016\/01\/sd_275710_1-573x420.jpg 573w\" sizes=\"auto, (max-width: 655px) 100vw, 655px\" \/><\/strong><\/p>\n<p><strong>Entrevistador<\/strong>: \u00abEs esta la raz\u00f3n por el cual [el gobierno iraqu\u00ed] se mantuvo en silencio?\u00bb<\/p>\n<p><strong>Ayad Jamal Al-Din<\/strong>: \u00abEsta es indudablemente una de las razones principales. Ellos creen en el Mandato del Jurisprudente. Ellos creen que el Mandatario Jurisprudente tiene el derecho divino de ejercer su autoridad sobre todos los musulmanes, y en especial sobre los chi\u00edtas, dondequiera que puedan estar &#8211; en Sud\u00e1n, en Espa\u00f1a o en cualquier lugar, y m\u00e1s a\u00fan en Irak, el cual es un pa\u00eds vecino. El t\u00edtulo oficial del Imam Al-Jamenei es &#8216;Guardi\u00e1n de los Musulmanes&#8217;. El Guardi\u00e1n de los Musulmanes deber\u00eda ejercer su autoridad.<\/p>\n<p>[&#8230;]<\/p>\n<p>\u00abLo esencial de la cuesti\u00f3n es que estas personas creen en esta idea, creen en esta perspectiva religiosa, y sus compromisos religiosos tienen prioridad sobre sus compromisos pol\u00edticos. Por lo tanto, no pueden oponerse a que el imam Jamenei declare el jihad, por ejemplo. Es su obligaci\u00f3n religiosa el portar armas y responder a la llamada del imam Jamenei, quien deben ser obedecido, de acuerdo con el Islam pol\u00edtico chi\u00edta\u00bb.<\/p>\n<p>[&#8230;]<\/p>\n<p><strong>\u00abIrak tiene varias cartas bajo la manga que puede utilizar en contra de Ir\u00e1n&#8230; la primera &#8216;carta&#8217; que utilizare, si Al\u00e1 lega es, si llego al poder en Irak, es la carta de Mujahideen-e Khalq, y otros grupos de oposici\u00f3n en Ir\u00e1n\u00bb<\/strong><\/p>\n<p>\u00abIr\u00e1n fue el primer pa\u00eds en reconocer el proceso pol\u00edtico en Irak, el primer pa\u00eds en reconocer al Consejo de Gobierno Iraqu\u00ed y los gobiernos que le han sucedido, pero el Cuerpo de la Guardia Revolucionaria y la inteligencia iran\u00ed est\u00e1n trabajando clandestinamente en una forma totalmente diferente.<\/p>\n<p>\u00abEn otras palabras, el tratamiento de Ir\u00e1n hacia Irak tiene dos caras. El tratamiento de Irak a Ir\u00e1n tambi\u00e9n debe ser de dos caras. Nuestro Ministerio de Relaciones Exteriores deber\u00eda hablar de una manera, y nuestras agencias de inteligencia deber\u00edan actuar, Al\u00e1 que lega, de otra manera. Mientras Ir\u00e1n no deje de interferir en los asuntos de Irak, Irak tiene varias cartas en la manga que puede utilizar en contra de Ir\u00e1n. Yo le advierto a los iran\u00edes y a otros que intentan perjudicar a los iraqu\u00edes&#8230;\u00bb<\/p>\n<p><strong>Entrevistador<\/strong>: \u00abUsar\u00e1 esta &#8216;carta&#8217; si gana las elecciones?\u00bb<\/p>\n<p><strong>Ayad Jamal Al-Din<\/strong>: \u00abAbsolutamente, sin ninguna vacilaci\u00f3n ni temor. La primera &#8216;carta&#8217; que voy a utilizar, si Al\u00e1 quiere, si llego al poder en Irak, es la carta de Mujahideen-e Khalq, y otros grupos de oposici\u00f3n en Ir\u00e1n.<\/p>\n<p>[&#8230;]<\/p>\n<p>\u00abExisten 1.000 grupos de oposici\u00f3n en Ir\u00e1n que nadie apoya &#8211; adem\u00e1s del movimiento reformista nacional. Hay \u00e1rabes, kurdos, baluchis y los turcomanos. Conozco a Ir\u00e1n porque viv\u00ed all\u00ed durante 16 a\u00f1os. La conozco tan bien como a Irak &#8211; tal vez incluso mejor. Hay muchas lagunas que cualquier gobernante patriota en Irak puede utilizar. Tan d\u00e9bil como lo es, Irak puede perjudicar a Ir\u00e1n tanto como el doble. Triplicarlo. Dos veces.<\/p>\n<p>\u00abIr\u00e1n deber\u00eda tratarnos con respeto, al igual que cualquier otro pa\u00eds respeta a los otros pa\u00edses, cualquier pueblo respeta a los otros pueblos, y cualquier cultura respeta a otras culturas. Pero si Ir\u00e1n quiere ser el guardi\u00e1n de los iraqu\u00edes, y determinar qui\u00e9n entrar\u00e1 en el parlamento y quien no &#8211; es algo que los iraqu\u00edes no tolerar\u00e1n\u00bb.<\/p>\n<\/div>\n<\/div>\n","protected":false},"excerpt":{"rendered":"<p>Lo siguiente son extractos de una entrevista con el MP iraqu\u00ed Sayyed Ayad Jamal Al-Din, que fue presentada en Al-Aan TV (EAU) el 9 de enero del 2010. Seg\u00fan su portal Ayad Jamal Al-Din fue elegido al parlamento iraqu\u00ed en el 2005 en la Lista Nacional Iraqu\u00ed, pero se desencant\u00f3 con el gobierno iraqu\u00ed y [&hellip;]<\/p>\n","protected":false},"author":1,"featured_media":14877,"comment_status":"open","ping_status":"open","sticky":false,"template":"","format":"standard","meta":{"footnotes":""},"categories":[6,20,21,14],"tags":[],"class_list":["post-3426","post","type-post","status-publish","format-standard","has-post-thumbnail","hentry","category-comunicados-especiales","category-iran","category-irak","category-relaciones-inter-arabes"],"_links":{"self":[{"href":"https:\/\/www2.memri.org\/espanol\/wp-json\/wp\/v2\/posts\/3426","targetHints":{"allow":["GET"]}}],"collection":[{"href":"https:\/\/www2.memri.org\/espanol\/wp-json\/wp\/v2\/posts"}],"about":[{"href":"https:\/\/www2.memri.org\/espanol\/wp-json\/wp\/v2\/types\/post"}],"author":[{"embeddable":true,"href":"https:\/\/www2.memri.org\/espanol\/wp-json\/wp\/v2\/users\/1"}],"replies":[{"embeddable":true,"href":"https:\/\/www2.memri.org\/espanol\/wp-json\/wp\/v2\/comments?post=3426"}],"version-history":[{"count":0,"href":"https:\/\/www2.memri.org\/espanol\/wp-json\/wp\/v2\/posts\/3426\/revisions"}],"wp:featuredmedia":[{"embeddable":true,"href":"https:\/\/www2.memri.org\/espanol\/wp-json\/wp\/v2\/media\/14877"}],"wp:attachment":[{"href":"https:\/\/www2.memri.org\/espanol\/wp-json\/wp\/v2\/media?parent=3426"}],"wp:term":[{"taxonomy":"category","embeddable":true,"href":"https:\/\/www2.memri.org\/espanol\/wp-json\/wp\/v2\/categories?post=3426"},{"taxonomy":"post_tag","embeddable":true,"href":"https:\/\/www2.memri.org\/espanol\/wp-json\/wp\/v2\/tags?post=3426"}],"curies":[{"name":"wp","href":"https:\/\/api.w.org\/{rel}","templated":true}]}}