{"id":3418,"date":"2010-01-14T00:00:00","date_gmt":"2010-01-14T00:00:00","guid":{"rendered":"http:\/\/www2.memri.org\/espanol\/2010\/01\/14\/liberal-sirio-el-blando-enfoque-de-obama-esta-alentando-el-terrorismo\/"},"modified":"2010-01-14T00:00:00","modified_gmt":"2010-01-14T00:00:00","slug":"liberal-sirio-el-blando-enfoque-de-obama-esta-alentando-el-terrorismo","status":"publish","type":"post","link":"https:\/\/www2.memri.org\/espanol\/liberal-sirio-el-blando-enfoque-de-obama-esta-alentando-el-terrorismo\/3418","title":{"rendered":"Liberal sirio: El blando &#8216;enfoque&#8217; de Obama est\u00e1 alentando el terrorismo"},"content":{"rendered":"<div class=\"bodytext c2\">\n<p><em>Seguido al intento fallido del estudiante nigeriano y miembro de Al-Qaeda &#8216;Umar Faruq Abdulmutallab de inmolarse a bordo del vuelo 253 de Northwest Airlines el d\u00eda de Navidad 2009, el liberal sirio Adib Taleb escribi\u00f3 un art\u00edculo en el diario liban\u00e9s Al-Mustaqbal en el que se\u00f1al\u00f3 con un dedo acusador al Presidente de los Estados Unidos Barack Obama, diciendo que su manera blanda de actuar contra el terrorismo implica debilidad, y que esta no es una respuesta apropiada al problema.<\/em><\/p>\n<p><em>Lo siguiente son extractos del art\u00edculo. <a href=\"#_edn1\" name=\"_ednref1\">[1]<\/a><\/em><\/p>\n<p><strong>\u00abLa propuesta de Obama acicala m\u00e1s de lo necesario\u00bb<\/strong><\/p>\n<p>\u00abEl nombre del terrorista nigeriano &#8216;Umar Faruq [Abdulmutallab] es una verg\u00fcenza para la lengua [\u00e1rabe] y la historia [musulmana]. El segundo califa &#8216;Umar bin Al-Khattab fue conocido como &#8216;Umar Al-Farouq&#8230; fue llamado Al-Farouq porque discern\u00eda entre la verdad y la mentira, entre la justicia y el mal. [&#8216;Umar] bin Al-Khattab introdujo a la humanidad la santidad de la libertad y la fe, la justicia y los principios de esta, mientras que el terrorista &#8216;Umar Farouq ofreci\u00f3 la muerte, la maldad y la tiran\u00eda&#8230;<\/p>\n<p>\u00abDurante sus vacaciones en Honolulu, el Presidente de los Estados Unidos Barack Obama [dijo] de [&lsquo;Abdulmutallab]&#8230;: &#8216;Sabemos que iba en camino de Yemen, una tierra que sufre de una gran pobreza y de movimientos rebeldes con sangre en sus manos&#8217;. A\u00f1adi\u00f3: &#8216;Parece ser que all\u00ed se uni\u00f3 a una rama de Al-Qaeda, y que esta organizaci\u00f3n en la Pen\u00ednsula Ar\u00e1biga lo entren\u00f3 y equip\u00f3 con este tipo de explosivo y planeo el ataque a este avi\u00f3n que se dirig\u00eda a los Estados Unidos\u00bb. [Obama] anunci\u00f3 que los Estados Unidos estaba en guerra con \u00abuna red de gran alcance de violencia y odio&#8217;.<\/p>\n<p>\u00abEsta \u00faltima frase del Presidente Obama invita a sugerir la siguiente pregunta: \u00bfPor qu\u00e9 el presidente Norteamericano sinti\u00f3 aversi\u00f3n por el t\u00e9rmino de Bush &#8216;guerra al terrorismo\u00bb y prefiere el t\u00e9rmino &#8216;guerra contra una red de gran alcance de violencia y odio?&#8217; Si los terroristas son felices y est\u00e1n ansiosos por &#8216;inspirar temor sobre sus enemigos y los enemigos de Al\u00e1&#8217;, tal como ellos dicen, y ver esto como una entrada al Para\u00edso, y si asesinaran a dos tercios de esta humanidad inocente por el bien de corregir al tercio [restante], entonces \u00bfcu\u00e1l es el prop\u00f3sito del ret\u00f3rico acicalamiento de Obama? No s\u00e9, pero quisiera saberlo. Estoy cada vez m\u00e1s inclinado a decir que el enfoque de Obama acicala m\u00e1s de lo necesario, apunta una cierta debilidad y alienta al enemigo con m\u00e1s audacia de la apropiada<\/p>\n<p>\u00abEl PM brit\u00e1nico Gordon Brown, dijo: &#8216;Al-Qaeda y sus seguidores trabajan sin descanso para evocar, en miles de j\u00f3venes de todo el mundo, un deseo incontenible de matar y un impulso para destruir. Esto significa que esta nueva d\u00e9cada comienza como termin\u00f3 la anterior &#8211; en una atm\u00f3sfera de miedo sembrado por Al-Qaeda&#8217;. El lenguaje utilizado por el se\u00f1or Brown se acerca m\u00e1s al estilo de Bush que a estilo &#8216;blando&#8217; de Obama.<\/p>\n<p>\u00abLa cl\u00e1sica definici\u00f3n de terrorismo, reconocida en 1996 durante el mandato del Presidente Clinton, establece:\u00bb El t\u00e9rmino terrorismo significa violencia premeditada, pol\u00edticamente motivada perpetrada contra objetivos no combatientes por grupos subnacionales o agentes clandestinos, generalmente con la intenci\u00f3n de influir sobre una audiencia. \u00bfPor qu\u00e9 el dem\u00f3crata Obama se aleja de la definici\u00f3n reconocida por su compa\u00f1ero dem\u00f3crata, Clinton? \u00bfEs posible que el acto terrorista de &#8216;Umar Al-Farouq no se ajusta a la definici\u00f3n mencionada anteriormente?\u00bb<\/p>\n<p><strong>\u00abNo existe otra alternativa sino reconocer el fracaso de los esfuerzos de seguridad no violentos adoptados por los Estados Unidos\u00bb<\/strong><\/p>\n<p>\u00abTal vez los esfuerzos de seguridad, tales como aviones estadounidense que bombardean las bases de Al-Qaeda en Yemen, no son suficientes para lidiar con el terrorismo. Y tal vez no existe m\u00e1s remedio que eliminar la cultura [de terror] cambiando los m\u00e9todos de educaci\u00f3n y hacer secar las fuentes [del terrorismo]&#8230; [Pero] lo que si es cierto es que todas estas cosas no son del inter\u00e9s en lo absoluto de los norteamericanos&#8230;<\/p>\n<p>\u00abNo hay m\u00e1s remedio que reconocer el fracaso de los esfuerzos de seguridad no violentos adoptados por los Estados Unidos, del mismo modo, no hay m\u00e1s remedio que [reconocer que] la blanda [visi\u00f3n] de Obama ha contribuido a este fracaso, [que fue el resultado de] la floja atm\u00f3sfera general que se extiende a su alrededor. De lo contrario, \u00bfpor qu\u00e9 no escucharon la advertencia del rico y prominente padre del nigeriano [terrorista]? \u00bfY por qu\u00e9 las autoridades norteamericanas [simplemente] se negaron a renovar su visa, tal como lo hizo Gran Breta\u00f1a?&#8230;<\/p>\n<p>\u00abEl terrorista &#8216;Umar Al-Farouq no es ni &#8216;Umar ni Farouq. Es un asesino cuyo objetivo es la destrucci\u00f3n masiva de personas inocentes en este ancho mundo. Los predicadores que alaban esto deber\u00edan [en cambio] condenar a este falso &#8216;Umar Al-Farouq, con vehemencia y p\u00fablicamente\u00bb.<\/p>\n<\/p>\n<hr class=\"c1\" size=\"1\" width=\"33%\" \/>\n<p><a href=\"#_ednref1\" name=\"_edn1\">[1]<\/a> <em>Al-Mustaqbal<\/em> (L\u00edbano), 5 de enero, 2010.<\/p>\n<\/div>\n","protected":false},"excerpt":{"rendered":"<p>Seguido al intento fallido del estudiante nigeriano y miembro de Al-Qaeda &#8216;Umar Faruq Abdulmutallab de inmolarse a bordo del vuelo 253 de Northwest Airlines el d\u00eda de Navidad 2009, el liberal sirio Adib Taleb escribi\u00f3 un art\u00edculo en el diario liban\u00e9s Al-Mustaqbal en el que se\u00f1al\u00f3 con un dedo acusador al Presidente de los Estados [&hellip;]<\/p>\n","protected":false},"author":1,"featured_media":0,"comment_status":"open","ping_status":"open","sticky":false,"template":"","format":"standard","meta":{"footnotes":""},"categories":[6,12,26],"tags":[],"class_list":["post-3418","post","type-post","status-publish","format-standard","hentry","category-comunicados-especiales","category-reforma-en-el-mundo-arabe-y-musulman","category-siria"],"_links":{"self":[{"href":"https:\/\/www2.memri.org\/espanol\/wp-json\/wp\/v2\/posts\/3418","targetHints":{"allow":["GET"]}}],"collection":[{"href":"https:\/\/www2.memri.org\/espanol\/wp-json\/wp\/v2\/posts"}],"about":[{"href":"https:\/\/www2.memri.org\/espanol\/wp-json\/wp\/v2\/types\/post"}],"author":[{"embeddable":true,"href":"https:\/\/www2.memri.org\/espanol\/wp-json\/wp\/v2\/users\/1"}],"replies":[{"embeddable":true,"href":"https:\/\/www2.memri.org\/espanol\/wp-json\/wp\/v2\/comments?post=3418"}],"version-history":[{"count":0,"href":"https:\/\/www2.memri.org\/espanol\/wp-json\/wp\/v2\/posts\/3418\/revisions"}],"wp:attachment":[{"href":"https:\/\/www2.memri.org\/espanol\/wp-json\/wp\/v2\/media?parent=3418"}],"wp:term":[{"taxonomy":"category","embeddable":true,"href":"https:\/\/www2.memri.org\/espanol\/wp-json\/wp\/v2\/categories?post=3418"},{"taxonomy":"post_tag","embeddable":true,"href":"https:\/\/www2.memri.org\/espanol\/wp-json\/wp\/v2\/tags?post=3418"}],"curies":[{"name":"wp","href":"https:\/\/api.w.org\/{rel}","templated":true}]}}