{"id":3389,"date":"2009-12-31T00:00:00","date_gmt":"2009-12-31T00:00:00","guid":{"rendered":"http:\/\/www2.memri.org\/espanol\/2009\/12\/31\/ninos-dentro-de-la-causa-jihadi-una-compilacion-de-videos-de-ansar-al-mujahideen\/"},"modified":"2016-01-14T15:47:04","modified_gmt":"2016-01-14T15:47:04","slug":"ninos-dentro-de-la-causa-jihadi-una-compilacion-de-videos-de-ansar-al-mujahideen","status":"publish","type":"post","link":"https:\/\/www2.memri.org\/espanol\/ninos-dentro-de-la-causa-jihadi-una-compilacion-de-videos-de-ansar-al-mujahideen\/3389","title":{"rendered":"Ni\u00f1os dentro de la causa jihadi &#8211; Una compilaci\u00f3n de videos de Ansar Al-Mujahideen"},"content":{"rendered":"<div class=\"bodytext c1\"><!--Document Body --><\/p>\n<div class=\"bodytext c1\">\n<p><em>Lo siguiente son extractos de una recopilaci\u00f3n de videos de ni\u00f1os jihadistas, producido por Ansar Al-Mujahideen. La compilaci\u00f3n, titulada \u00ab<\/em><em>La Pr\u00f3xima Generaci\u00f3n<\/em> <em>de Mujahideen\u00bb, identifica a los grupos jihad a los cuales pertenecen los ni\u00f1os, y los muestra entren\u00e1ndose, dando discursos, cantando y orando. La compilaci\u00f3n fue publicada en Internet en diciembre, 2009.<\/em><\/p>\n<p><em>El siguiente informe se ofrece como una muestra de cortes\u00eda de la p\u00e1gina de MEMRI del Proyecto de Supervisi\u00f3n a<\/em> <em>la Amenaza<\/em> <em>Terrorista<\/em> <em>y Jihad de MEMRI (PSATJ), para suscribirse al PSATJ visite <a href=\"http:\/\/www.subscriptions.memri.org\/content\/en\/member_registr_jttm.htm\">www.subscriptions.memri.org\/content\/en\/member_registr_jttm.htm<\/a> o cont\u00e1ctenos en <a href=\"mailto:jttmsubs@memri.org\">jttmsubs@memri.org<\/a>. Para leer informes futuros usted debe ser miembro a tiempo completo del PSATJ.<\/em><\/p>\n<p><em>Para ver este segmento de video en MEMRI TV, visite <a href=\"http:\/\/www.memritv.org\/clip\/en\/0\/0\/0\/0\/0\/0\/2311.htm\">http:\/\/www.memritv.org\/clip\/en\/0\/0\/0\/0\/0\/0\/2311.htm<\/a>. <strong>Este videoclip est\u00e1 disponible a petici\u00f3n s\u00f3lo para los miembros del PSATJ<\/strong>.<\/em><\/p>\n<p><img loading=\"lazy\" decoding=\"async\" class=\"alignnone size-full wp-image-14921\" src=\"http:\/\/www2.memri.org\/espanol\/wp-content\/uploads\/2016\/01\/sp_2724_1.jpg\" width=\"327\" height=\"240\" srcset=\"https:\/\/www2.memri.org\/espanol\/wp-content\/uploads\/2016\/01\/sp_2724_1.jpg 327w, https:\/\/www2.memri.org\/espanol\/wp-content\/uploads\/2016\/01\/sp_2724_1-300x220.jpg 300w, https:\/\/www2.memri.org\/espanol\/wp-content\/uploads\/2016\/01\/sp_2724_1-80x60.jpg 80w\" sizes=\"auto, (max-width: 327px) 100vw, 327px\" \/><\/p>\n<p><strong>Al-Qaeda en el Magreb Isl\u00e1mico (Argelia)<\/strong><\/p>\n<p><em>Ni\u00f1o sentado en el bosque entona de un libro. En la pantalla<\/em>: \u00abEl Hijo del M\u00e1rtir Mujahid Mu&#8217;adh Abu Mu&#8217;adh<\/p>\n<p>\u00abUn ni\u00f1o nacido y criado en las monta\u00f1as y que nunca ha experimentado la vida citadina\u00bb<\/p>\n<p><em>Corte a: Video de infante jugando con un rifle, cantos en \u00e1rabe al fondo.<\/em><\/p>\n<p><em>Corte a: Escena de ni\u00f1os corriendo con fusiles en una zona boscosa.<\/em><\/p>\n<p><em>Los mismos ni\u00f1os sentados;<\/em><\/p>\n<p><strong>Muchacho<\/strong>: \u00abDel <em>mujahid<\/em>, hijo de un <em>mujahid<\/em>, a todos los musulmanes: les insto a que ayuden a los <em>mujahideen<\/em>, y defiendan lo mejor entre los musulmanes. Recuperaremos nuestra Califato, y venceremos a los cruzados y a sus ayudantes de entre los traidores ap\u00f3statas\u00bb. [&hellip;]<\/p>\n<p><strong><img loading=\"lazy\" decoding=\"async\" class=\"alignnone size-full wp-image-14922\" src=\"http:\/\/www2.memri.org\/espanol\/wp-content\/uploads\/2016\/01\/sp_2724_2.jpg\" width=\"327\" height=\"240\" srcset=\"https:\/\/www2.memri.org\/espanol\/wp-content\/uploads\/2016\/01\/sp_2724_2.jpg 327w, https:\/\/www2.memri.org\/espanol\/wp-content\/uploads\/2016\/01\/sp_2724_2-300x220.jpg 300w, https:\/\/www2.memri.org\/espanol\/wp-content\/uploads\/2016\/01\/sp_2724_2-80x60.jpg 80w\" sizes=\"auto, (max-width: 327px) 100vw, 327px\" \/><\/strong><\/p>\n<p><strong>Uni\u00f3n del Jihad Isl\u00e1mico (Uzbek)<\/strong><\/p>\n<p><em>Escena de ni\u00f1os que reciben entrenamiento militar en un terreno de arena. Se escuchan cantos en \u00e1rabe al fondo. La escena corta al clip de los ni\u00f1os hablando. En la pantalla se lee: \u00abUni\u00f3n del Jihad Isl\u00e1mico\u00bb<\/em><\/p>\n<p><em>La escena corta al clip de los ni\u00f1os siendo ense\u00f1ados a boxear. Cantos \u00e1rabes al fondo.<\/em><\/p>\n<p><em>Corte al clip de los ni\u00f1os donde se les ense\u00f1a la lucha libre. Los cantos \u00e1rabes contin\u00faan.<\/em><\/p>\n<p><em>Corte al segmento de los ni\u00f1os con fusiles. Los muchachos marchan y gritan.<\/em><\/p>\n<p><strong><img loading=\"lazy\" decoding=\"async\" class=\"alignnone size-full wp-image-14925\" src=\"http:\/\/www2.memri.org\/espanol\/wp-content\/uploads\/2016\/01\/sp_2724_3.jpg\" width=\"327\" height=\"240\" srcset=\"https:\/\/www2.memri.org\/espanol\/wp-content\/uploads\/2016\/01\/sp_2724_3.jpg 327w, https:\/\/www2.memri.org\/espanol\/wp-content\/uploads\/2016\/01\/sp_2724_3-300x220.jpg 300w, https:\/\/www2.memri.org\/espanol\/wp-content\/uploads\/2016\/01\/sp_2724_3-80x60.jpg 80w\" sizes=\"auto, (max-width: 327px) 100vw, 327px\" \/><\/strong><\/p>\n<p><strong>Ni\u00f1o 1, en \u00e1rabe<\/strong>: \u00abDigan &#8216;Al\u00e1 Akbar'\u00bb<\/p>\n<p><strong>Grupo<\/strong>: \u00abAl\u00e1 Akbar\u00bb.<\/p>\n<p><strong>Ni\u00f1o 1<\/strong>: \u00abDigan &#8216;Al\u00e1 Akbar\u00bb<\/p>\n<p><strong>Grupo<\/strong>: \u00abAl\u00e1 Akbar\u00bb.<\/p>\n<p><strong>Ni\u00f1o 1<\/strong>: \u00abDigan &#8216;Al\u00e1 Akbar'\u00bb<\/p>\n<p><strong>Grupo<\/strong>: \u00abAl\u00e1 Akbar\u00bb.<\/p>\n<p><strong>Ni\u00f1o 1<\/strong>: \u00abNo hay dios sino Al\u00e1\u00bb.<\/p>\n<p>\u00abMahoma es el profeta de Al\u00e1. Que la paz est\u00e9 con \u00e9l.<\/p>\n<p>\u00abCu\u00e1l es nuestro camino?\u00bb<\/p>\n<p><strong>Grupo<\/strong>: \u00abJihad\u00bb. Jihad\u00bb.<\/p>\n<p><strong>Ni\u00f1o 1<\/strong>: \u00abCu\u00e1l es nuestro camino?\u00bb<\/p>\n<p><strong>Grupo<\/strong>: \u00abCombate. Combate\u00bb.<\/p>\n<p><em>Se reanudan los cantos en \u00e1rabe. Los muchachos practican tiro al blanco con pistolas y rifles y lanzan granadas<\/em>.<\/p>\n<p><strong><img loading=\"lazy\" decoding=\"async\" class=\"alignnone size-full wp-image-14927\" src=\"http:\/\/www2.memri.org\/espanol\/wp-content\/uploads\/2016\/01\/sp_2724_4.jpg\" width=\"327\" height=\"240\" srcset=\"https:\/\/www2.memri.org\/espanol\/wp-content\/uploads\/2016\/01\/sp_2724_4.jpg 327w, https:\/\/www2.memri.org\/espanol\/wp-content\/uploads\/2016\/01\/sp_2724_4-300x220.jpg 300w, https:\/\/www2.memri.org\/espanol\/wp-content\/uploads\/2016\/01\/sp_2724_4-80x60.jpg 80w\" sizes=\"auto, (max-width: 327px) 100vw, 327px\" \/><\/strong><\/p>\n<p><strong>Partido Isl\u00e1mico de Turquest\u00e1n (uigur)<\/strong><\/p>\n<p><em>Cantos en \u00e1rabe al fondo. En la pantalla: \u00abPartido Isl\u00e1mico del Turkest\u00e1n\u00bb.<\/em><\/p>\n<p><em>Muchachos armados con fusiles y pistolas marchan con banderas en terreno monta\u00f1oso.<\/em><\/p>\n<p><em>Muchachos hacen practicas de tiro, gimnasia, lucha libre,<\/em><\/p>\n<p><em>Muchachos cantan y oran.<\/em><\/p>\n<p><em>Muchacho entona rezos contra la pared con fusiles alineados en su contra.<\/em><\/p>\n<p><strong><img loading=\"lazy\" decoding=\"async\" class=\"alignnone size-full wp-image-14929\" src=\"http:\/\/www2.memri.org\/espanol\/wp-content\/uploads\/2016\/01\/sp_2724_5.jpg\" width=\"327\" height=\"240\" srcset=\"https:\/\/www2.memri.org\/espanol\/wp-content\/uploads\/2016\/01\/sp_2724_5.jpg 327w, https:\/\/www2.memri.org\/espanol\/wp-content\/uploads\/2016\/01\/sp_2724_5-300x220.jpg 300w, https:\/\/www2.memri.org\/espanol\/wp-content\/uploads\/2016\/01\/sp_2724_5-80x60.jpg 80w\" sizes=\"auto, (max-width: 327px) 100vw, 327px\" \/><\/strong><\/p>\n<p><strong>Comandante Khattab (Checheno)<\/strong><\/p>\n<p><em>Comandante Khattab sostiene y juega con un infante.<\/em><\/p>\n<p><strong><img loading=\"lazy\" decoding=\"async\" class=\"alignnone size-full wp-image-14932\" src=\"http:\/\/www2.memri.org\/espanol\/wp-content\/uploads\/2016\/01\/sp_2724_6.jpg\" width=\"327\" height=\"240\" srcset=\"https:\/\/www2.memri.org\/espanol\/wp-content\/uploads\/2016\/01\/sp_2724_6.jpg 327w, https:\/\/www2.memri.org\/espanol\/wp-content\/uploads\/2016\/01\/sp_2724_6-300x220.jpg 300w, https:\/\/www2.memri.org\/espanol\/wp-content\/uploads\/2016\/01\/sp_2724_6-80x60.jpg 80w\" sizes=\"auto, (max-width: 327px) 100vw, 327px\" \/><\/strong><\/p>\n<p><strong>Estado Isl\u00e1mico de Irak<\/strong><\/p>\n<p><strong>Muchacho enmascarado<\/strong>: \u00abLuchen por la causa de Al\u00e1, bombardeen por la causa de Al\u00e1. Mu&#8217;adh bin Jabal inform\u00f3 que el Profeta Mahoma dijo: &#8216;Un musulm\u00e1n que lucha por la causa de Al\u00e1 encima de un camello &#8211; el Para\u00edso es de \u00e9l'\u00bb.<\/p>\n<p><em>La escena corta a ni\u00f1os enmascarados con fusiles en un terreno cubierto de hierba.<\/em><\/p>\n<p><em>La escena corta hacia un grupo de muchachos enmascarados<\/em>. <strong><em>Los subt\u00edtulos en ingl\u00e9s aqu\u00ed est\u00e1n en su original.<\/em><\/strong><\/p>\n<p><em>Muchacho<\/em>: \u00abNosotros, en el Curso de Formaci\u00f3n de los Cachorros de Le\u00f3n, juramos nuestra fidelidad a Abu Omar Al-Baghdadi, a quien escuchamos y obedecemos\u00bb.<\/p>\n<p><em>Otro muchacho dispara una pistola. Ni\u00f1os gritan y cantan.<\/em><\/p>\n<p>\u00abTakbeer! Allahu Akbar (Al\u00e1 es el m\u00e1s Grande)!\u00bb<\/p>\n<p><strong>Muchacho con la cara oculta, en ropa occidental (un hombre lo prepara desde fuera del campo)<\/strong>: \u00abOh, Al\u00e1! De hecho te pido que me perdones y me mantengas a salvo del peligro, en mi religi\u00f3n y en los asuntos mundanos, en mi familia y en la riqueza. Oh Al\u00e1! Danos la victoria sobre nuestros enemigos hasta el D\u00eda del Juicio Final [sic]. Oh Al\u00e1! dale la victoria a los mujahideen en Irak y en todos los otros pa\u00edses isl\u00e1micos. Oh T\u00fa que eres el M\u00e1s Misericordioso de aquellos que siembran misericordia. Oh Al\u00e1! Mu\u00e9strales misericordia, oh Al\u00e1, prot\u00e9gelos, oh T\u00fa, que eres el M\u00e1s Misericordioso de aquellos que tienen misericordia, oh Al\u00e1, prot\u00e9gelos, \u00a1Oh Al\u00e1, ot\u00f3rgales la victoria para siempre, Oh Al\u00e1! Oh Al\u00e1!, dale la victoria al Estado Isl\u00e1mico de Irak sobre sus enemigos, oh Al\u00e1! oh Al\u00e1!, Dales la victoria sobre tus enemigos, oh Al\u00e1, hasta el d\u00eda de Recompensa [sic] Oh Al\u00e1!, establece el estado isl\u00e1mico sobre todas las otras banderas, ya sean del (as\u00ed llamado) Partido &#8216;Isl\u00e1mico&#8217; que se rindi\u00f3, el Partido del Kurdist\u00e1n o cualquier otro. Inshallah ellos obtendr\u00e1n la victoria sobre el Partido que se \u00abRindi\u00f3\u00bb y sobre los dem\u00e1s partidos. Les doy los saludos de Al\u00e1 a ustedes y oramos para que Al\u00e1 les de la victoria siempre. Les saludo en nombre de Al\u00e1, y rezo para que Al\u00e1 les de la victoria siempre. Que Al\u00e1 los bendiga&#8230; As-Salamu alaykum\u00bb.<\/p>\n<p><em>La escena corta hacia im\u00e1genes de una multitud de hombres en una cancha de baloncesto. Ni\u00f1os enmascarados entran Trajes occidentales, que parecen ser uniformes de polic\u00eda, son quemados en una efigie, y se agitan banderas del ISI. La multitud aplaude.<\/em><\/p>\n<p><strong>Subtitulo en ingl\u00e9s<\/strong>: \u00abLos Cachorros de Le\u00f3n quemando la ropa de los ap\u00f3statas<\/p>\n<p>\u00abAnunciando su rechazo de los infieles\u00bb<\/p>\n<p><em>Cantos en \u00e1rabe al fondo.<\/em><\/p>\n<p><img loading=\"lazy\" decoding=\"async\" class=\"alignnone size-full wp-image-14947\" src=\"http:\/\/www2.memri.org\/espanol\/wp-content\/uploads\/2016\/01\/sp_2724_7.jpg\" width=\"327\" height=\"240\" srcset=\"https:\/\/www2.memri.org\/espanol\/wp-content\/uploads\/2016\/01\/sp_2724_7.jpg 327w, https:\/\/www2.memri.org\/espanol\/wp-content\/uploads\/2016\/01\/sp_2724_7-300x220.jpg 300w, https:\/\/www2.memri.org\/espanol\/wp-content\/uploads\/2016\/01\/sp_2724_7-80x60.jpg 80w\" sizes=\"auto, (max-width: 327px) 100vw, 327px\" \/><\/p>\n<p><strong>Movimiento Isl\u00e1mico de Uzbekist\u00e1n<\/strong><\/p>\n<p><em>Un grupo de ni\u00f1os est\u00e1n sentados en el interior.<\/em><\/p>\n<p><strong>Muchacho, cantando<\/strong>: \u00abAqu\u00ed est\u00e1 la trinchera del ej\u00e9rcito, los h\u00e9roes del combate. Oh sol de los hombres nobles, no te ocultes sobre nosotros, ya que somos las brigadas\u00bb.<\/p>\n<p><strong>Grupo, cantando<\/strong>: \u00abOh sol de los hombres nobles, no te ocultes sobre nosotros, ya que somos las brigadas\u00bb.<\/p>\n<p><strong>Muchacho<\/strong>: \u00abLa persona que llama al jihad ha llamado: Ve, oh Mujahid. Desenvaina tu espada de muerte de combate sobre miles\u00bb.<\/p>\n<p><strong>Grupo<\/strong>: \u00abOh sol de los hombres nobles, no te ocultes sobre nosotros, ya que somos brigadas. Oh sol de los hombres nobles, no te ocultes sobre nosotros, ya que somos brigadas\u00bb.<\/p>\n<p><strong>Muchacho<\/strong>: \u00abLa persona que llama al jihad ha llamado: Ve, oh Mujahid. Desenvaina tu espada de muerte de combate sobre miles\u00bb.<\/p>\n<p><strong>Grupo<\/strong>: \u00abOh sol de los hombres nobles, no te ocultes sobre nosotros, ya que somos brigadas. Oh sol de los hombres nobles, no te ocultes sobre nosotros, ya que somos brigadas. Oh sol de los hombres nobles, no te ocultes sobre nosotros, ya que somos brigadas. Oh sol de los hombres nobles, no te ocultes sobre nosotros, ya que somos brigadas\u00bb.<\/p>\n<p><strong>Muchacho<\/strong>: \u00abSali\u00f3 en su caballo y sujet\u00f3 las riendas, involucrando a hombres en la batalla y talando sus cr\u00e1neos\u00bb.<\/p>\n<p><strong>Grup<\/strong>o: \u00abOh sol de los hombres nobles, no te ocultes sobre nosotros, ya que somos brigadas. Oh sol de los hombres nobles, no te ocultes sobre nosotros, ya que somos brigadas. Oh sol de los hombres nobles, no te ocultes sobre nosotros, ya que somos brigadas. Oh sol de los hombres nobles, no te ocultes sobre nosotros, ya que somos brigadas\u00bb.<\/p>\n<p><strong>Muchacho<\/strong>: \u00abEl h\u00e9roe fue a la lucha, y su sangre flu\u00eda, sus manos escribieron cartas sobre la arena\u00bb. [&hellip;]<\/p>\n<p><strong><img loading=\"lazy\" decoding=\"async\" class=\"alignnone size-full wp-image-14948\" src=\"http:\/\/www2.memri.org\/espanol\/wp-content\/uploads\/2016\/01\/sp_2724_8.jpg\" width=\"327\" height=\"240\" srcset=\"https:\/\/www2.memri.org\/espanol\/wp-content\/uploads\/2016\/01\/sp_2724_8.jpg 327w, https:\/\/www2.memri.org\/espanol\/wp-content\/uploads\/2016\/01\/sp_2724_8-300x220.jpg 300w, https:\/\/www2.memri.org\/espanol\/wp-content\/uploads\/2016\/01\/sp_2724_8-80x60.jpg 80w\" sizes=\"auto, (max-width: 327px) 100vw, 327px\" \/><\/strong><\/p>\n<p><strong>\u00abAbu Zarqawi Al-Bahraini\u00bb<\/strong><\/p>\n<p><em>Al fondo hay un m\u00f3vil de Abu Mus&#8217;ab Al-Zarqawi<\/em><\/p>\n<p><strong>Peque\u00f1o muchacho en silueta, con arma de fuego, al fondo se encuentra un mapa del mundo. Parece que est\u00e1 siendo entrenados a lo largo de su discurso<\/strong>: \u00ab[Alabado sea Al\u00e1] Quien atrae a los infieles a su destrucci\u00f3n en Su astucia, y los rezos y la paz sobre [el Profeta Mahoma], de cuya espada Al\u00e1 levant\u00f3 el faro del Islam. Mi querida naci\u00f3n isl\u00e1mica, lo que tengo que decirles no es nada sencillo. Al\u00e1, el Exaltado dijo: en la revelaci\u00f3n [Cor\u00e1n 33:23]: \u00abEntre los creyentes hay hombres que confirmaron la alianza que hicieron con Al\u00e1. Algunos de ellos han cumplido con su voto a trav\u00e9s de la muerte [en batalla], y algunos todav\u00eda esperan, pero nunca se han alterado en lo m\u00e1s m\u00ednimo&#8217;.<\/p>\n<p>\u00abAl-Bukhari registr\u00f3 un hadith en su compendio: Anas ibn Malik dijo:\u00bb Creemos que este verso fue revelado respecto a Anas Ibn Nadhr&#8217; [quien fue asesinado en la batalla de Uhud]. Entre los creyentes en nuestros tiempos que han cumplido su voto a trav\u00e9s de la muerte [en batalla] est\u00e1 el Emir de los descuartizadores, el le\u00f3n de la tierra de los dos r\u00edos, Abu Musab Al-Zarqawi, pueda Al\u00e1 tener piedad sobre \u00e9l, y aceptarlo entre los m\u00e1rtires. Y entre los creyentes que a\u00fan est\u00e1n esperando por [el martirio] y no se han alterado en lo m\u00e1s m\u00ednimo est\u00e1 el jeque de los mujahideen del le\u00f3n de los monote\u00edstas, Osama bin Laden, pueda Al\u00e1 preservarlo y protegerlo.<\/p>\n<p>\u00abLes decimos a los enemigos de Al\u00e1 &#8211; los infieles, polite\u00edstas y desertores: &#8216;Si se alegraron por la muerte de Abu Musab Al-Zarqawi &#8211; nosotros seguimos en su camino, Al\u00e1 que lega y no nos retiraremos de esta decisi\u00f3n, Al\u00e1 que lega, aun si nos cortaran en pedazos, o nos crucifican&#8217;. La gloria es a Al\u00e1, a Su Profeta y a los creyentes, pero los hip\u00f3critas no lo saben\u00bb.<\/p>\n<p><strong>Hombre grita desde el fondo<\/strong>: <em>\u00abAllahu Akbar!\u00bb<\/em><\/p>\n<p><img loading=\"lazy\" decoding=\"async\" class=\"alignnone size-full wp-image-14949\" src=\"http:\/\/www2.memri.org\/espanol\/wp-content\/uploads\/2016\/01\/sp_2724_9.jpg\" width=\"327\" height=\"240\" srcset=\"https:\/\/www2.memri.org\/espanol\/wp-content\/uploads\/2016\/01\/sp_2724_9.jpg 327w, https:\/\/www2.memri.org\/espanol\/wp-content\/uploads\/2016\/01\/sp_2724_9-300x220.jpg 300w, https:\/\/www2.memri.org\/espanol\/wp-content\/uploads\/2016\/01\/sp_2724_9-80x60.jpg 80w\" sizes=\"auto, (max-width: 327px) 100vw, 327px\" \/><\/p>\n<\/div>\n<\/div>\n","protected":false},"excerpt":{"rendered":"<p>Lo siguiente son extractos de una recopilaci\u00f3n de videos de ni\u00f1os jihadistas, producido por Ansar Al-Mujahideen. La compilaci\u00f3n, titulada \u00abLa Pr\u00f3xima Generaci\u00f3n de Mujahideen\u00bb, identifica a los grupos jihad a los cuales pertenecen los ni\u00f1os, y los muestra entren\u00e1ndose, dando discursos, cantando y orando. La compilaci\u00f3n fue publicada en Internet en diciembre, 2009. El siguiente [&hellip;]<\/p>\n","protected":false},"author":1,"featured_media":14921,"comment_status":"open","ping_status":"open","sticky":false,"template":"","format":"standard","meta":{"footnotes":""},"categories":[10,6],"tags":[],"class_list":["post-3389","post","type-post","status-publish","format-standard","has-post-thumbnail","hentry","category-estudios-sobre-terrorismo-y-yihad","category-comunicados-especiales"],"_links":{"self":[{"href":"https:\/\/www2.memri.org\/espanol\/wp-json\/wp\/v2\/posts\/3389","targetHints":{"allow":["GET"]}}],"collection":[{"href":"https:\/\/www2.memri.org\/espanol\/wp-json\/wp\/v2\/posts"}],"about":[{"href":"https:\/\/www2.memri.org\/espanol\/wp-json\/wp\/v2\/types\/post"}],"author":[{"embeddable":true,"href":"https:\/\/www2.memri.org\/espanol\/wp-json\/wp\/v2\/users\/1"}],"replies":[{"embeddable":true,"href":"https:\/\/www2.memri.org\/espanol\/wp-json\/wp\/v2\/comments?post=3389"}],"version-history":[{"count":0,"href":"https:\/\/www2.memri.org\/espanol\/wp-json\/wp\/v2\/posts\/3389\/revisions"}],"wp:featuredmedia":[{"embeddable":true,"href":"https:\/\/www2.memri.org\/espanol\/wp-json\/wp\/v2\/media\/14921"}],"wp:attachment":[{"href":"https:\/\/www2.memri.org\/espanol\/wp-json\/wp\/v2\/media?parent=3389"}],"wp:term":[{"taxonomy":"category","embeddable":true,"href":"https:\/\/www2.memri.org\/espanol\/wp-json\/wp\/v2\/categories?post=3389"},{"taxonomy":"post_tag","embeddable":true,"href":"https:\/\/www2.memri.org\/espanol\/wp-json\/wp\/v2\/tags?post=3389"}],"curies":[{"name":"wp","href":"https:\/\/api.w.org\/{rel}","templated":true}]}}