{"id":3388,"date":"2009-12-31T00:00:00","date_gmt":"2009-12-31T00:00:00","guid":{"rendered":"http:\/\/www2.memri.org\/espanol\/2009\/12\/31\/presidente-de-la-junta-de-jefes-del-estado-mayor-de-los-estados-unidos-almirante-michael-mullen-en-entrevista-con-al-jazeera-tv-sobre-el-tema-de-iran-siempre-han-habido-opciones-militares-y-las-hab\/"},"modified":"2016-01-14T15:46:56","modified_gmt":"2016-01-14T15:46:56","slug":"presidente-de-la-junta-de-jefes-del-estado-mayor-de-los-estados-unidos-almirante-michael-mullen-en-entrevista-con-al-jazeera-tv-sobre-el-tema-de-iran-siempre-han-habido-opciones-militares-y-las-hab","status":"publish","type":"post","link":"https:\/\/www2.memri.org\/espanol\/presidente-de-la-junta-de-jefes-del-estado-mayor-de-los-estados-unidos-almirante-michael-mullen-en-entrevista-con-al-jazeera-tv-sobre-el-tema-de-iran-siempre-han-habido-opciones-militares-y-las-hab\/3388","title":{"rendered":"Presidente de la Junta de Jefes del Estado Mayor de los Estados Unidos Almirante Michael Mullen en entrevista con Al-Jazeera TV sobre el tema de Ir\u00e1n: \u00abSiempre han habido opciones militares, y las habr\u00e1 en el futuro\u00bb"},"content":{"rendered":"<div class=\"bodytext c1\"><!--Document Body --><\/p>\n<div class=\"bodytext c1\">\n<p><em>Lo siguiente son extractos de una entrevista con el Almirante Michael Mullen, Jefe del Estado Mayor Conjunto de los Estados Unidos, que fue presentada en Al-Jazeera TV el 18 de diciembre, 2009. La transcripci\u00f3n est\u00e1 basada en la traducci\u00f3n simult\u00e1nea al \u00e1rabe.<\/em><\/p>\n<p><em>Para ver este segmento de video en MEMRI TV, visite <a href=\"http:\/\/www.memritv.org\/clip\/en\/2315.htm\">http:\/\/www.memritv.org\/clip\/en\/2315.htm<\/a>.<\/em><\/p>\n<p><strong>\u00abAl-Qaeda y sus agentes siguen planeando llevar a cabo ataques&#8230; [y] obtener material nuclear\u00bb<\/strong><\/p>\n<p><strong>Almirante Michael Mullen<\/strong>: \u00abLa decisi\u00f3n de aumentar nuestras tropas en Afganist\u00e1n se hizo porque el Presidente considera que ello contribuye a la seguridad nacional, y que Al-Qaeda y sus agentes siguen planeando llevar a cabo ataques similares a los ataques que llevaron a cabo en el 2001. En mi opini\u00f3n, no podemos permitir, bajo ninguna circunstancia, que esto ocurra de nuevo.<\/p>\n<p>\u00abLuego est\u00e1 la cuesti\u00f3n de los talibanes en Pakist\u00e1n, donde los talibanes tomaron medidas para difundir la inestabilidad. Pakist\u00e1n es un pa\u00eds con capacidad nuclear, con material nuclear, y sabemos que Al-Qaeda se esfuerza por obtener material nuclear y armas. Si esto sucede, ser\u00e1 el peor escenario posible. Si logran tener en sus manos estas armas &#8211; y estoy hablando s\u00f3lo de que &#8216;pongan sus manos sobre ellas&#8217;, porque han dicho que si obtienen estos materiales, los van a usar&#8230; Estos son objetivos de seguridad nacional que el Presidente Obama tuvo en mente cuando tom\u00f3 la decisi\u00f3n de enviar m\u00e1s tropas a Afganist\u00e1n\u00bb.<\/p>\n<p>[&#8230;]<\/p>\n<p><img loading=\"lazy\" decoding=\"async\" class=\"alignnone size-full wp-image-14918\" src=\"http:\/\/www2.memri.org\/espanol\/wp-content\/uploads\/2016\/01\/sd_2723_1.jpg\" width=\"655\" height=\"480\" srcset=\"https:\/\/www2.memri.org\/espanol\/wp-content\/uploads\/2016\/01\/sd_2723_1.jpg 655w, https:\/\/www2.memri.org\/espanol\/wp-content\/uploads\/2016\/01\/sd_2723_1-300x220.jpg 300w, https:\/\/www2.memri.org\/espanol\/wp-content\/uploads\/2016\/01\/sd_2723_1-600x440.jpg 600w, https:\/\/www2.memri.org\/espanol\/wp-content\/uploads\/2016\/01\/sd_2723_1-80x60.jpg 80w, https:\/\/www2.memri.org\/espanol\/wp-content\/uploads\/2016\/01\/sd_2723_1-573x420.jpg 573w\" sizes=\"auto, (max-width: 655px) 100vw, 655px\" \/><\/p>\n<p><strong>\u00abLa zona fronteriza entre Pakist\u00e1n y Afganist\u00e1n es el epicentro del terrorismo&#8230; existe una creciente preocupaci\u00f3n por el crecimiento de Al-Qaeda en Yemen y Somalia\u00bb<\/strong><\/p>\n<p>\u00abPersonalmente, creo que &#8211; al igual que el Presidente Obama &#8211; la zona fronteriza entre Pakist\u00e1n y Afganist\u00e1n es el epicentro del terrorismo en el mundo. Existe una creciente preocupaci\u00f3n por el crecimiento de Al-Qaeda en Yemen, adem\u00e1s de las conexiones que esta tiene establecida en Somalia. Al-Qaeda se est\u00e1 extendiendo en el mundo, pero su liderazgo reside en la zona fronteriza. Esa es el \u00e1rea que queremos asegurar no se convierta en una base para la planificaci\u00f3n de ataques y para el futuro que Al-Qaeda quiere. Por esto, me estoy refiriendo al extremismo y la distorsi\u00f3n de la religi\u00f3n isl\u00e1mica. La religi\u00f3n isl\u00e1mica es importante para todos nosotros.<\/p>\n<p>[&#8230;]<\/p>\n<p>\u00abEsta es la raz\u00f3n por la que nos estamos concentrando en esa zona fronteriza. Esto no significa que no estamos preocupados por otros lugares, pero la sede central que estamos controlando es donde est\u00e1n Bin Laden y Al-Zawahiri, d\u00f3nde se concentran los antiguos operadores de Al-Qaida y realizan sus planes. Por ello es que esta \u00e1rea es m\u00e1s importante que cualquier otra \u00e1rea, pero esto no significa que no tengamos que centrarnos en otras \u00e1reas\u00bb.<\/p>\n<p><img loading=\"lazy\" decoding=\"async\" class=\"alignnone size-full wp-image-14924\" src=\"http:\/\/www2.memri.org\/espanol\/wp-content\/uploads\/2016\/01\/sd_2723_2.jpg\" width=\"655\" height=\"480\" srcset=\"https:\/\/www2.memri.org\/espanol\/wp-content\/uploads\/2016\/01\/sd_2723_2.jpg 655w, https:\/\/www2.memri.org\/espanol\/wp-content\/uploads\/2016\/01\/sd_2723_2-300x220.jpg 300w, https:\/\/www2.memri.org\/espanol\/wp-content\/uploads\/2016\/01\/sd_2723_2-600x440.jpg 600w, https:\/\/www2.memri.org\/espanol\/wp-content\/uploads\/2016\/01\/sd_2723_2-80x60.jpg 80w, https:\/\/www2.memri.org\/espanol\/wp-content\/uploads\/2016\/01\/sd_2723_2-573x420.jpg 573w\" sizes=\"auto, (max-width: 655px) 100vw, 655px\" \/><\/p>\n<p><strong>\u00abLa mejor informaci\u00f3n que tengo es que&#8230; Bin Laden y Al-Zawahiri se encuentran en Pakist\u00e1n\u00bb<\/strong><\/p>\n<p><strong>Entrevistador<\/strong>: \u00abSignifica eso que usted no est\u00e1 de acuerdo con algunas voces, incluso las oficiales, que a menudo escuchamos hablar de Pakist\u00e1n, que dicen que Osama Bin Laden no est\u00e1 en Pakist\u00e1n?\u00bb<\/p>\n<p><strong>Almirante Michael Mullen<\/strong>: \u00abLa mejor informaci\u00f3n que tengo es que todo indica que Bin Laden y Al-Zawahiri se encuentran en Pakist\u00e1n, y que est\u00e1n muy bien protegidos por los talibanes. Una de las cosas que he visto en este \u00faltimo par de a\u00f1os es la colaboraci\u00f3n de estas organizaciones terroristas, ya sean los talibanes en Pakist\u00e1n, que amenaza al pa\u00eds, o los talibanes afganos, como la red Haqqani y otros. En Pakist\u00e1n, existen v\u00ednculos entre el Ej\u00e9rcito Lakshar-e Taiba y las ramas de los talibanes. He visto a estas redes juntarse, de manera que es cada vez m\u00e1s peligrosa para ambos pa\u00edses, y de hecho, para muchos pa\u00edses en el mundo.<\/p>\n<p>[&#8230;]<\/p>\n<p>\u00abClaramente hemos cambiado de rumbo nuestro principal esfuerzo de Irak a Afganist\u00e1n y Pakist\u00e1n. Durante muchos a\u00f1os redujimos recursos de la campa\u00f1a de Afganist\u00e1n, ya sea los que ten\u00edan que ver con las fuerzas, la diplomacia o en la inteligencia, debido a nuestra prioridad, para serle sincero, fue Irak. Esa prioridad ya se le ha cambiado el curso. Estamos a punto de salir de Irak, y es en ese cambio que creo hay una buena oportunidad, con cosas muy positivas sucediendo en Pakist\u00e1n, con respecto a la actitud hacia los radicales all\u00ed, con el reci\u00e9n electo presidente de Afganist\u00e1n, quien se ha comprometido al cambio, por no mencionar a las tropas adicionales, con la estrategia correcta, la c\u00fapula militar correcta en el terreno y el correcto liderazgo diplom\u00e1tico all\u00ed. Creo que existe una verdadera oportunidad para todos nosotros en ser capaces de forjar un camino a seguir que realmente estabilice a Afganist\u00e1n, y nos coloque en el camino hacia una relaci\u00f3n positiva.<\/p>\n<p>\u00abLo mismo es cierto de Pakist\u00e1n. La abandonamos tres veces en nuestra historia. Cuando voy a Pakist\u00e1n, a menudo escucho la pregunta: &#8216;Nos abandonar\u00e1n otra vez?&#8217; Eso es un problema real &#8211; el tema del abandono de esos pa\u00edses. El presidente ha dejado claro que estamos luchando por una relaci\u00f3n a largo plazo. Esa es la diferencia con el pasado. Por eso creo que en una sociedad con el Presidente Karzai, podemos seguir hacia adelante\u00bb.<\/p>\n<p>[&#8230;]<\/p>\n<p><strong>\u00abLas cosas con Ir\u00e1n no van en la direcci\u00f3n correcta\u00bb<\/strong><\/p>\n<p>\u00abBueno, yo he sido uno que cree desde ya hace bastante tiempo que la divulgaci\u00f3n, el di\u00e1logo y el compromiso con Ir\u00e1n que el Presidente Obama ha comprometido ha sido muy importante. Me preocupa mucho su objetivo de desarrollar armas nucleares. Creo que tener [un] estado con potencial nuclear como Ir\u00e1n en esa parte del mundo es desestabilizador. Estoy preocupado por la ventana de oportunidades que se cierra al paso del tiempo con respecto a ese programa nuclear. Me hubiera gustado ver un mejor resultado en las discusiones con la OIEA, la cual conden\u00f3 a Ir\u00e1n. Todo ello, desde mi perspectiva, va en la direcci\u00f3n equivocada. Ir\u00e1n est\u00e1 desarrollando un arma nuclear, amenaza a Israel y francamente, est\u00e1 amenazando a los dem\u00e1s estados de la regi\u00f3n.<\/p>\n<p>Tengo amigos en varios pa\u00edses que est\u00e1n preocupados por la carrera armamentista nuclear en el Oriente Medio. Le digo una vez m\u00e1s que las cosas con Ir\u00e1n no van en la direcci\u00f3n correcta. Espero que el liderazgo pol\u00edtico en todos los pa\u00edses de la regi\u00f3n, incluyendo a Ir\u00e1n, resuelva este asunto y se muevan en la direcci\u00f3n correcta. \u00abDesde un punto de vista militar, le digo que siempre hemos tenido opciones militares, siempre han estado sobre la mesa y siguen estando. Ciertamente, mi preferencia no es utilizarlas, pero creo que todos tenemos para operar desde una postura de fuerza. El curso que est\u00e1 tomando Ir\u00e1n en estos momentos es de gran preocupaci\u00f3n para m\u00ed\u00bb.<\/p>\n<p><strong>Entrevistador<\/strong>: \u00abSignifica esto que usted est\u00e1 considerando usar las opciones militares en alg\u00fan momento?\u00bb<\/p>\n<p><strong>Almirante Michael Mullen<\/strong>: \u00abBueno, yo no ir\u00eda m\u00e1s all\u00e1 de decir que existen opciones militares. Siempre ha habido opciones militares y las habr\u00e1 en el futuro. Esa es una decisi\u00f3n que no quiero hacer. Usted habl\u00f3 sobre los pol\u00edticos en los Estados Unidos que est\u00e1n preocupados, y hay pol\u00edticos en muchos pa\u00edses que est\u00e1n preocupados por la conducta de Ir\u00e1n. De nuevo, es una preocupaci\u00f3n creciente. Yo ten\u00eda esperanzas de que este compromiso nos mover\u00eda en la direcci\u00f3n correcta, y todav\u00eda tengo la esperanza de que este ser\u00e1 el caso\u00bb.<\/p>\n<\/div>\n<\/div>\n","protected":false},"excerpt":{"rendered":"<p>Lo siguiente son extractos de una entrevista con el Almirante Michael Mullen, Jefe del Estado Mayor Conjunto de los Estados Unidos, que fue presentada en Al-Jazeera TV el 18 de diciembre, 2009. La transcripci\u00f3n est\u00e1 basada en la traducci\u00f3n simult\u00e1nea al \u00e1rabe. Para ver este segmento de video en MEMRI TV, visite http:\/\/www.memritv.org\/clip\/en\/2315.htm. \u00abAl-Qaeda y [&hellip;]<\/p>\n","protected":false},"author":1,"featured_media":14918,"comment_status":"open","ping_status":"open","sticky":false,"template":"","format":"standard","meta":{"footnotes":""},"categories":[6,11],"tags":[],"class_list":["post-3388","post","type-post","status-publish","format-standard","has-post-thumbnail","hentry","category-comunicados-especiales","category-e-u-a-y-el-medio-oriente"],"_links":{"self":[{"href":"https:\/\/www2.memri.org\/espanol\/wp-json\/wp\/v2\/posts\/3388","targetHints":{"allow":["GET"]}}],"collection":[{"href":"https:\/\/www2.memri.org\/espanol\/wp-json\/wp\/v2\/posts"}],"about":[{"href":"https:\/\/www2.memri.org\/espanol\/wp-json\/wp\/v2\/types\/post"}],"author":[{"embeddable":true,"href":"https:\/\/www2.memri.org\/espanol\/wp-json\/wp\/v2\/users\/1"}],"replies":[{"embeddable":true,"href":"https:\/\/www2.memri.org\/espanol\/wp-json\/wp\/v2\/comments?post=3388"}],"version-history":[{"count":0,"href":"https:\/\/www2.memri.org\/espanol\/wp-json\/wp\/v2\/posts\/3388\/revisions"}],"wp:featuredmedia":[{"embeddable":true,"href":"https:\/\/www2.memri.org\/espanol\/wp-json\/wp\/v2\/media\/14918"}],"wp:attachment":[{"href":"https:\/\/www2.memri.org\/espanol\/wp-json\/wp\/v2\/media?parent=3388"}],"wp:term":[{"taxonomy":"category","embeddable":true,"href":"https:\/\/www2.memri.org\/espanol\/wp-json\/wp\/v2\/categories?post=3388"},{"taxonomy":"post_tag","embeddable":true,"href":"https:\/\/www2.memri.org\/espanol\/wp-json\/wp\/v2\/tags?post=3388"}],"curies":[{"name":"wp","href":"https:\/\/api.w.org\/{rel}","templated":true}]}}