{"id":3381,"date":"2009-12-30T00:00:00","date_gmt":"2009-12-30T00:00:00","guid":{"rendered":"http:\/\/www2.memri.org\/espanol\/2009\/12\/30\/al-jazeera-y-hamas-tv-entrevistan-al-ex-mp-britanico-george-galloway-el-convoy-de-viva-palestina-supervivencia-3-se-reune-con-el-representante-de-hamas-y-abogan-convocar-al-jihad-mientras-que-el\/"},"modified":"2016-01-14T15:46:58","modified_gmt":"2016-01-14T15:46:58","slug":"al-jazeera-y-hamas-tv-entrevistan-al-ex-mp-britanico-george-galloway-el-convoy-de-viva-palestina-supervivencia-3-se-reune-con-el-representante-de-hamas-y-abogan-convocar-al-jihad-mientras-que-el","status":"publish","type":"post","link":"https:\/\/www2.memri.org\/espanol\/al-jazeera-y-hamas-tv-entrevistan-al-ex-mp-britanico-george-galloway-el-convoy-de-viva-palestina-supervivencia-3-se-reune-con-el-representante-de-hamas-y-abogan-convocar-al-jihad-mientras-que-el\/3381","title":{"rendered":"Al-Jazeera y Hamas TV entrevistan al ex MP brit\u00e1nico George Galloway, el convoy de Viva Palestina &#8216;Supervivencia 3&#8217; se re\u00fane con el representante de Hamas y abogan convocar al jihad &#8211; mientras que el presidente del subcomit\u00e9 de la C\u00e1mara de Representantes de los Estados Unidos llama a investigar las finanzas de Viva Palestina"},"content":{"rendered":"<div class=\"bodytext c3\">\n<p><em>Viva Palestina fue fundada en enero, 2009 por un grupo que inclu\u00eda al MP brit\u00e1nico George Galloway, y tiene sucursales tanto en los Estados Unidos y el Reino Unido. Desde finales de marzo hasta principios de julio, Galloway recorri\u00f3 varias ciudades y universidades de Estados Unidos con el fin de recaudar fondos y promover el convoy de julio a Gaza de Viva Palestina. Galloway tambi\u00e9n intent\u00f3 llevar el recorrido a Canad\u00e1, pero le fue negada la entrada. <a href=\"#_edn1\" name=\"_ednref1\">[1]<\/a><\/em><\/p>\n<p><em>El 1 de diciembre del 2009, el Presidente del Subcomit\u00e9 de la C\u00e1mara de Representantes de la Comisi\u00f3n de Asuntos Exteriores sobre Terrorismo, No-proliferaci\u00f3n y Comercio, el Republicano Brad Sherman, le envi\u00f3 una carta al Fiscal General Eric Holder solicitando al Departamento de Justicia investigar si los fondos de Viva Palestina estaban siendo canalizados hacia Ham\u00e1s.<\/em><\/p>\n<p><em>Lo siguiente son extractos de varios reportajes de la televisi\u00f3n sobre el convoy a Gaza de Viva Palestina \u00abSupervivencia 3\u00bb, as\u00ed como de entrevistas con George Galloway desde el Medio Oriente. Los informes y las entrevistas fueron presentados en Al-Aqsa y Al-Jazira TV la semana pasada.<\/em><\/p>\n<p><em>Para ver este segmento de video, visite <a href=\"http:\/\/www.memritv.org\/clip\/en\/2313.htm\">http:\/\/www.memritv.org\/clip\/en\/2313.htm<\/a>.<\/em><\/p>\n<p><em>Para ver la p\u00e1gina de George Galloway en MEMRI TV, visite <a href=\"http:\/\/www.memritv.org\/subject\/en\/615.htm\">http:\/\/www.memritv.org\/subject\/en\/615.htm<\/a>.<\/em><\/p>\n<p><strong>Al-Jazeera TV, 12\/22\/2009<\/strong><\/p>\n<p><img loading=\"lazy\" decoding=\"async\" class=\"alignnone size-full wp-image-14923\" src=\"http:\/\/www2.memri.org\/espanol\/wp-content\/uploads\/2016\/01\/sp_2720_1.jpg\" width=\"655\" height=\"480\" srcset=\"https:\/\/www2.memri.org\/espanol\/wp-content\/uploads\/2016\/01\/sp_2720_1.jpg 655w, https:\/\/www2.memri.org\/espanol\/wp-content\/uploads\/2016\/01\/sp_2720_1-300x220.jpg 300w, https:\/\/www2.memri.org\/espanol\/wp-content\/uploads\/2016\/01\/sp_2720_1-600x440.jpg 600w, https:\/\/www2.memri.org\/espanol\/wp-content\/uploads\/2016\/01\/sp_2720_1-80x60.jpg 80w, https:\/\/www2.memri.org\/espanol\/wp-content\/uploads\/2016\/01\/sp_2720_1-573x420.jpg 573w\" sizes=\"auto, (max-width: 655px) 100vw, 655px\" \/><\/p>\n<p><strong>Ex MP brit\u00e1nico George Galloway<\/strong>: \u00abCreo que Hezbol\u00e1 es un movimiento de resistencia, y que Nasrallah y todas las fuerzas de la resistencia en la revoluci\u00f3n palestina son una fuente de orgullo para todos los \u00e1rabes, desde Marrakech a Bahrein. De hecho, la gente siente orgullo por ellos, incluso cuando no sienten orgullo por sus propios gobiernos. Los ni\u00f1os de la Intifada, los j\u00f3venes de la resistencia iraqu\u00ed, los j\u00f3venes de la resistencia libanesa &#8211; y las mujeres, en este caso &#8211; son una fuente de orgullo para todas las personas amantes de la libertad en el mundo.<\/p>\n<p>[&#8230;]<\/p>\n<p>\u00abDurante 25 a\u00f1os, sol\u00eda pasar por la sala del Parlamento en el que Sykes y Picot se sentaron a elaborar estos mapas para mantener a los \u00e1rabes divididos y d\u00e9biles, siendo lo mejor el poder robar sus riquezas. Incluso Sykes y Picot no pudieran haber so\u00f1ado que casi 100 a\u00f1os m\u00e1s tarde, el bosquejo, que hicieron junto a una taza de t\u00e9, todav\u00eda existe, que estas fronteras se hayan convertido en sagradas, que la gente pelear\u00eda por estas fronteras y que los \u00e1rabes permanecen divididos y d\u00e9biles, siendo mejor para otros en lo que respecta a robar sus recursos.<\/p>\n<p>[&#8230;]<\/p>\n<p>\u00abDos de las hermosas hijas del mundo \u00e1rabe, Bagdad y Jerusal\u00e9n, est\u00e1n en manos de extranjeros, para hacer lo que les plazca. Por Al\u00e1, los \u00e1rabes est\u00e1n en muy mal estado. Lo tienen todo: petr\u00f3leo, gas, agua, toda esta tierra, 300 millones de personas, un idioma, una religi\u00f3n, un Dios, una sola cultura. Los \u00e1rabes deber\u00edan ser una superpotencia en el mundo. Nadie deber\u00eda ser capaz de ignorar a los \u00e1rabes. Todo el mundo deber\u00eda saludar a los \u00e1rabes en respeto. Pero vean lo que tenemos a cambio&rdquo;. [&#8230;]<\/p>\n<p><strong>Al-Aqsa TV, 12\/22\/2009<\/strong><\/p>\n<p><img loading=\"lazy\" decoding=\"async\" class=\"alignnone size-full wp-image-14928\" src=\"http:\/\/www2.memri.org\/espanol\/wp-content\/uploads\/2016\/01\/sp_2720_2.jpg\" width=\"655\" height=\"480\" srcset=\"https:\/\/www2.memri.org\/espanol\/wp-content\/uploads\/2016\/01\/sp_2720_2.jpg 655w, https:\/\/www2.memri.org\/espanol\/wp-content\/uploads\/2016\/01\/sp_2720_2-300x220.jpg 300w, https:\/\/www2.memri.org\/espanol\/wp-content\/uploads\/2016\/01\/sp_2720_2-600x440.jpg 600w, https:\/\/www2.memri.org\/espanol\/wp-content\/uploads\/2016\/01\/sp_2720_2-80x60.jpg 80w, https:\/\/www2.memri.org\/espanol\/wp-content\/uploads\/2016\/01\/sp_2720_2-573x420.jpg 573w\" sizes=\"auto, (max-width: 655px) 100vw, 655px\" \/><\/p>\n<p><strong>Ex MP brit\u00e1nico George Galloway<\/strong>: \u00abAl\u00e1 que lega, un d\u00eda, estaremos juntos. Hacia la victoria, hacia la victoria, hacia Jerusal\u00e9n. Viva Palestina\u00bb.<\/p>\n<p>[&#8230;]<\/p>\n<p><strong>Jefe adjunto de Hamas Musa Abu Marzouk<\/strong>: \u00abEn este convoy, hay gente de m\u00e1s de 17 nacionalidades, que se han unido en su camino a Gaza. Saludamos al Dr. Manayas, el diputado de Mahathir Mohamad de Malasia y saludamos a la organizaci\u00f3n de Viva Palestina en los Estados Unidos, la organizaci\u00f3n Viva Palestina en Malasia y otra organizaci\u00f3n Viva Palestina que ser\u00e1 establecida, Al\u00e1 que lega, en Sud\u00e1frica\u00bb. [&#8230;]<\/p>\n<p><strong>Al-Jazeera TV, 12\/21\/2009<\/strong><\/p>\n<p><img loading=\"lazy\" decoding=\"async\" class=\"alignnone size-full wp-image-14933\" src=\"http:\/\/www2.memri.org\/espanol\/wp-content\/uploads\/2016\/01\/sp_2720_3.jpg\" width=\"655\" height=\"480\" srcset=\"https:\/\/www2.memri.org\/espanol\/wp-content\/uploads\/2016\/01\/sp_2720_3.jpg 655w, https:\/\/www2.memri.org\/espanol\/wp-content\/uploads\/2016\/01\/sp_2720_3-300x220.jpg 300w, https:\/\/www2.memri.org\/espanol\/wp-content\/uploads\/2016\/01\/sp_2720_3-600x440.jpg 600w, https:\/\/www2.memri.org\/espanol\/wp-content\/uploads\/2016\/01\/sp_2720_3-80x60.jpg 80w, https:\/\/www2.memri.org\/espanol\/wp-content\/uploads\/2016\/01\/sp_2720_3-573x420.jpg 573w\" sizes=\"auto, (max-width: 655px) 100vw, 655px\" \/><\/p>\n<p><strong>Representante de Hamas en el L\u00edbano, Osama Hamdan<\/strong>: \u00abEn otras paradas en el camino, es posible que enfrentemos presiones e intentos por impedir que el convoy siga adelante. Uno debe sacar fuerzas para continuar desde aqu\u00ed, donde somos bienvenidos\u00bb. [&#8230;]<\/p>\n<p><strong>Al-Aqsa TV, 12\/27\/2009<\/strong><\/p>\n<p><em>Una concentraci\u00f3n de bienvenida para el convoy en Aqaba, Jordania<\/em><\/p>\n<p><strong>Portavoz<\/strong>: \u00abAl\u00e1 es nuestro objetivo\u00bb.<\/p>\n<p><strong>Multitud<\/strong>: \u00abAl\u00e1 es nuestro objetivo\u00bb.<\/p>\n<p><strong>Portavoz<\/strong>: \u00abEl Profeta Mahoma es nuestro l\u00edder\u00bb.<\/p>\n<p><strong>Multitud<\/strong>: \u00abEl Profeta Mahoma es nuestro l\u00edder\u00bb.<\/p>\n<p><strong>Portavoz<\/strong>: \u00abEl Cor\u00e1n es nuestra constituci\u00f3n\u00bb.<\/p>\n<p><strong>Multitud<\/strong>: \u00abEl Cor\u00e1n es nuestra constituci\u00f3n\u00bb.<\/p>\n<p><strong>Portavoz<\/strong>: \u00abEl jihad es nuestro camino\u00bb.<\/p>\n<p><strong>Multitud<\/strong>: \u00abEl jihad es nuestro camino\u00bb.<\/p>\n<p><strong>Portavoz<\/strong>: \u00abLa muerte por la causa de Al\u00e1 es nuestro deseo m\u00e1s sublime\u00bb.<\/p>\n<p><strong>Multitud<\/strong>: \u00abLa muerte por la causa de Al\u00e1 es nuestro deseo m\u00e1s sublime\u00bb.<\/p>\n<p>[&#8230;]<\/p>\n<p><strong>Portavoz<\/strong>: \u00abOh Gaza de Haniyeh y Al-Zahhar, oh Gaza de Mash&#8217;al, convierte la tierra bajo sus pies en fuego y haz que los oc\u00e9anos se quemen alrededor de ellos\u00bb.<\/p>\n<p>\u00abOh Gaza de Hamas, que todos sean testigos en tu nombre y te hayan elevado por encima de sus cabezas. Si aquellos cercanos a ti han negado tus derechos, los extranjeros desde muy lejos han dado testimonio en tu nombre. Ellos se han convertido en parte de nosotros y los consideramos como nuestros. Tenemos una deuda de gratitud con ellos.<\/p>\n<p>[&#8230;]<\/p>\n<p>\u00abNuestros hermanos en Gaza, oh, la manzana de nuestros ojos, son una luz que se ha extendido hacia todos los rincones del universo y ha mostrado el camino de la resistencia a todos los <em>mujahideen<\/em>. Oh disc\u00edpulos de Abdallah Azzam&#8230;\u00bb<\/p>\n<p><strong>Anunciador<\/strong>: \u00abDigan &#8216;Al\u00e1 Akbar'\u00bb.<\/p>\n<p><strong>Multitud<\/strong>: \u00abAl\u00e1 Akbar\u00bb.<\/p>\n<p><strong>Anunciador<\/strong>: \u00abDigan &#8216;Al\u00e1 Akbar'\u00bb.<\/p>\n<p><strong>Multitud<\/strong>: \u00abAl\u00e1 Akbar\u00bb.<\/p>\n<p><strong>Anunciador<\/strong>: \u00abDigan &#8216;Al\u00e1 Akbar'\u00bb.<\/p>\n<p><strong>Multitud<\/strong>: \u00abAl\u00e1 Akbar\u00bb.<\/p>\n<p><strong>Anunciador<\/strong>: \u00abDigan &#8216;Al\u00e1 Akbar'\u00bb.<\/p>\n<p><strong>Multitud<\/strong>: \u00abAl\u00e1 Akbar\u00bb.<\/p>\n<p><strong>Portavoz<\/strong>: \u00abOh disc\u00edpulos de Abdallah Azzam, oh soldados de las [Brigadas] Al-Qassam, oh hermanos de Al-Rantisi y Yassin, oh hermanos de Sallah Shehada y Yahya &#8216;Ayyash, hoy todos estamos con ustedes, en el primer aniversario de su victoria y su firmeza en la Guerra Furqan. Le pedimos a Al\u00e1 que nos deje reunirnos en los pr\u00f3ximos a\u00f1os para conmemorar nuevos eventos, nuevas batallas que nos llenar\u00e1n el esp\u00edritu de Yarmouk, Hittin y &#8216;Ein Jalout [batallas].<\/p>\n<p>\u00abNuestro amado en el convoy de Supervivencia 3 &#8211; te estamos muy agradecidos\u00bb.<\/p>\n<\/p>\n<hr class=\"c2\" size=\"1\" width=\"33%\" \/>\n<p><a href=\"#_ednref1\" name=\"_edn1\">[1]<\/a> De acuerdo con un informe del 20 de marzo, 2009 en <em>The Guardian<\/em>, Galloway fue \u00abdeclarado inadmisible por razones de seguridad nacional y no se le permitir\u00e1 la entrada al pa\u00eds\u00bb. <a href=\"http:\/\/www.guardian.co.uk\/politics\/2009\/mar\/20\/george-galloway-banned-canada\">http:\/\/www.guardian.co.uk\/politics\/2009\/mar\/20\/george-galloway-banned-canada<\/a>.<\/p>\n<\/div>\n","protected":false},"excerpt":{"rendered":"<p>Viva Palestina fue fundada en enero, 2009 por un grupo que inclu\u00eda al MP brit\u00e1nico George Galloway, y tiene sucursales tanto en los Estados Unidos y el Reino Unido. Desde finales de marzo hasta principios de julio, Galloway recorri\u00f3 varias ciudades y universidades de Estados Unidos con el fin de recaudar fondos y promover el [&hellip;]<\/p>\n","protected":false},"author":1,"featured_media":14923,"comment_status":"open","ping_status":"open","sticky":false,"template":"","format":"standard","meta":{"footnotes":""},"categories":[6,11],"tags":[],"class_list":["post-3381","post","type-post","status-publish","format-standard","has-post-thumbnail","hentry","category-comunicados-especiales","category-e-u-a-y-el-medio-oriente"],"_links":{"self":[{"href":"https:\/\/www2.memri.org\/espanol\/wp-json\/wp\/v2\/posts\/3381","targetHints":{"allow":["GET"]}}],"collection":[{"href":"https:\/\/www2.memri.org\/espanol\/wp-json\/wp\/v2\/posts"}],"about":[{"href":"https:\/\/www2.memri.org\/espanol\/wp-json\/wp\/v2\/types\/post"}],"author":[{"embeddable":true,"href":"https:\/\/www2.memri.org\/espanol\/wp-json\/wp\/v2\/users\/1"}],"replies":[{"embeddable":true,"href":"https:\/\/www2.memri.org\/espanol\/wp-json\/wp\/v2\/comments?post=3381"}],"version-history":[{"count":0,"href":"https:\/\/www2.memri.org\/espanol\/wp-json\/wp\/v2\/posts\/3381\/revisions"}],"wp:featuredmedia":[{"embeddable":true,"href":"https:\/\/www2.memri.org\/espanol\/wp-json\/wp\/v2\/media\/14923"}],"wp:attachment":[{"href":"https:\/\/www2.memri.org\/espanol\/wp-json\/wp\/v2\/media?parent=3381"}],"wp:term":[{"taxonomy":"category","embeddable":true,"href":"https:\/\/www2.memri.org\/espanol\/wp-json\/wp\/v2\/categories?post=3381"},{"taxonomy":"post_tag","embeddable":true,"href":"https:\/\/www2.memri.org\/espanol\/wp-json\/wp\/v2\/tags?post=3381"}],"curies":[{"name":"wp","href":"https:\/\/api.w.org\/{rel}","templated":true}]}}