{"id":3335,"date":"2009-12-06T00:00:00","date_gmt":"2009-12-06T00:00:00","guid":{"rendered":"http:\/\/www2.memri.org\/espanol\/2009\/12\/06\/comandante-taliban-jalaluddin-haqqani-las-conversaciones-no-sirven-para-nada-porque-los-estados-unidos-las-estan-utilizando-como-una-herramienta-para-conspirar-la-presencia-de-tropas-extranjera\/"},"modified":"2009-12-06T00:00:00","modified_gmt":"2009-12-06T00:00:00","slug":"comandante-taliban-jalaluddin-haqqani-las-conversaciones-no-sirven-para-nada-porque-los-estados-unidos-las-estan-utilizando-como-una-herramienta-para-conspirar-la-presencia-de-tropas-extranjera","status":"publish","type":"post","link":"https:\/\/www2.memri.org\/espanol\/comandante-taliban-jalaluddin-haqqani-las-conversaciones-no-sirven-para-nada-porque-los-estados-unidos-las-estan-utilizando-como-una-herramienta-para-conspirar-la-presencia-de-tropas-extranjera\/3335","title":{"rendered":"Comandante talib\u00e1n Jalaluddin Haqqani: &#8216;Las conversaciones no sirven para nada &#8211; porque los Estados Unidos las est\u00e1n utilizando como una herramienta para conspirar&#8230; La presencia de tropas extranjeras es la causa principal de todos los problemas de Afganist\u00e1n&#8217;"},"content":{"rendered":"<div class=\"bodytext c1\">\n<p>En una reciente entrevista, Al-Haj Maulvi Jalaluddin Haqqani, el comandante militante principal quien tiene su base en la regi\u00f3n fronteriza de Afganist\u00e1n-Pakist\u00e1n, rechaz\u00f3 los informes de prensa de que su grupo de militantes no est\u00e1 unido bajo el liderazgo del Mullah Omar, el Emir de los talibanes en Afganist\u00e1n, diciendo que \u00abtodos los mujahideen est\u00e1n unidos y contin\u00faan el jihad contra los Estados Unidos y sus esclavos bajo el liderazgo del Mullah Muhammad Omar\u00bb.<\/p>\n<p>La red Haqqani de militantes, encabezados por Jalaluddin Haqqani, quien se cree tiene m\u00e1s de 60 a\u00f1os, y su hijo Sirajuddin Haqqani, es una de las organizaciones militantes m\u00e1s formidables en Afganist\u00e1n. La organizaci\u00f3n tiene fuertes conexiones con los talibanes paquistan\u00edes, donde la relaci\u00f3n de Jalaluddin Haqqani con los militares pakistan\u00edes se remonta a la d\u00e9cada de 1980.<\/p>\n<p>En la entrevista, Jalaluddin Haqqani hace notar de que despu\u00e9s de ocho a\u00f1os de guerra en Afganist\u00e1n, los Estados Unidos y sus aliados se han dado cuenta de que un enfoque militar por s\u00ed solo no puede lograr una soluci\u00f3n al problema afgano.<\/p>\n<p>Exigiendo una \u00abretirada incondicional\u00bb de las tropas extranjeras de Afganist\u00e1n, el influyente comandante militante a\u00f1ade que los intentos por dividir a los mujahideen en extremistas y moderados y celebrar conversaciones con algunos de ellos no tendr\u00e1n \u00e9xito, ya que la \u00abcausa ra\u00edz\u00bb del problema es la presencia de las tropas extranjeras en Afganist\u00e1n.<\/p>\n<p>El texto completo de este informe est\u00e1 a disposici\u00f3n de los subscriptores del Proyecto a la Amenaza Terrorista y Jihad de MEMRI.<\/p>\n<p>La informaci\u00f3n para suscribirse est\u00e1 disponible en <strong><a href=\"http:\/\/subscriptions.memri.org\/content\/en\/member_registr_jttm.htm\">este enlace<\/a><\/strong> .<\/p>\n<p>Los suscriptores del PSATJ pueden visitar <strong><a href=\"http:\/\/www.memrijttm.org\">www.memrijttm.org<\/a><\/strong> para ver el informe.<\/p>\n<\/div>\n","protected":false},"excerpt":{"rendered":"<p>En una reciente entrevista, Al-Haj Maulvi Jalaluddin Haqqani, el comandante militante principal quien tiene su base en la regi\u00f3n fronteriza de Afganist\u00e1n-Pakist\u00e1n, rechaz\u00f3 los informes de prensa de que su grupo de militantes no est\u00e1 unido bajo el liderazgo del Mullah Omar, el Emir de los talibanes en Afganist\u00e1n, diciendo que \u00abtodos los mujahideen est\u00e1n [&hellip;]<\/p>\n","protected":false},"author":1,"featured_media":0,"comment_status":"open","ping_status":"open","sticky":false,"template":"","format":"standard","meta":{"footnotes":""},"categories":[10,6],"tags":[],"class_list":["post-3335","post","type-post","status-publish","format-standard","hentry","category-estudios-sobre-terrorismo-y-yihad","category-comunicados-especiales"],"_links":{"self":[{"href":"https:\/\/www2.memri.org\/espanol\/wp-json\/wp\/v2\/posts\/3335","targetHints":{"allow":["GET"]}}],"collection":[{"href":"https:\/\/www2.memri.org\/espanol\/wp-json\/wp\/v2\/posts"}],"about":[{"href":"https:\/\/www2.memri.org\/espanol\/wp-json\/wp\/v2\/types\/post"}],"author":[{"embeddable":true,"href":"https:\/\/www2.memri.org\/espanol\/wp-json\/wp\/v2\/users\/1"}],"replies":[{"embeddable":true,"href":"https:\/\/www2.memri.org\/espanol\/wp-json\/wp\/v2\/comments?post=3335"}],"version-history":[{"count":0,"href":"https:\/\/www2.memri.org\/espanol\/wp-json\/wp\/v2\/posts\/3335\/revisions"}],"wp:attachment":[{"href":"https:\/\/www2.memri.org\/espanol\/wp-json\/wp\/v2\/media?parent=3335"}],"wp:term":[{"taxonomy":"category","embeddable":true,"href":"https:\/\/www2.memri.org\/espanol\/wp-json\/wp\/v2\/categories?post=3335"},{"taxonomy":"post_tag","embeddable":true,"href":"https:\/\/www2.memri.org\/espanol\/wp-json\/wp\/v2\/tags?post=3335"}],"curies":[{"name":"wp","href":"https:\/\/api.w.org\/{rel}","templated":true}]}}