{"id":3309,"date":"2009-11-18T00:00:00","date_gmt":"2009-11-18T00:00:00","guid":{"rendered":"http:\/\/www2.memri.org\/espanol\/2009\/11\/18\/los-talibanes-en-afganistan-urgen-apoyo-de-periodistas-reinstauren-sus-objetivos-como-fuerza-de-liberacion-islamica-los-mujahideen-quieren-establecer-un-sistema-islamico-basado-en-la-justicia-y\/"},"modified":"2016-01-14T15:47:22","modified_gmt":"2016-01-14T15:47:22","slug":"los-talibanes-en-afganistan-urgen-apoyo-de-periodistas-reinstauren-sus-objetivos-como-fuerza-de-liberacion-islamica-los-mujahideen-quieren-establecer-un-sistema-islamico-basado-en-la-justicia-y","status":"publish","type":"post","link":"https:\/\/www2.memri.org\/espanol\/los-talibanes-en-afganistan-urgen-apoyo-de-periodistas-reinstauren-sus-objetivos-como-fuerza-de-liberacion-islamica-los-mujahideen-quieren-establecer-un-sistema-islamico-basado-en-la-justicia-y\/3309","title":{"rendered":"Los talibanes en Afganist\u00e1n urgen apoyo de periodistas, reinstauren sus objetivos: \u00abComo fuerza de liberaci\u00f3n isl\u00e1mica, los mujahideen&#8230; quieren establecer un sistema isl\u00e1mico basado en la justicia y la igualdad y lograr la independencia del pa\u00eds en donde los afganos ser\u00e1n los due\u00f1os de su propio pa\u00eds y destino&#8217;"},"content":{"rendered":"<div class=\"bodytext c2\">\n<p class=\"c1\"><em><img loading=\"lazy\" decoding=\"async\" class=\"alignnone size-full wp-image-14990\" src=\"http:\/\/www2.memri.org\/espanol\/wp-content\/uploads\/2016\/01\/sp_2655_1-1.jpg\" width=\"648\" height=\"97\" srcset=\"https:\/\/www2.memri.org\/espanol\/wp-content\/uploads\/2016\/01\/sp_2655_1-1.jpg 648w, https:\/\/www2.memri.org\/espanol\/wp-content\/uploads\/2016\/01\/sp_2655_1-1-300x45.jpg 300w, https:\/\/www2.memri.org\/espanol\/wp-content\/uploads\/2016\/01\/sp_2655_1-1-600x90.jpg 600w\" sizes=\"auto, (max-width: 648px) 100vw, 648px\" \/><\/em><\/p>\n<p><em>El 14 de noviembre del 2009, el Emirato Isl\u00e1mico de Afganist\u00e1n, el gobierno de la sombra de los talibanes en el pa\u00eds, emiti\u00f3 un comunicado, acusando a los organismos de inteligencia extranjeros de lanzar una campa\u00f1a medi\u00e1tica para confundir al pueblo sobre los objetivos de los talibanes.<\/em><\/p>\n<p><em>En la declaraci\u00f3n, titulada \u00abLos Objetivos de los Mujahideen\u00bb, los talibanes afirmaron que despu\u00e9s de que Afganist\u00e1n sea liberado de las potencias extranjeras, establecer\u00e1n un sistema isl\u00e1mico en el pa\u00eds.<\/em><\/p>\n<p><em>Con el fin de converger el punto de vista de los talibanes a las masas, la declaraci\u00f3n tambi\u00e9n insta a los periodistas a formar grupos de apoyo mujahideen y emprender campa\u00f1as medi\u00e1ticas contra los talibanes.<\/em><\/p>\n<p>Para ver el informe completo, visite <a href=\"http:\/\/www.memrijttm.org\/content\/en\/report.htm?report=3747&amp;param=UPP\">http:\/\/www.memrijttm.org\/content\/en\/report.htm?report=3747&amp;param=UPP<\/a>.<\/p>\n<p>Para ver este informe usted debe ser miembro del Proyecto de Supervisi\u00f3n a la Amenaza Terrorista y Jihad (PSATJ). Para subscribirse al PSATJ, visite <a href=\"http:\/\/subscriptions.memri.org\/content\/en\/member_registr_jttm.htm\">http:\/\/subscriptions.memri.org\/content\/en\/member_registr_jttm.htm<\/a>.<\/p>\n<\/div>\n","protected":false},"excerpt":{"rendered":"<p>El 14 de noviembre del 2009, el Emirato Isl\u00e1mico de Afganist\u00e1n, el gobierno de la sombra de los talibanes en el pa\u00eds, emiti\u00f3 un comunicado, acusando a los organismos de inteligencia extranjeros de lanzar una campa\u00f1a medi\u00e1tica para confundir al pueblo sobre los objetivos de los talibanes. En la declaraci\u00f3n, titulada \u00abLos Objetivos de los [&hellip;]<\/p>\n","protected":false},"author":1,"featured_media":14990,"comment_status":"open","ping_status":"open","sticky":false,"template":"","format":"standard","meta":{"footnotes":""},"categories":[10,6],"tags":[],"class_list":["post-3309","post","type-post","status-publish","format-standard","has-post-thumbnail","hentry","category-estudios-sobre-terrorismo-y-yihad","category-comunicados-especiales"],"_links":{"self":[{"href":"https:\/\/www2.memri.org\/espanol\/wp-json\/wp\/v2\/posts\/3309","targetHints":{"allow":["GET"]}}],"collection":[{"href":"https:\/\/www2.memri.org\/espanol\/wp-json\/wp\/v2\/posts"}],"about":[{"href":"https:\/\/www2.memri.org\/espanol\/wp-json\/wp\/v2\/types\/post"}],"author":[{"embeddable":true,"href":"https:\/\/www2.memri.org\/espanol\/wp-json\/wp\/v2\/users\/1"}],"replies":[{"embeddable":true,"href":"https:\/\/www2.memri.org\/espanol\/wp-json\/wp\/v2\/comments?post=3309"}],"version-history":[{"count":0,"href":"https:\/\/www2.memri.org\/espanol\/wp-json\/wp\/v2\/posts\/3309\/revisions"}],"wp:featuredmedia":[{"embeddable":true,"href":"https:\/\/www2.memri.org\/espanol\/wp-json\/wp\/v2\/media\/14990"}],"wp:attachment":[{"href":"https:\/\/www2.memri.org\/espanol\/wp-json\/wp\/v2\/media?parent=3309"}],"wp:term":[{"taxonomy":"category","embeddable":true,"href":"https:\/\/www2.memri.org\/espanol\/wp-json\/wp\/v2\/categories?post=3309"},{"taxonomy":"post_tag","embeddable":true,"href":"https:\/\/www2.memri.org\/espanol\/wp-json\/wp\/v2\/tags?post=3309"}],"curies":[{"name":"wp","href":"https:\/\/api.w.org\/{rel}","templated":true}]}}