{"id":3307,"date":"2009-11-18T00:00:00","date_gmt":"2009-11-18T00:00:00","guid":{"rendered":"http:\/\/www2.memri.org\/espanol\/2009\/11\/18\/portavoz-taliban-advierte-de-ataques-a-organismos-pakistanies-espias-no-podemos-dejar-a-gente-inocente-a-merced-de-blackwater-y-sus-anfitriones-es-decir-la-inteligencia-pakistani\/"},"modified":"2009-11-18T00:00:00","modified_gmt":"2009-11-18T00:00:00","slug":"portavoz-taliban-advierte-de-ataques-a-organismos-pakistanies-espias-no-podemos-dejar-a-gente-inocente-a-merced-de-blackwater-y-sus-anfitriones-es-decir-la-inteligencia-pakistani","status":"publish","type":"post","link":"https:\/\/www2.memri.org\/espanol\/portavoz-taliban-advierte-de-ataques-a-organismos-pakistanies-espias-no-podemos-dejar-a-gente-inocente-a-merced-de-blackwater-y-sus-anfitriones-es-decir-la-inteligencia-pakistani\/3307","title":{"rendered":"Portavoz talib\u00e1n advierte de ataques a organismos pakistan\u00edes esp\u00edas: &#8216;No podemos dejar a gente inocente a merced de Blackwater y sus anfitriones [es decir, la inteligencia pakistan\u00ed]&#8217;"},"content":{"rendered":"<div class=\"bodytext c1\">\n<p><em>En un nuevo v\u00eddeo publicado por As-Sahab, la compa\u00f1\u00eda medi\u00e1tica de Al-Qaeda, el portavoz de Tehreek-e-Taliban Pakistan (Movimiento de los Talibanes Paquistan\u00edes) Azam Tariq, advirti\u00f3 de ataques contra la empresa de seguridad privada \u00abBlackwater y sus anfitriones en Pakist\u00e1n\u00bb.<\/em><\/p>\n<p><em>Culpar a las agencias secretas paquistan\u00edes y a Blackwater &#8211; una referencia al Servicio de Inteligencia Interno de Pakist\u00e1n (SII) &#8211; por los \u00faltimos atentados con bomba dirigidos al p\u00fablico en general en<\/em> <em>la Universidad Isl\u00e1mica<\/em> <em>Internacional de Islamabad y los mercados de Peshawar, el portavoz talib\u00e1n neg\u00f3 que la organizaci\u00f3n haya llevado a cabo los ataques.<\/em><\/p>\n<p><em>La declaraci\u00f3n se\u00f1ala que esos ataques ten\u00edan como objetivo crear \u00abdesconfianza y odio\u00bb en la comunidad musulmana, especialmente entre el pueblo de Pakist\u00e1n, contra los talibanes.<\/em><\/p>\n<p>Para ver el informe completo, visite <a href=\"http:\/\/www.memrijttm.org\/content\/en\/report.htm?report=3746%C2%B6m=UPP\">http:\/\/www.memrijttm.org\/content\/en\/report.htm?report=3746\u00b6m=UPP<\/a>.<\/p>\n<p>Para ver este informe usted debe ser miembro del Proyecto de Supervisi\u00f3n a la Amenaza Terrorista y Jihad (PSATJ). Para subscribirse al PSATJ, visite <a href=\"http:\/\/subscriptions.memri.org\/content\/en\/member_registr_jttm.htm\">http:\/\/subscriptions.memri.org\/content\/en\/member_registr_jttm.htm<\/a>.<\/p>\n<\/div>\n","protected":false},"excerpt":{"rendered":"<p>En un nuevo v\u00eddeo publicado por As-Sahab, la compa\u00f1\u00eda medi\u00e1tica de Al-Qaeda, el portavoz de Tehreek-e-Taliban Pakistan (Movimiento de los Talibanes Paquistan\u00edes) Azam Tariq, advirti\u00f3 de ataques contra la empresa de seguridad privada \u00abBlackwater y sus anfitriones en Pakist\u00e1n\u00bb. Culpar a las agencias secretas paquistan\u00edes y a Blackwater &#8211; una referencia al Servicio de Inteligencia [&hellip;]<\/p>\n","protected":false},"author":1,"featured_media":0,"comment_status":"open","ping_status":"open","sticky":false,"template":"","format":"standard","meta":{"footnotes":""},"categories":[10,6],"tags":[],"class_list":["post-3307","post","type-post","status-publish","format-standard","hentry","category-estudios-sobre-terrorismo-y-yihad","category-comunicados-especiales"],"_links":{"self":[{"href":"https:\/\/www2.memri.org\/espanol\/wp-json\/wp\/v2\/posts\/3307","targetHints":{"allow":["GET"]}}],"collection":[{"href":"https:\/\/www2.memri.org\/espanol\/wp-json\/wp\/v2\/posts"}],"about":[{"href":"https:\/\/www2.memri.org\/espanol\/wp-json\/wp\/v2\/types\/post"}],"author":[{"embeddable":true,"href":"https:\/\/www2.memri.org\/espanol\/wp-json\/wp\/v2\/users\/1"}],"replies":[{"embeddable":true,"href":"https:\/\/www2.memri.org\/espanol\/wp-json\/wp\/v2\/comments?post=3307"}],"version-history":[{"count":0,"href":"https:\/\/www2.memri.org\/espanol\/wp-json\/wp\/v2\/posts\/3307\/revisions"}],"wp:attachment":[{"href":"https:\/\/www2.memri.org\/espanol\/wp-json\/wp\/v2\/media?parent=3307"}],"wp:term":[{"taxonomy":"category","embeddable":true,"href":"https:\/\/www2.memri.org\/espanol\/wp-json\/wp\/v2\/categories?post=3307"},{"taxonomy":"post_tag","embeddable":true,"href":"https:\/\/www2.memri.org\/espanol\/wp-json\/wp\/v2\/tags?post=3307"}],"curies":[{"name":"wp","href":"https:\/\/api.w.org\/{rel}","templated":true}]}}