{"id":3306,"date":"2009-11-18T00:00:00","date_gmt":"2009-11-18T00:00:00","guid":{"rendered":"http:\/\/www2.memri.org\/espanol\/2009\/11\/18\/el-emirato-islamico-de-afganistan-en-referencia-al-exito-de-los-talibanes-en-afganistan-lo-que-los-supuestamente-llamados-protectores-de-los-derechos-humanos-estan-haciendo-no-es-democracia-sino-ter\/"},"modified":"2016-01-14T15:47:19","modified_gmt":"2016-01-14T15:47:19","slug":"el-emirato-islamico-de-afganistan-en-referencia-al-exito-de-los-talibanes-en-afganistan-lo-que-los-supuestamente-llamados-protectores-de-los-derechos-humanos-estan-haciendo-no-es-democracia-sino-ter","status":"publish","type":"post","link":"https:\/\/www2.memri.org\/espanol\/el-emirato-islamico-de-afganistan-en-referencia-al-exito-de-los-talibanes-en-afganistan-lo-que-los-supuestamente-llamados-protectores-de-los-derechos-humanos-estan-haciendo-no-es-democracia-sino-ter\/3306","title":{"rendered":"El Emirato Isl\u00e1mico de Afganist\u00e1n en referencia al \u00e9xito de los talibanes en Afganist\u00e1n: &#8216;Lo que los supuestamente llamados protectores de los derechos humanos est\u00e1n haciendo no es democracia sino terrorismo&#8217;"},"content":{"rendered":"<div class=\"bodytext bodytext c2\">\n<p class=\"c1\"><em><img loading=\"lazy\" decoding=\"async\" class=\"alignnone size-full wp-image-14987\" src=\"http:\/\/www2.memri.org\/espanol\/wp-content\/uploads\/2016\/01\/sp_2655_1.jpg\" width=\"648\" height=\"97\" srcset=\"https:\/\/www2.memri.org\/espanol\/wp-content\/uploads\/2016\/01\/sp_2655_1.jpg 648w, https:\/\/www2.memri.org\/espanol\/wp-content\/uploads\/2016\/01\/sp_2655_1-300x45.jpg 300w, https:\/\/www2.memri.org\/espanol\/wp-content\/uploads\/2016\/01\/sp_2655_1-600x90.jpg 600w\" sizes=\"auto, (max-width: 648px) 100vw, 648px\" \/><\/em><\/p>\n<p><em>El 16 de noviembre del 2009, el Emirato Isl\u00e1mico de Afganist\u00e1n, el gobierno en la sombra de los talibanes, emiti\u00f3 una declaraci\u00f3n se\u00f1alando que hab\u00eda triunfado sobre el ej\u00e9rcito m\u00e1s avanzado del mundo en Afganist\u00e1n. Acusando a los Estados Unidos y a Gran Breta\u00f1a de violaciones de derechos humanos en Afganist\u00e1n e Irak as\u00ed como tambi\u00e9n en Guant\u00e1namo, este dijo que las pol\u00edticas de estas naciones estaban destruyendo los \u00abvalores de la humanidad\u00bb que fueron logradas despu\u00e9s de largas luchas.<\/em><\/p>\n<p><em>La declaraci\u00f3n tambi\u00e9n se\u00f1ala que los Estados Unidos y las tropas extranjeras estaban utilizando las escuelas y cl\u00ednicas como puestos de seguridad, obligando a los talibanes a atacarlos.<\/em><\/p>\n<p>Para ver el informe completo, visite <a href=\"http:\/\/www.memrijttm.org\/content\/en\/report.htm?report=3745&amp;param=UPP\">http:\/\/www.memrijttm.org\/content\/en\/report.htm?report=3745\u00b6m=UPP<\/a>.<\/p>\n<p>Para ver este informe usted debe ser miembro del Proyecto de Supervisi\u00f3n a la Amenaza Terrorista y Jihad (PSATJ). Para subscribirse al PSATJ, visite <a href=\"http:\/\/subscriptions.memri.org\/content\/en\/member_registr_jttm.htm\">http:\/\/subscriptions.memri.org\/content\/en\/member_registr_jttm.htm<\/a>.<\/p>\n<\/div>\n","protected":false},"excerpt":{"rendered":"<p>El 16 de noviembre del 2009, el Emirato Isl\u00e1mico de Afganist\u00e1n, el gobierno en la sombra de los talibanes, emiti\u00f3 una declaraci\u00f3n se\u00f1alando que hab\u00eda triunfado sobre el ej\u00e9rcito m\u00e1s avanzado del mundo en Afganist\u00e1n. Acusando a los Estados Unidos y a Gran Breta\u00f1a de violaciones de derechos humanos en Afganist\u00e1n e Irak as\u00ed como [&hellip;]<\/p>\n","protected":false},"author":1,"featured_media":14987,"comment_status":"open","ping_status":"open","sticky":false,"template":"","format":"standard","meta":{"footnotes":""},"categories":[10,6],"tags":[],"class_list":["post-3306","post","type-post","status-publish","format-standard","has-post-thumbnail","hentry","category-estudios-sobre-terrorismo-y-yihad","category-comunicados-especiales"],"_links":{"self":[{"href":"https:\/\/www2.memri.org\/espanol\/wp-json\/wp\/v2\/posts\/3306","targetHints":{"allow":["GET"]}}],"collection":[{"href":"https:\/\/www2.memri.org\/espanol\/wp-json\/wp\/v2\/posts"}],"about":[{"href":"https:\/\/www2.memri.org\/espanol\/wp-json\/wp\/v2\/types\/post"}],"author":[{"embeddable":true,"href":"https:\/\/www2.memri.org\/espanol\/wp-json\/wp\/v2\/users\/1"}],"replies":[{"embeddable":true,"href":"https:\/\/www2.memri.org\/espanol\/wp-json\/wp\/v2\/comments?post=3306"}],"version-history":[{"count":0,"href":"https:\/\/www2.memri.org\/espanol\/wp-json\/wp\/v2\/posts\/3306\/revisions"}],"wp:featuredmedia":[{"embeddable":true,"href":"https:\/\/www2.memri.org\/espanol\/wp-json\/wp\/v2\/media\/14987"}],"wp:attachment":[{"href":"https:\/\/www2.memri.org\/espanol\/wp-json\/wp\/v2\/media?parent=3306"}],"wp:term":[{"taxonomy":"category","embeddable":true,"href":"https:\/\/www2.memri.org\/espanol\/wp-json\/wp\/v2\/categories?post=3306"},{"taxonomy":"post_tag","embeddable":true,"href":"https:\/\/www2.memri.org\/espanol\/wp-json\/wp\/v2\/tags?post=3306"}],"curies":[{"name":"wp","href":"https:\/\/api.w.org\/{rel}","templated":true}]}}