{"id":3301,"date":"2009-11-16T00:00:00","date_gmt":"2009-11-16T00:00:00","guid":{"rendered":"http:\/\/www2.memri.org\/espanol\/2009\/11\/16\/lider-de-la-nacion-del-islam-louis-farrakhan-discute-tema-del-atacante-de-fort-hood-mayor-nidal-hasan-en-al-jazeera-tv\/"},"modified":"2009-11-16T00:00:00","modified_gmt":"2009-11-16T00:00:00","slug":"lider-de-la-nacion-del-islam-louis-farrakhan-discute-tema-del-atacante-de-fort-hood-mayor-nidal-hasan-en-al-jazeera-tv","status":"publish","type":"post","link":"https:\/\/www2.memri.org\/espanol\/lider-de-la-nacion-del-islam-louis-farrakhan-discute-tema-del-atacante-de-fort-hood-mayor-nidal-hasan-en-al-jazeera-tv\/3301","title":{"rendered":"&#8216;L\u00edder de la Naci\u00f3n del Islam Louis Farrakhan discute tema del atacante de Fort Hood Mayor Nidal Hasan en Al-Jazeera TV"},"content":{"rendered":"<div class=\"bodytext c1\">\n<p><em>Lo siguiente son extractos de una entrevista con el l\u00edder de la \u00abNaci\u00f3n del Islam\u00bb, Louis Farrakhan, que fue presentada en Al-Jazeera TV el 6 de noviembre, 2009. Los subt\u00edtulos le siguen a su ingl\u00e9s original, donde sea audible.<\/em><\/p>\n<p><em>Para ver este segmento de video en MEMRI TV, visite <a href=\"http:\/\/www.memritv.org\/clip\/en\/2271.htm\">http:\/\/www.memritv.org\/clip\/en\/2271.htm<\/a>.<\/em><\/p>\n<p><strong>Entrevistador<\/strong>: \u00abComencemos con los desarrollos m\u00e1s recientes en el frente estadounidense, y la discriminaci\u00f3n racial contra los musulmanes y su persecuci\u00f3n &#8211; el incidente asociado con el Sr. Hasan Nidal, un psiquiatra musulm\u00e1n de origen \u00e1rabe, quien asesin\u00f3 a 13 soldados en la base norteamericana de Fort Hood. \u00bfEn qu\u00e9 medida este hecho podr\u00eda afectar a los musulmanes en los Estados Unidos y hacerlos blanco de persecuci\u00f3n?\u00bb<\/p>\n<p>[&#8230;]<\/p>\n<p><strong>Louis Farrakhan<\/strong>: \u00abComo ustedes saben, desde el 11 de Septiembre, en los Estados Unidos y en otras partes del mundo, esas fuerzas anti-isl\u00e1micas han intensificado sus esfuerzos para hacer de los musulmanes&#8230; para causar que los musulmanes sean vistos como incivilizados, salvajes o gente malvada. Este es un intento por parte de las fuerzas anti-isl\u00e1micas y algunos miembros de la comunidad jud\u00eda, y algunos miembros de la comunidad cristiana, quienes se han unido para condenar al Islam y hablar mal de nuestro Profeta Muhammad e incluso hasta llegar a decir que los musulmanes adoran al demonio.<\/p>\n<p>[&#8230;]<\/p>\n<p>\u00abEs porque, mis queridos hermanos y hermanas, el Islam est\u00e1 avanzando mucho en los Estados Unidos y esas fuerzas anti-isl\u00e1micas est\u00e1n tratando de detener la ola de progreso del Islam.<\/p>\n<p>[&#8230;]<\/p>\n<p>\u00abEste reciente y desafortunado evento, que tuvo lugar en la base Fort Hood en Texas, s\u00f3lo ha a\u00f1adido m\u00e1s le\u00f1a al fuego. En nombre de todos los musulmanes en el mundo musulm\u00e1n, estamos tristes por la p\u00e9rdida de estos 13 soldados estadounidenses y por los 30 otros que fueron heridos en el incidente. Ning\u00fan ser humano se complace en ver ese tipo de masacre, que brota de un oficial compa\u00f1ero en el ej\u00e9rcito de los Estados Unidos.<\/p>\n<p>\u00abSin embargo, tenemos que observar al Mayor Nidal Hasan. \u00bfQu\u00e9 le sucedi\u00f3? \u00bfA qu\u00e9 tipo de estr\u00e9s estaba sumido? \u00bfQu\u00e9 tipo de insultos hab\u00eda padecido?<\/p>\n<p>[&#8230;]<\/p>\n<p>\u00abCuando existen musulmanes que aman a Estados Unidos, y se unen a las fuerzas armadas para proteger a los Estados Unidos, y para servir a los intereses de los Estados Unidos, y luego Estados Unidos, desafortunadamente, en virtud de las mentiras de George W. Bush, lanza ataques contra Irak y contra Afganist\u00e1n y ahora, esos soldados est\u00e1n matando musulmanes&#8230; As\u00ed que cuando van a la guerra en Irak y Afganist\u00e1n, el tipo de odio que es construido en las fuerzas estadounidenses, cuando llaman a los musulmanes &#8216;cabezas de chorlito&#8217; y &#8216;negros del desierto&#8217;, y luego, en la prisi\u00f3n Abu Ghureib, las mujeres musulmanas fueron violadas y los hombres musulmanes sodomizados&#8230; Todo esto afecta a los musulmanes que sirven en el ej\u00e9rcito. Entonces cuando usted est\u00e1 siendo insultado por sus superiores o por sus compa\u00f1eros, en alg\u00fan momento, una persona puede quebrarse. Desafortunadamente, creo que esto es lo que le ocurri\u00f3 al Capit\u00e1n [sic] Nidal Hasan\u00bb.<\/p>\n<p>[&#8230;]<\/p>\n<p><strong>Entrevistador<\/strong>: \u00abQuiero aprovechar esta llamada telef\u00f3nica de Alemania. Sr. Jibril\u00bb.<\/p>\n<p><strong>Sr. Jibril<\/strong> <em>(por tel\u00e9fono)<\/em>: \u00abHola. Tengo una pregunta compleja, que me gustar\u00eda me dejara terminar. Est\u00e1 dirigida al Sr. Farrakhan\u00bb.<\/p>\n<p><strong>Entrevistador<\/strong>: \u00abAdelante\u00bb.<\/p>\n<p><strong>Sr. Jibril<\/strong>: \u00abLos africanos en Norteam\u00e9rica &#8211; o m\u00e1s bien, los afroamericanos &#8211; fueron sometidos durante muchos a\u00f1os, y llevaron a cabo una lucha muy larga por la justicia y la igualdad, por lo que, de todos los pueblos, entienden mejor el tema de la justicia y la igualdad. Usted est\u00e1 visitando Tr\u00edpoli. Usted est\u00e1, de hecho, visitando un r\u00e9gimen tir\u00e1nico, el cual est\u00e1 sometiendo a los libios y saqueando su dinero. Usted est\u00e1 recibiendo dinero impuro, saqueado del pueblo libio. Usted lo est\u00e1 recibiendo de Al-Gaddafi. Hace a\u00f1os, Al-Gadafi asesin\u00f3 a 1.200 presos pol\u00edticos libios en cuesti\u00f3n de horas. Los aniquil\u00f3. Entonces \u00bfc\u00f3mo puede usted aceptar esto en nombre del Islam, y en nombre de nuestros hermanos afroamericanos, quienes han probado tales sufrimientos? \u00bfC\u00f3mo puede usted aceptar dinero impuro de un tirano?\u00bb<\/p>\n<p><strong>Entrevistador<\/strong>: \u00abEntendemos la idea. \u00bfTiene usted alguna otra pregunta? Adelante, Sr. Louis Farrakhan\u00bb.<\/p>\n<p><strong>Louis Farrakhan<\/strong>: \u00abLe estoy diciendo a usted, se\u00f1or, de que no estamos saqueando las riquezas de Tr\u00edpoli o Libia. Libia no nos est\u00e1 ofreciendo dinero. El progreso que hemos logrado en los Estados Unidos es recolectando monedas de cinco centavos, diez centavos y los d\u00f3lares de los pobres que apoyaron a Louis Farrakhan y a la Naci\u00f3n del Islam. D\u00e9jame preguntarle esto, mi querido hermano. \u00bfExiste alg\u00fan l\u00edder, rey, gobernante en todo el mundo que no sea culpable de alg\u00fan pecado?\u00bb<\/p>\n<\/div>\n","protected":false},"excerpt":{"rendered":"<p>Lo siguiente son extractos de una entrevista con el l\u00edder de la \u00abNaci\u00f3n del Islam\u00bb, Louis Farrakhan, que fue presentada en Al-Jazeera TV el 6 de noviembre, 2009. Los subt\u00edtulos le siguen a su ingl\u00e9s original, donde sea audible. Para ver este segmento de video en MEMRI TV, visite http:\/\/www.memritv.org\/clip\/en\/2271.htm. Entrevistador: \u00abComencemos con los desarrollos [&hellip;]<\/p>\n","protected":false},"author":1,"featured_media":0,"comment_status":"open","ping_status":"open","sticky":false,"template":"","format":"standard","meta":{"footnotes":""},"categories":[6,11],"tags":[],"class_list":["post-3301","post","type-post","status-publish","format-standard","hentry","category-comunicados-especiales","category-e-u-a-y-el-medio-oriente"],"_links":{"self":[{"href":"https:\/\/www2.memri.org\/espanol\/wp-json\/wp\/v2\/posts\/3301","targetHints":{"allow":["GET"]}}],"collection":[{"href":"https:\/\/www2.memri.org\/espanol\/wp-json\/wp\/v2\/posts"}],"about":[{"href":"https:\/\/www2.memri.org\/espanol\/wp-json\/wp\/v2\/types\/post"}],"author":[{"embeddable":true,"href":"https:\/\/www2.memri.org\/espanol\/wp-json\/wp\/v2\/users\/1"}],"replies":[{"embeddable":true,"href":"https:\/\/www2.memri.org\/espanol\/wp-json\/wp\/v2\/comments?post=3301"}],"version-history":[{"count":0,"href":"https:\/\/www2.memri.org\/espanol\/wp-json\/wp\/v2\/posts\/3301\/revisions"}],"wp:attachment":[{"href":"https:\/\/www2.memri.org\/espanol\/wp-json\/wp\/v2\/media?parent=3301"}],"wp:term":[{"taxonomy":"category","embeddable":true,"href":"https:\/\/www2.memri.org\/espanol\/wp-json\/wp\/v2\/categories?post=3301"},{"taxonomy":"post_tag","embeddable":true,"href":"https:\/\/www2.memri.org\/espanol\/wp-json\/wp\/v2\/tags?post=3301"}],"curies":[{"name":"wp","href":"https:\/\/api.w.org\/{rel}","templated":true}]}}