{"id":3193,"date":"2009-09-23T00:00:00","date_gmt":"2009-09-23T00:00:00","guid":{"rendered":"http:\/\/www2.memri.org\/espanol\/2009\/09\/23\/nuevo-video-de-al-qaeda-occidente-y-el-tunel-oscuro-el-11-de-septiembre-ocasiono-la-crisis-economica-alemania-en-la-mira-obama-continua-con-las-politicas-de-bush-parte-i\/"},"modified":"2016-01-14T15:47:51","modified_gmt":"2016-01-14T15:47:51","slug":"nuevo-video-de-al-qaeda-occidente-y-el-tunel-oscuro-el-11-de-septiembre-ocasiono-la-crisis-economica-alemania-en-la-mira-obama-continua-con-las-politicas-de-bush-parte-i","status":"publish","type":"post","link":"https:\/\/www2.memri.org\/espanol\/nuevo-video-de-al-qaeda-occidente-y-el-tunel-oscuro-el-11-de-septiembre-ocasiono-la-crisis-economica-alemania-en-la-mira-obama-continua-con-las-politicas-de-bush-parte-i\/3193","title":{"rendered":"Nuevo video de Al-Qaeda \u00abOccidente y el T\u00fanel Oscuro\u00bb: El 11 de Septiembre ocasion\u00f3 la crisis econ\u00f3mica; Alemania en la mira; Obama continua con las pol\u00edticas de Bush (Parte I)"},"content":{"rendered":"<div class=\"bodytext c2\"><!--Document Body --><\/p>\n<div class=\"bodytext c2\">\n<p><em>El ala medi\u00e1tica de Al-Qaeda Al-Sahab dio a conocer el 22 de septiembre del 2009, un extenso v\u00eddeo titulado \u00abOccidente y el T\u00fanel Oscuro\u00bb, en honor al octavo aniversario de los ataques del 11 de Septiembre. Con la excepci\u00f3n de bin Laden &#8211; quien grab\u00f3 un mensaje de audio separado dado a conocer m\u00e1s temprano &#8211; todos los miembros del alto mando de Al Qaeda hicieron apariciones:<\/em><\/p>\n<p><em>Ayman Al-Zawahiri, Abu Yahya Al-Libi, Mustafa Abu Al-Yazid, Adam Gadahn y Lewis &#8216;Atiyat Allah. El video tambi\u00e9n destaca las declaraciones del jefe de las franquicias de Al-Qaeda, tales como el argelino Abu Mus&#8217;ab &#8216;Abd Al-Wadoud, y el Emir del Estado Isl\u00e1mico de Irak, Abu Omar Al-Baghdadi.<\/em><\/p>\n<p><em>A continuaci\u00f3n se presenta un informe sobre la primera mitad del v\u00eddeo, el cual trata con Estados Unidos y Occidente. Un informe sobre la segunda mitad, que destaca los diversos escenarios del jihad (Afganist\u00e1n, Irak, Somalia, etc.), ser\u00e1 presentado luego.<\/em><\/p>\n<p><em>Este v\u00eddeo est\u00e1 disponible bajo pedido para todos los suscriptores del PSATJ.<\/em><\/p>\n<p><strong>El 11 de Septiembre y la crisis econ\u00f3mica mundial<\/strong><\/p>\n<p>El primer segmento del video est\u00e1 dedicado a la idea de que los ataques del 11 de Septiembre y las guerras que vinieron como consecuencia de estos fueron la verdadera causa de la crisis econ\u00f3mica mundial&hellip;<\/p>\n<p class=\"c1\"><img loading=\"lazy\" decoding=\"async\" class=\"alignnone size-full wp-image-15088\" src=\"http:\/\/www2.memri.org\/espanol\/wp-content\/uploads\/2016\/01\/sp_2559_1.jpg\" width=\"292\" height=\"231\" \/><img loading=\"lazy\" decoding=\"async\" class=\"alignnone size-full wp-image-15091\" src=\"http:\/\/www2.memri.org\/espanol\/wp-content\/uploads\/2016\/01\/sp_2559_2.jpg\" width=\"292\" height=\"231\" \/><br \/><img loading=\"lazy\" decoding=\"async\" class=\"alignnone size-full wp-image-15093\" src=\"http:\/\/www2.memri.org\/espanol\/wp-content\/uploads\/2016\/01\/sp_2559_3.jpg\" width=\"292\" height=\"231\" \/><img loading=\"lazy\" decoding=\"async\" class=\"alignnone size-full wp-image-15094\" src=\"http:\/\/www2.memri.org\/espanol\/wp-content\/uploads\/2016\/01\/sp_2559_4.jpg\" width=\"292\" height=\"231\" \/><\/p>\n<p><em>Para ver el informe completo, visite <a href=\"http:\/\/www.memrijttm.org\/content\/en\/report.htm?report=3635&amp;param=APT\">http:\/\/www.memrijttm.org\/content\/en\/report.htm?report=3635\u00b6m=APT<\/a>.<\/em><\/p>\n<p><em>MEMRI introdujo recientemente una nueva oportunidad para subscribirse al PSATJ: Los suscriptores pueden recibir el Bolet\u00edn Semanal del PSATJ directamente a su bandeja de entrada, por una cuota m\u00ednima anual de $ 99. El Compendio incluye las noticias m\u00e1s importantes de la semana y el material pertinente del PSATJ.<\/em><\/p>\n<p><em>Muy pronto descontinuaremos los comunicados por correo electr\u00f3nico del PSATJ, como el que usted est\u00e1 leyendo ahora a los no abonados. En ese momento, s\u00f3lo los suscriptores que han abonado recibir\u00e1n los comunicados del PSATJ y la cuota de suscripci\u00f3n anual ser\u00e1 incrementada a $ 125.00.<\/em><\/p>\n<p><em>Disfrute de nuestra oferta especial introductoria de $ 99 del Compendio Semanal del PSATJ ahora!<\/em><\/p>\n<p><em>Para ver una muestra del Bolet\u00edn Semanal del PSATJ visite <a href=\"http:\/\/www.memrijttm.org\/demo\">www.memrijttm.org\/demo<\/a>. Para suscribirse al Compendio, visite nuestra p\u00e1gina de pago seguro en la direcci\u00f3n <a href=\"https:\/\/secure3.convio.net\/memri\/site\/Donation2?df_id=1253&amp;1253.donation=form1\">https:\/\/secure3.convio.net\/memri\/site\/Donation2?df_id=1253&amp;1253.donation=form1<\/a> o env\u00ede un correo electr\u00f3nico a <a href=\"mailto:jttmsubs@memri.org\">jttmsubs@memri.org<\/a> con la palabra \u00abinformaci\u00f3n de suscripci\u00f3n\u00bb en la l\u00ednea del tema.<\/em><\/p>\n<\/div>\n<\/div>\n","protected":false},"excerpt":{"rendered":"<p>El ala medi\u00e1tica de Al-Qaeda Al-Sahab dio a conocer el 22 de septiembre del 2009, un extenso v\u00eddeo titulado \u00abOccidente y el T\u00fanel Oscuro\u00bb, en honor al octavo aniversario de los ataques del 11 de Septiembre. Con la excepci\u00f3n de bin Laden &#8211; quien grab\u00f3 un mensaje de audio separado dado a conocer m\u00e1s temprano [&hellip;]<\/p>\n","protected":false},"author":1,"featured_media":15088,"comment_status":"open","ping_status":"open","sticky":false,"template":"","format":"standard","meta":{"footnotes":""},"categories":[10,6],"tags":[],"class_list":["post-3193","post","type-post","status-publish","format-standard","has-post-thumbnail","hentry","category-estudios-sobre-terrorismo-y-yihad","category-comunicados-especiales"],"_links":{"self":[{"href":"https:\/\/www2.memri.org\/espanol\/wp-json\/wp\/v2\/posts\/3193","targetHints":{"allow":["GET"]}}],"collection":[{"href":"https:\/\/www2.memri.org\/espanol\/wp-json\/wp\/v2\/posts"}],"about":[{"href":"https:\/\/www2.memri.org\/espanol\/wp-json\/wp\/v2\/types\/post"}],"author":[{"embeddable":true,"href":"https:\/\/www2.memri.org\/espanol\/wp-json\/wp\/v2\/users\/1"}],"replies":[{"embeddable":true,"href":"https:\/\/www2.memri.org\/espanol\/wp-json\/wp\/v2\/comments?post=3193"}],"version-history":[{"count":0,"href":"https:\/\/www2.memri.org\/espanol\/wp-json\/wp\/v2\/posts\/3193\/revisions"}],"wp:featuredmedia":[{"embeddable":true,"href":"https:\/\/www2.memri.org\/espanol\/wp-json\/wp\/v2\/media\/15088"}],"wp:attachment":[{"href":"https:\/\/www2.memri.org\/espanol\/wp-json\/wp\/v2\/media?parent=3193"}],"wp:term":[{"taxonomy":"category","embeddable":true,"href":"https:\/\/www2.memri.org\/espanol\/wp-json\/wp\/v2\/categories?post=3193"},{"taxonomy":"post_tag","embeddable":true,"href":"https:\/\/www2.memri.org\/espanol\/wp-json\/wp\/v2\/tags?post=3193"}],"curies":[{"name":"wp","href":"https:\/\/api.w.org\/{rel}","templated":true}]}}