{"id":319,"date":"2002-07-09T00:00:00","date_gmt":"2002-07-09T00:00:00","guid":{"rendered":"http:\/\/www2.memri.org\/espanol\/2002\/07\/09\/arabe-norteamericano-osama-bin-laden-es-mi-hroe\/"},"modified":"2002-07-09T00:00:00","modified_gmt":"2002-07-09T00:00:00","slug":"arabe-norteamericano-osama-bin-laden-es-mi-hroe","status":"publish","type":"post","link":"https:\/\/www2.memri.org\/espanol\/arabe-norteamericano-osama-bin-laden-es-mi-hroe\/319","title":{"rendered":"Arabe-Norteamericano: \u00abOsama Bin Laden Es Mi H&eacute;roe&#8217;"},"content":{"rendered":"<div class=\"bodytext c1\"><!-- Excerpts --><\/p>\n<p><em><strong>El diario londinense en \u00e1rabe Al-Quds Al-Arabi<\/strong> public\u00f3 una carta al editor firmada por un <strong>residente californiano, Muhammad Amin Salameh<\/strong>, con el encabezado: \u00abSi los Norteamericanos Tienen a sus H\u00e9roes, Nosotros Tenemos los Nuestros.\u00bb La carta dec\u00eda:<\/em> <!-- Document Body --><\/p>\n<p>\u00abAl Editor: Bendiciones,\u00bb<\/p>\n<p>\u00abEsos norteamericanos y otros, a quienes la mayor\u00eda de los pueblos del mundo consideran criminales de guerra, de quienes se han hecho pel\u00edculas&hellip; se han escrito libros, se realizan celebraciones y simposios en su memoria y se imprimen timbres postales con su imagen y sus nombres para conmemorarlos, glorificarlos y mantener su memoria viva.\u00bb<\/p>\n<p>\u00abTodo esto se ha hecho a pesar de que directa o indirectamente asesinaron a decenas de miles, si no millones, de inocentes. Entre ellos est\u00e1n los que lanzaron la bomba at\u00f3mica en Hiroshima y Nagasaki en agosto de 1945; tambi\u00e9n los generales que dirigieron la Segunda Guerra Mundial y participaron en la destrucci\u00f3n de ciudades enteras en Alemania y Jap\u00f3n, entre ellos est\u00e1n los que participaron y dirigieron la guerra sucia en Vietnam y mataron o causaron el aniquilamiento de cientos de miles de inocentes, mujeres, ni\u00f1os y ancianos indefensos; entre ellos est\u00e1n quienes asesinaron o causaron la muerte de nuestros hermanos e Irak en la Guerra del Golfo en 1991. Algunos son los dirigentes de la actual administraci\u00f3n norteamericana &#8211; por ejemplo el <strong>Vicepresidente Dick Cheney<\/strong>, que era secretario de defensa en aquel entonces.\u00bb<\/p>\n<p>\u00abA pesar de todo esto, los \u00e1rabes y musulmanes de hoy en d\u00eda son criticados porque consideran a una persona en particular uno de nuestros h\u00e9roes y son criticados porque Am\u00e9rica califica a esa persona de terrorista. Es cierto que nuestra historia esta llena de h\u00e9roes y hombres valientes, pero \u00bfque sucede con nuestra generaci\u00f3n?\u00bb<\/p>\n<p>\u00abA decir verdad, nuestra generaci\u00f3n est\u00e1 llena de h\u00e9roes y hombres valientes -algunos de ellos son conocidos entre los pueblos \u00e1rabes e isl\u00e1micos, algunos son menos conocidos, y algunos son familiares solo a una peque\u00f1a minor\u00eda.\u00bb<\/p>\n<p>\u00abCada palestino que muere en una operaci\u00f3n suicida es un h\u00e9roe, cada palestino asesinado mientras se resiste al enemigo (las fuerzas israel\u00edes) es un h\u00e9roe; todos los que pelearon en contra de las fuerzas sovi\u00e9ticas en Afganist\u00e1n, afganos y otros, son h\u00e9roes; todos los que pelean en contra de Am\u00e9rica actualmente en Afganist\u00e1n y en otros lugares tambi\u00e9n son h\u00e9roes ante los ojos de algunos; todos los que se rehusaron a someterse a los dictados de los norteamericanos y a sacrificar su gobierno &#8211; por ejemplo <strong>Mullah Muhammad Omar y el Taliban<\/strong> &#8211; son h\u00e9roes ante los ojos de su pueblo y sus seguidores. Todo aquel que se levanta en contra de la arrogancia y la tiran\u00eda norteamericana y les causa temor tambi\u00e9n es un h\u00e9roe ante los ojos de algunos.\u00bb<\/p>\n<p>\u00ab<strong>El Jeque Osama bin Laden<\/strong>, quien prefiri\u00f3 el Yihad y la vida en las monta\u00f1as y las cuevas en vez de los placeres de este mundo transitorio&hellip;. a pesar de que es un hombre rico, hijo de hombres ricos &#8211; es uno de nuestros nobles h\u00e9roes a quienes la historia y las generaciones venideras reconocer\u00e1n como la persona que le devolvi\u00f3 el honor a la naci\u00f3n isl\u00e1mica. Nadie puede monopolizar la historia ni distorsionar la verdad todo el tiempo. Es mi derecho como \u00e1rabe y musulm\u00e1n escoger a mis h\u00e9roes, tal y como lo hacen los norteamericanos.\u00bb<\/p>\n<p>\u00abPor lo tanto les digo, en el mas alto tono de voz, que <strong>Osama bin Laden<\/strong> es el h\u00e9roe de esta generaci\u00f3n.<\/p>\n<p>-Muhammad Amin Salameh, California.<a href=\"#_edn1\">[1]<\/a><\/p>\n<\/div>\n<hr noshade=\"noshade\" \/><!-- footnotes --><\/p>\n<div class=\"bodynews c1\">\n<p><a name=\"_edn1\"><\/a>[1] <em>Al-Quds Al-Arabi<\/em> (Londres), Julio 5, 2002.<\/p>\n<\/div>\n","protected":false},"excerpt":{"rendered":"<p>El diario londinense en \u00e1rabe Al-Quds Al-Arabi public\u00f3 una carta al editor firmada por un residente californiano, Muhammad Amin Salameh, con el encabezado: \u00abSi los Norteamericanos Tienen a sus H\u00e9roes, Nosotros Tenemos los Nuestros.\u00bb La carta dec\u00eda: \u00abAl Editor: Bendiciones,\u00bb \u00abEsos norteamericanos y otros, a quienes la mayor\u00eda de los pueblos del mundo consideran criminales [&hellip;]<\/p>\n","protected":false},"author":1,"featured_media":0,"comment_status":"open","ping_status":"open","sticky":false,"template":"","format":"standard","meta":{"footnotes":""},"categories":[10,19,6],"tags":[],"class_list":["post-319","post","type-post","status-publish","format-standard","hentry","category-estudios-sobre-terrorismo-y-yihad","category-egipto","category-comunicados-especiales"],"_links":{"self":[{"href":"https:\/\/www2.memri.org\/espanol\/wp-json\/wp\/v2\/posts\/319","targetHints":{"allow":["GET"]}}],"collection":[{"href":"https:\/\/www2.memri.org\/espanol\/wp-json\/wp\/v2\/posts"}],"about":[{"href":"https:\/\/www2.memri.org\/espanol\/wp-json\/wp\/v2\/types\/post"}],"author":[{"embeddable":true,"href":"https:\/\/www2.memri.org\/espanol\/wp-json\/wp\/v2\/users\/1"}],"replies":[{"embeddable":true,"href":"https:\/\/www2.memri.org\/espanol\/wp-json\/wp\/v2\/comments?post=319"}],"version-history":[{"count":0,"href":"https:\/\/www2.memri.org\/espanol\/wp-json\/wp\/v2\/posts\/319\/revisions"}],"wp:attachment":[{"href":"https:\/\/www2.memri.org\/espanol\/wp-json\/wp\/v2\/media?parent=319"}],"wp:term":[{"taxonomy":"category","embeddable":true,"href":"https:\/\/www2.memri.org\/espanol\/wp-json\/wp\/v2\/categories?post=319"},{"taxonomy":"post_tag","embeddable":true,"href":"https:\/\/www2.memri.org\/espanol\/wp-json\/wp\/v2\/tags?post=319"}],"curies":[{"name":"wp","href":"https:\/\/api.w.org\/{rel}","templated":true}]}}