{"id":31742,"date":"2017-07-21T15:29:36","date_gmt":"2017-07-21T19:29:36","guid":{"rendered":"http:\/\/www2.memri.org\/espanol\/?p=31742"},"modified":"2017-07-24T15:39:55","modified_gmt":"2017-07-24T19:39:55","slug":"academico-egipcio-aleman-dr-hamed-abdel-samad-discute-trato-de-los-judios-en-el-coran-y-la-persecucion-de-los-cristianos-en-egipto","status":"publish","type":"post","link":"https:\/\/www2.memri.org\/espanol\/academico-egipcio-aleman-dr-hamed-abdel-samad-discute-trato-de-los-judios-en-el-coran-y-la-persecucion-de-los-cristianos-en-egipto\/31742","title":{"rendered":"Acad\u00e9mico egipcio-alem\u00e1n Dr. Hamed Abdel-Samad discute trato de los jud\u00edos en el Cor\u00e1n y la persecuci\u00f3n de los cristianos en Egipto"},"content":{"rendered":"<p><em>El Dr. Hamed Abdel-Samad es un cient\u00edfico pol\u00edtico alem\u00e1n-egipcio y autor. En el 2013, un cl\u00e9rigo egipcio pidi\u00f3 su asesinato por cargos de hereje a sus declaraciones sobre el Islam.<a href=\"#_edn1\" name=\"_ednref1\"><strong>[1]<\/strong><\/a> La serie de conferencias en la red del Dr. Abdel-Samad est\u00e1 disponible en su canal YouTube &#8216;Caja del Islam&#8217;, creado en el 2015 y hasta el momento de este escrito, cuenta con m\u00e1s de 47.000 suscriptores y cerca de 11 millones de personas han sido vistos sus videos. En los dos videos de MEMRI TV debajo que fueron tomados de esa serie de conferencias, el Dr. Abdel-Samad discute el tratamiento de los jud\u00edos en el Cor\u00e1n y la persecuci\u00f3n de los cristianos en Egipto.<\/em><\/p>\n<p><em>El Dr. Abdel-Samad discute, en una conferencia publicada el 27 de febrero, 2017, La persecuci\u00f3n de los cristianos en Egipto por los islamistas y las autoridades. Al rechazar la afirmaci\u00f3n de que el terrorismo est\u00e1 arraigado en la opresi\u00f3n y la injusticia, Abdel-Samad se\u00f1al\u00f3 que los coptos y yazidis no se convierten en terroristas a pesar de verse oprimidos: \u00abEl terrorismo es causado por una ideolog\u00eda que deriva de las ra\u00edces textuales de su religi\u00f3n y no de la interpretaci\u00f3n de estos textos, sino de los propios textos\u00bb, este a\u00f1ade.<\/em><\/p>\n<p><em>En una conferencia publicada el 7 de noviembre, 2016, El Dr. Abdel-Samad dice que toda una tribu fue castigada por lo que el Profeta Mahoma percib\u00eda como las intenciones de un solo hombre. \u00abO simplemente invent\u00f3 esto o escuch\u00f3 voces dentro de su paranoica cabeza alucinando\u00bb, dijo Abdel-Samad sobre el Profeta Mahoma y pregunta: \u00ab\u00bfEs esta la l\u00f3gica divina de Al\u00e1, que se proclam\u00f3 As\u00ed Mismo Misericordioso?\u00bb Este agreg\u00f3: \u00abNuestro Se\u00f1or bendice el robo, el santo robo sobre el cual tiene base toda la econom\u00eda isl\u00e1mica\u00bb.<\/em><\/p>\n<p><a href=\"https:\/\/www.memri.org\/tv\/egyptian-german-scholar-hamed-abdel-samed-persecution-christians-egypt\"><strong><em>Vea la conferencia del Dr. Abdel-Samad del 27 de febrero, 2017 en MEMRI TV:<\/em><\/strong><\/a><\/p>\n<p><iframe src=\"https:\/\/www.memri.org\/player\/clip\/37023\/780,440\/1\" width=\"780\" height=\"440\" frameborder=\"0\"><\/iframe><\/p>\n<p><a href=\"https:\/\/www.memri.org\/tv\/hamed-abdel-samad-lord-blessing-stealing-prophet-muhammad-hallucinating\"><strong><em>Vea la conferencia del Dr. Abdel-Samad del 7 de noviembre, 2016 en MEMRI TV:<\/em><\/strong><\/a><\/p>\n<p><iframe src=\"https:\/\/www.memri.org\/player\/clip\/36983\/780,440\/1\" width=\"780\" height=\"440\" frameborder=\"0\"><\/iframe><\/p>\n<p><em>A continuaci\u00f3n las transcripciones de los clips<\/em>:<\/p>\n<p><strong>MEMRI TV Clip No. 6112: Acad\u00e9mico egipcio-alem\u00e1n Hamed Abdel-Samad sobre el tema de la persecuci\u00f3n de cristianos en Egipto: El terrorismo est\u00e1 arraigado en los textos isl\u00e1micos y no en su interpretaci\u00f3n &#8211; 27 de febrero, 2017<\/strong><\/p>\n<p><strong>Hamed Abdel-Samad<\/strong>: \u00abLa minor\u00eda [copta] est\u00e1 humillada, porque no existe la igualdad. Esto ha sucedido una y otra vez. No es la primera vez.<\/p>\n<p><img loading=\"lazy\" decoding=\"async\" class=\"alignnone size-full wp-image-31773\" src=\"http:\/\/www2.memri.org\/espanol\/wp-content\/uploads\/2017\/07\/MTV6112_0-3.jpg\" width=\"917\" height=\"494\" alt=\"\" srcset=\"https:\/\/www2.memri.org\/espanol\/wp-content\/uploads\/2017\/07\/MTV6112_0-3.jpg 917w, https:\/\/www2.memri.org\/espanol\/wp-content\/uploads\/2017\/07\/MTV6112_0-3-300x162.jpg 300w, https:\/\/www2.memri.org\/espanol\/wp-content\/uploads\/2017\/07\/MTV6112_0-3-768x414.jpg 768w, https:\/\/www2.memri.org\/espanol\/wp-content\/uploads\/2017\/07\/MTV6112_0-3-600x323.jpg 600w, https:\/\/www2.memri.org\/espanol\/wp-content\/uploads\/2017\/07\/MTV6112_0-3-696x375.jpg 696w, https:\/\/www2.memri.org\/espanol\/wp-content\/uploads\/2017\/07\/MTV6112_0-3-780x420.jpg 780w\" sizes=\"auto, (max-width: 917px) 100vw, 917px\" \/><\/p>\n<p>En el 2013, escrib\u00ed un art\u00edculo en Al-Shorouk sobre un maestro cristiano llamado Bishoy Kamil Kamel. Su historia es tr\u00e1gica. Alguien abri\u00f3 una p\u00e1gina en Facebook bajo su nombre y maldijo al Islam. Aunque su familia prob\u00f3 que esa p\u00e1gina no le pertenec\u00eda, el hombre fue encarcelado durante seis a\u00f1os. \u00bfPor qu\u00e9? Por lo que est\u00e1 sucediendo hoy en El-Arish y lo que sucedi\u00f3 en Minya.<\/p>\n<p><img loading=\"lazy\" decoding=\"async\" class=\"alignnone size-full wp-image-31774\" src=\"http:\/\/www2.memri.org\/espanol\/wp-content\/uploads\/2017\/07\/MTV6112b-3.jpg\" width=\"856\" height=\"150\" alt=\"\" srcset=\"https:\/\/www2.memri.org\/espanol\/wp-content\/uploads\/2017\/07\/MTV6112b-3.jpg 856w, https:\/\/www2.memri.org\/espanol\/wp-content\/uploads\/2017\/07\/MTV6112b-3-300x53.jpg 300w, https:\/\/www2.memri.org\/espanol\/wp-content\/uploads\/2017\/07\/MTV6112b-3-768x135.jpg 768w, https:\/\/www2.memri.org\/espanol\/wp-content\/uploads\/2017\/07\/MTV6112b-3-600x105.jpg 600w, https:\/\/www2.memri.org\/espanol\/wp-content\/uploads\/2017\/07\/MTV6112b-3-696x122.jpg 696w\" sizes=\"auto, (max-width: 856px) 100vw, 856px\" \/><\/p>\n<p>Fan\u00e1ticos musulmanes se reunieron fuera de su casa, la incendiaron y quer\u00edan asesinar a sus vecinos cristianos. Junto a ellos llegaron las fuerzas armadas, acordonaron el \u00e1rea y le dijeron a los cristianos: &#8216;Para poder escapar de la ira [de los musulmanes], abandonen el lugar y huyan&#8217;. Eso fue lo que sucedi\u00f3. Le juzgaron muy r\u00e1pidamente &#8211; le dieron seis a\u00f1os de prisi\u00f3n &#8211; y eso fue todo. Luego de escribir mi art\u00edculo en Al-Shorouk, estos fueron y obtuvieron nuevas pruebas, y despu\u00e9s de tres a\u00f1os de prisi\u00f3n, hallaron que era inocente y lo liberaron. Exactamente la misma historia sucedi\u00f3 con otro joven cristiano, Gamal Massoud, quien no hizo nada. Un amigo suyo le se\u00f1al\u00f3 en una imagen en la que el Profeta o el Islam fue vilipendiado. \u00a1Una etiqueta! Esta aparece autom\u00e1ticamente en las p\u00e1ginas Facebook. Este fue atrapado y encarcelado durante tres a\u00f1os. Eso fue en el 2012.<\/p>\n<p><img loading=\"lazy\" decoding=\"async\" class=\"alignnone size-full wp-image-31775\" src=\"http:\/\/www2.memri.org\/espanol\/wp-content\/uploads\/2017\/07\/MTV61122_1-3.jpg\" width=\"587\" height=\"157\" alt=\"\" srcset=\"https:\/\/www2.memri.org\/espanol\/wp-content\/uploads\/2017\/07\/MTV61122_1-3.jpg 587w, https:\/\/www2.memri.org\/espanol\/wp-content\/uploads\/2017\/07\/MTV61122_1-3-300x80.jpg 300w\" sizes=\"auto, (max-width: 587px) 100vw, 587px\" \/><\/p>\n<p>Estas cosas&#8230; Cinco chicos cristianos realizaban una obra c\u00f3mica sobre el EIIS y la forma en que estos rezan&#8230; Fueron atrapados y encarcelados no s\u00e9 cu\u00e1ntos a\u00f1os. Cuando estos chicos huyeron de esta cruel e injusta sentencia a Suiza y contaron lo sucedido, la gente dijo: &#8216;Est\u00e1n vilipendiando la reputaci\u00f3n de Egipto&#8217;. Eso es genial. Los que asesinan, esclavizan, matan, queman y desvisten [a las mujeres], no est\u00e1n empa\u00f1ando la imagen de Egipto, pero estos chicos que fueron a Suiza y dijeron: &#8216;Fuimos juzgados injustamente&#8217; est\u00e1n manchando su reputaci\u00f3n.<\/p>\n<p><img loading=\"lazy\" decoding=\"async\" class=\"alignnone size-full wp-image-31776\" src=\"http:\/\/www2.memri.org\/espanol\/wp-content\/uploads\/2017\/07\/MTV61123_0-3.jpg\" width=\"589\" height=\"156\" alt=\"\" srcset=\"https:\/\/www2.memri.org\/espanol\/wp-content\/uploads\/2017\/07\/MTV61123_0-3.jpg 589w, https:\/\/www2.memri.org\/espanol\/wp-content\/uploads\/2017\/07\/MTV61123_0-3-300x79.jpg 300w\" sizes=\"auto, (max-width: 589px) 100vw, 589px\" \/><\/p>\n<p>[&#8230;]<\/p>\n<p>\u00abPara ser justos, en el 2004 el Jeque de Al-Azhar emiti\u00f3 un fatua &#8211; o mejor, medio fatua &#8211; seg\u00fan la cual se permite, seg\u00fan el Islam, construir iglesias, siempre y cuando no perjudiquen la seguridad nacional. No entiendo c\u00f3mo una iglesia puede perjudicar la seguridad nacional. \u00bfQu\u00e9, el Jeque de Al-Azhar no est\u00e1 consciente de que son las mezquitas las que est\u00e1n perjudicando la seguridad nacional? De que son las mezquitas las que predican el odio? Son los cristianos los que predican: &#8216;Al\u00e1 haz hu\u00e9rfanos a los chicos musulmanes&#8217;? Son los cristianos en sus iglesias quienes dicen: &#8216;No acojan a los musulmanes como sus aliados&#8217;? \u00bfSon ellos los que dicen: &#8216;Y m\u00e1tenlos dondequiera que se encuentren&#8217;? Dicen ellos: &#8216;Combatan contra el Pueblo del libro que no cree en Al\u00e1&#8230; hasta que paguen el <em>jizya<\/em> voluntariamente en sumisi\u00f3n&#8217;? \u00bfSon ellos los que dicen esto? No! Esto se dice en las mezquitas. Son las mezquitas las que representan un peligro para la seguridad nacional. Este es el por qu\u00e9 el Ministerio de Dotaciones Religiosas est\u00e1 instalando actualmente un <em>khutbah<\/em> unificado &#8211; a estos les preocupa que si la gente habla seriamente sobre el Islam, esto conducir\u00e1 al terrorismo. Eso es s\u00f3lo l\u00f3gico. Entonces, \u00bfqu\u00e9 es lo que perjudica la seguridad nacional?<\/p>\n<p>[&#8230;]<\/p>\n<p>\u00abNo me digan que el terrorismo es el resultado de la injusticia, de la opresi\u00f3n y de las circunstancias sociales, porque nadie se siente m\u00e1s oprimido ahora que los coptos de El-Arish.<\/p>\n<p><img loading=\"lazy\" decoding=\"async\" class=\"alignnone size-full wp-image-31777\" src=\"http:\/\/www2.memri.org\/espanol\/wp-content\/uploads\/2017\/07\/MTV61124_0-3.jpg\" width=\"590\" height=\"159\" alt=\"\" srcset=\"https:\/\/www2.memri.org\/espanol\/wp-content\/uploads\/2017\/07\/MTV61124_0-3.jpg 590w, https:\/\/www2.memri.org\/espanol\/wp-content\/uploads\/2017\/07\/MTV61124_0-3-300x81.jpg 300w\" sizes=\"auto, (max-width: 590px) 100vw, 590px\" \/><\/p>\n<p>\u00bfPuedes ustedes imaginar a los coptos de El-Arish convirti\u00e9ndose en terroristas, utilizando cinturones explosivos y volando gente por los aires, porque est\u00e1n oprimidos?<\/p>\n<p><img loading=\"lazy\" decoding=\"async\" class=\"alignnone size-full wp-image-31778\" src=\"http:\/\/www2.memri.org\/espanol\/wp-content\/uploads\/2017\/07\/MTV61125_0-2.jpg\" width=\"598\" height=\"159\" alt=\"\" srcset=\"https:\/\/www2.memri.org\/espanol\/wp-content\/uploads\/2017\/07\/MTV61125_0-2.jpg 598w, https:\/\/www2.memri.org\/espanol\/wp-content\/uploads\/2017\/07\/MTV61125_0-2-300x80.jpg 300w\" sizes=\"auto, (max-width: 598px) 100vw, 598px\" \/><\/p>\n<p>\u00bfHicieron esto los yazidis despu\u00e9s de que fueron quemados y violados? \u00a1No!<\/p>\n<p><img loading=\"lazy\" decoding=\"async\" class=\"alignnone size-full wp-image-31779\" src=\"http:\/\/www2.memri.org\/espanol\/wp-content\/uploads\/2017\/07\/MTV61126_0-2.jpg\" width=\"609\" height=\"165\" alt=\"\" srcset=\"https:\/\/www2.memri.org\/espanol\/wp-content\/uploads\/2017\/07\/MTV61126_0-2.jpg 609w, https:\/\/www2.memri.org\/espanol\/wp-content\/uploads\/2017\/07\/MTV61126_0-2-300x81.jpg 300w, https:\/\/www2.memri.org\/espanol\/wp-content\/uploads\/2017\/07\/MTV61126_0-2-600x163.jpg 600w\" sizes=\"auto, (max-width: 609px) 100vw, 609px\" \/><\/p>\n<p>El terrorismo es causado por una ideolog\u00eda derivada de las ra\u00edces textuales de su religi\u00f3n y no de la interpretaci\u00f3n de estos textos, sino de los textos mismos. Todo lo que estamos haciendo es dar vueltas en c\u00edrculos. Si no estamos dispuestos a reconocer la fuente [del problema], nunca lo resolveremos. Los problemas crecen, la violencia aumenta y los terroristas ganan terreno a diario\u00bb.<\/p>\n<p><img loading=\"lazy\" decoding=\"async\" class=\"alignnone size-full wp-image-31780\" src=\"http:\/\/www2.memri.org\/espanol\/wp-content\/uploads\/2017\/07\/MTV61127_0-3.jpg\" width=\"609\" height=\"161\" alt=\"\" srcset=\"https:\/\/www2.memri.org\/espanol\/wp-content\/uploads\/2017\/07\/MTV61127_0-3.jpg 609w, https:\/\/www2.memri.org\/espanol\/wp-content\/uploads\/2017\/07\/MTV61127_0-3-300x79.jpg 300w, https:\/\/www2.memri.org\/espanol\/wp-content\/uploads\/2017\/07\/MTV61127_0-3-600x159.jpg 600w\" sizes=\"auto, (max-width: 609px) 100vw, 609px\" \/><\/p>\n<p><strong>MEMRI TV Clip No. 6104: Acad\u00e9mico egipcio-alem\u00e1n Hamed Abdel-Samad arremete contra el trato del Cor\u00e1n hacia los jud\u00edos: \u00bfEs esta la l\u00f3gica divina de Al\u00e1, quien se proclam\u00f3 a Si Mismo Misericordioso? &#8211; 7 de noviembre, 2016<\/strong><\/p>\n<p><strong>Hamed Abdel-Samad<\/strong>: \u00abEl Cor\u00e1n dice: &#8216;No discutas con el Pueblo del Libro excepto de la mejor manera&#8217;. El Cor\u00e1n determin\u00f3 el principio del di\u00e1logo y luego no logr\u00f3 acatarlo. El Cor\u00e1n determin\u00f3 que &#8216;la mejor manera&#8217; es el principio del dialogo, pero luego comenz\u00f3 a maldecir a los jud\u00edos, llam\u00e1ndolos &#8216;simios y cerdos&#8217;. No tuvo ning\u00fan problema en referirse a los jud\u00edos como &#8216;lo peor de las criaturas vivientes&#8217;. \u00bfDe d\u00f3nde provino la etiqueta de di\u00e1logo?<\/p>\n<p><img loading=\"lazy\" decoding=\"async\" class=\"alignnone size-full wp-image-31781\" src=\"http:\/\/www2.memri.org\/espanol\/wp-content\/uploads\/2017\/07\/MTV6104a-2.jpg\" width=\"853\" height=\"149\" alt=\"\" srcset=\"https:\/\/www2.memri.org\/espanol\/wp-content\/uploads\/2017\/07\/MTV6104a-2.jpg 853w, https:\/\/www2.memri.org\/espanol\/wp-content\/uploads\/2017\/07\/MTV6104a-2-300x52.jpg 300w, https:\/\/www2.memri.org\/espanol\/wp-content\/uploads\/2017\/07\/MTV6104a-2-768x134.jpg 768w, https:\/\/www2.memri.org\/espanol\/wp-content\/uploads\/2017\/07\/MTV6104a-2-600x105.jpg 600w, https:\/\/www2.memri.org\/espanol\/wp-content\/uploads\/2017\/07\/MTV6104a-2-696x122.jpg 696w\" sizes=\"auto, (max-width: 853px) 100vw, 853px\" \/><\/p>\n<p>[&#8230;]<\/p>\n<p>\u00abLos jud\u00edos eran el modelo a seguir (para el Profeta Mahoma), al punto de que oraba en direcci\u00f3n a Jerusal\u00e9n, pero cuando este les dijo: &#8216;Soy un profeta, tal como est\u00e1 escrito en la Tora&#8217;, ellos le dijeron: &#8216;Buscamos en la Tora, pero no pudimos encontrar tu nombre&#8217;. Lo mismo ocurri\u00f3 con los cristianos.<\/p>\n<p><img loading=\"lazy\" decoding=\"async\" class=\"alignnone size-full wp-image-31782\" src=\"http:\/\/www2.memri.org\/espanol\/wp-content\/uploads\/2017\/07\/MTV61041_0-2.jpg\" width=\"553\" height=\"147\" alt=\"\" srcset=\"https:\/\/www2.memri.org\/espanol\/wp-content\/uploads\/2017\/07\/MTV61041_0-2.jpg 553w, https:\/\/www2.memri.org\/espanol\/wp-content\/uploads\/2017\/07\/MTV61041_0-2-300x80.jpg 300w\" sizes=\"auto, (max-width: 553px) 100vw, 553px\" \/><\/p>\n<p>[&#8230;]<\/p>\n<p>Este es el momento donde entra en juego las teor\u00edas de conspiraci\u00f3n: &#8216;Los cristianos y los jud\u00edos vieron mi nombre en sus [escrituras], as\u00ed que distorsionaron la Tora y el Nuevo Testamento, para que mi nombre no apareciera all\u00ed&#8217;.<\/p>\n<p>[&#8230;]<\/p>\n<p>Una visi\u00f3n le lleg\u00f3 a [Mahoma] cuando hablaba con los jud\u00edos de la tribu Nadhir. Este discut\u00eda temas cotidianos y comunes con ellos. As\u00ed fue cuando tuvo esta visi\u00f3n de Gabriel, quien le dijo que un jud\u00edo estaba a punto de lanzarle una roca desde un tejado que le matar\u00eda. O lo invent\u00f3, o bien estaba escuchando voces en su paranoica cabeza y comenz\u00f3 a alucinar. Este no s\u00f3lo consigui\u00f3 al hombre que supuestamente ten\u00eda la intenci\u00f3n de&#8230; La ley no responsabiliza mediante intenciones, sino s\u00f3lo por acciones. \u00bfAlguien lanz\u00f3 alguna roca? No. Todas las fuentes isl\u00e1micas lo dicen, pero Gabriel le dijo que alguien ten\u00eda la intenci\u00f3n de lanzar una roca. Muy bien, agarren a esa persona y responsabil\u00edcenlo. M\u00e1tenle, bien, lo que sea. Pero reunir a toda la tribu y cortarle sus palmeras y hacerse cargo de sus campos y sus casas&#8230; Y el Cor\u00e1n celebra esto.<\/p>\n<p>[&#8230;]<\/p>\n<p>Esto es lo que deber\u00eda significa &#8216;corrupci\u00f3n sobre la tierra&#8217;: Cortar las palmeras de los jud\u00edos y expulsarlos de sus casas, s\u00f3lo por una visi\u00f3n que tuvo, s\u00f3lo porque so\u00f1\u00f3 que uno de ellos le arrojar\u00eda una piedra \u00bfEs esta la l\u00f3gica divina de Al\u00e1, quien se proclam\u00f3 a Si Mismo Misericordioso?<\/p>\n<p>[&#8230;]<\/p>\n<p>Entonces, debido a la violaci\u00f3n de su pacto, su incredulidad en las revelaciones de Al\u00e1 y su injusto asesinato a los profetas&#8230;&#8217; \u00bfAlguien de los jud\u00edos en Medina asesin\u00f3 a alg\u00fan profeta? \u00bfPueden decirme el nombre del profeta y del jud\u00edo que lo asesin\u00f3?<\/p>\n<p><img loading=\"lazy\" decoding=\"async\" class=\"alignnone size-full wp-image-31783\" src=\"http:\/\/www2.memri.org\/espanol\/wp-content\/uploads\/2017\/07\/MTV61042_0-2.jpg\" width=\"543\" height=\"148\" alt=\"\" srcset=\"https:\/\/www2.memri.org\/espanol\/wp-content\/uploads\/2017\/07\/MTV61042_0-2.jpg 543w, https:\/\/www2.memri.org\/espanol\/wp-content\/uploads\/2017\/07\/MTV61042_0-2-300x82.jpg 300w\" sizes=\"auto, (max-width: 543px) 100vw, 543px\" \/><\/p>\n<p>[&#8230;]<\/p>\n<p>&#8216;As\u00ed que ustedes ven a aquellos en cuyo coraz\u00f3n la enfermedad se apura a asociarse con ellos, diciendo: &#8216;Tememos que una desgracia nos pueda golpear&#8217;. Los creyentes, los musulmanes, pudieran tener un amigo jud\u00edo o cristiano. Dicen que tienen intereses conjuntos, etc. No. Estos lazos deben ser cortados. El terrorismo comienza aqu\u00ed &#8211; cuando usted piensa que nuestro Se\u00f1or les dice que no conf\u00eden en \u00e9ste o aquel&#8230; Digamos que su hijo est\u00e1 en un pa\u00eds europeo, o incluso en un pa\u00eds tal como Egipto, Siria o el L\u00edbano. Este va a la escuela y todos a su alrededor son cristianos, jud\u00edos e incluso ateos \u00bfC\u00f3mo puede vivir con ellos y confiar en ellos? \u00bfC\u00f3mo puede este coexistir con ellos en un ambiente saludable? \u00bfC\u00f3mo pueden cooperar o trabajar juntos en la misma empresa? El Cor\u00e1n tiene como objetivo aislar a los [musulmanes] del resto de la humanidad. Los aleja de todos los dem\u00e1s. Ustedes s\u00f3lo deben estar con los que aman al Profeta Mahoma, librar el yihad con \u00e9l y pagarle dinero. Cualquier otro deber\u00eda ser dejado de lado.<\/p>\n<p>[&#8230;]<\/p>\n<p>\u00abLa \u00faltima tribu jud\u00eda (en Medina) fue la Banu Qurayza. Fueron el \u00faltimo grupo jud\u00edo y el m\u00e1s rico de ellos y su fortaleza era inexpugnable.<\/p>\n<p><img loading=\"lazy\" decoding=\"async\" class=\"alignnone size-full wp-image-31784\" src=\"http:\/\/www2.memri.org\/espanol\/wp-content\/uploads\/2017\/07\/MTV61043_0-2.jpg\" width=\"918\" height=\"490\" alt=\"\" srcset=\"https:\/\/www2.memri.org\/espanol\/wp-content\/uploads\/2017\/07\/MTV61043_0-2.jpg 918w, https:\/\/www2.memri.org\/espanol\/wp-content\/uploads\/2017\/07\/MTV61043_0-2-300x160.jpg 300w, https:\/\/www2.memri.org\/espanol\/wp-content\/uploads\/2017\/07\/MTV61043_0-2-768x410.jpg 768w, https:\/\/www2.memri.org\/espanol\/wp-content\/uploads\/2017\/07\/MTV61043_0-2-600x320.jpg 600w, https:\/\/www2.memri.org\/espanol\/wp-content\/uploads\/2017\/07\/MTV61043_0-2-696x372.jpg 696w, https:\/\/www2.memri.org\/espanol\/wp-content\/uploads\/2017\/07\/MTV61043_0-2-787x420.jpg 787w\" sizes=\"auto, (max-width: 918px) 100vw, 918px\" \/><\/p>\n<p>[&#8230;]<\/p>\n<p>\u00ab[El Profeta Mahoma] les acos\u00f3, hasta que los chicos salieron porque no ten\u00edan ya m\u00e1s nada que comer. Estos se rindieron y se entregaron, \u00bfQu\u00e9 fue lo que hizo con ellos? Les degoll\u00f3. Porqu\u00e9? Porque estos no le ayudaron y no le pagaron nada. El Cor\u00e1n celebra este evento:<\/p>\n<p>&#8216;Este derrib\u00f3 de sus fortalezas a aquellos que los apoyaban de entre el Pueblo del Libro y atemoriz\u00f3 sus corazones. Algunos asesinaste y otros los hiciste prisioneros. Este los hizo herederos de sus tierras, de sus hogares y de sus bienes, una tierra que ustedes no pisaron antes. Y Al\u00e1 tiene el poder sobre todas las cosas. Nuestro Se\u00f1or da Su bendici\u00f3n al robo y al pillaje. \u00abEste les hizo herederos de sus tierras y de sus hogares&#8230;\u00bb \u00bfPor qu\u00e9? No trabajaron por ello. \u00bfQui\u00e9n los construy\u00f3? \u00bfFue alg\u00fan musulm\u00e1n el constructor, que podr\u00eda construir una casa? \u00bfAlguno de ellos era granjero, que pod\u00eda sembrar un campo? \u00bfPor qu\u00e9 deber\u00edan ellos tomar sus campos, sus tierras y sus propiedades? Es una mentira. Es un robo. En el Cor\u00e1n, nuestro Se\u00f1or bendice el robo, el santo hurto sobre el cual se bas\u00f3 toda la econom\u00eda isl\u00e1mica. As\u00ed es como el Cor\u00e1n trata con los jud\u00edos\u00bb.<\/p>\n<p><a href=\"#_ednref1\" name=\"_edn1\">[1]<\/a> V\u00e9ase MEMRI TV Clip No. 3892 Cl\u00e9rigo egipcio Mahmoud Shaaban emite fatua: El acad\u00e9mico egipcio-alem\u00e1n deber\u00eda ser asesinado por herej\u00eda 7 de junio, 2013.<\/p>\n","protected":false},"excerpt":{"rendered":"<p>El Dr. Hamed Abdel-Samad es un cient\u00edfico pol\u00edtico alem\u00e1n-egipcio y autor. En el 2013, un cl\u00e9rigo egipcio pidi\u00f3 su asesinato por cargos de hereje a sus declaraciones sobre el Islam.[1] La serie de conferencias en la red del Dr. Abdel-Samad est\u00e1 disponible en su canal YouTube &#8216;Caja del Islam&#8217;, creado en el 2015 y hasta [&hellip;]<\/p>\n","protected":false},"author":1,"featured_media":31748,"comment_status":"open","ping_status":"open","sticky":false,"template":"","format":"standard","meta":{"footnotes":""},"categories":[32,4,2],"tags":[],"class_list":["post-31742","post","type-post","status-publish","format-standard","has-post-thumbnail","hentry","category-reportes-diarios","category-archivos","category-featured"],"_links":{"self":[{"href":"https:\/\/www2.memri.org\/espanol\/wp-json\/wp\/v2\/posts\/31742","targetHints":{"allow":["GET"]}}],"collection":[{"href":"https:\/\/www2.memri.org\/espanol\/wp-json\/wp\/v2\/posts"}],"about":[{"href":"https:\/\/www2.memri.org\/espanol\/wp-json\/wp\/v2\/types\/post"}],"author":[{"embeddable":true,"href":"https:\/\/www2.memri.org\/espanol\/wp-json\/wp\/v2\/users\/1"}],"replies":[{"embeddable":true,"href":"https:\/\/www2.memri.org\/espanol\/wp-json\/wp\/v2\/comments?post=31742"}],"version-history":[{"count":0,"href":"https:\/\/www2.memri.org\/espanol\/wp-json\/wp\/v2\/posts\/31742\/revisions"}],"wp:featuredmedia":[{"embeddable":true,"href":"https:\/\/www2.memri.org\/espanol\/wp-json\/wp\/v2\/media\/31748"}],"wp:attachment":[{"href":"https:\/\/www2.memri.org\/espanol\/wp-json\/wp\/v2\/media?parent=31742"}],"wp:term":[{"taxonomy":"category","embeddable":true,"href":"https:\/\/www2.memri.org\/espanol\/wp-json\/wp\/v2\/categories?post=31742"},{"taxonomy":"post_tag","embeddable":true,"href":"https:\/\/www2.memri.org\/espanol\/wp-json\/wp\/v2\/tags?post=31742"}],"curies":[{"name":"wp","href":"https:\/\/api.w.org\/{rel}","templated":true}]}}