{"id":3173,"date":"2009-09-16T00:00:00","date_gmt":"2009-09-16T00:00:00","guid":{"rendered":"http:\/\/www2.memri.org\/espanol\/2009\/09\/16\/presidente-de-la-autoridad-palestina-mahmoud-abbas-habla-sobre-la-evacuacion-arabe-de-safed-en-1948-y-critica-la-aprobacion-de-arafat-a-los-ataques-terroristas-anti-israel-de-1990\/"},"modified":"2009-09-16T00:00:00","modified_gmt":"2009-09-16T00:00:00","slug":"presidente-de-la-autoridad-palestina-mahmoud-abbas-habla-sobre-la-evacuacion-arabe-de-safed-en-1948-y-critica-la-aprobacion-de-arafat-a-los-ataques-terroristas-anti-israel-de-1990","status":"publish","type":"post","link":"https:\/\/www2.memri.org\/espanol\/presidente-de-la-autoridad-palestina-mahmoud-abbas-habla-sobre-la-evacuacion-arabe-de-safed-en-1948-y-critica-la-aprobacion-de-arafat-a-los-ataques-terroristas-anti-israel-de-1990\/3173","title":{"rendered":"Presidente de la Autoridad Palestina Mahmoud Abbas habla sobre la evacuaci\u00f3n \u00e1rabe de Safed en 1948 y critica la aprobaci\u00f3n de Arafat a los ataques terroristas anti-Israel de 1990"},"content":{"rendered":"<div class=\"bodytext c1\">\n<p><em>A continuaci\u00f3n se presentan extractos de una entrevista con el Presidente palestino, Mahmoud Abbas, la cual fue presentada en Al-Filistiniya TV el 6 de julio, 2009:<\/em><\/p>\n<p><em>Para ver este segmento de video en MEMRI TV, visite <a href=\"http:\/\/www.memritv.org\/clip\/en\/2212.htm\">http:\/\/www.memritv.org\/clip\/en\/2212.htm<\/a>.<\/em><\/p>\n<p><strong>\u00abNosotros, en Safed&#8230; pod\u00edamos sentir que hab\u00eda una venganza [jud\u00eda] por la insurrecci\u00f3n en [Hebr\u00f3n] de 1929\u00bb<\/strong><\/p>\n<p><strong>Entrevistador<\/strong>: Cuando los palestinos se vieron obligados a abandonar sus tierras, fueron impulsados por fuertes motivos. \u00bfRecuerda cuales?\u00bb<\/p>\n<p><strong>Mahmoud Abbas<\/strong>: La raz\u00f3n principal era que la gente quer\u00eda huir para salvar sus vidas, y proteger el honor de su mujer, lo cual era muy importante. Tem\u00edan a la violencia de las organizaciones sionistas terroristas.<\/p>\n<p>\u00abNosotros, en Safed, en particular, &#8211; al igual que el pueblo de Hebr\u00f3n &#8211; pod\u00edamos sentir que era una venganza [jud\u00eda] por la insurrecci\u00f3n de 1929. Esto se mantuvo en la memoria de nuestras familias y de nuestros padres. El equilibrio de poder militar &#8211; en realidad, no era una potencia militar en el verdadero sentido de la palabra&#8230;<\/p>\n<p>\u00abTodo lo [que] ten\u00edamos eran a varios j\u00f3venes combatiendo con [armas] primitivas&#8230; Cuando sintieron que el equilibrio [de poder] hab\u00eda cambiado, decidieron irse. La ciudad en su totalidad se fue con el fin de proteger sus vidas y el honor de sus mujeres\u00bb. [&#8230;]<\/p>\n<p><strong>\u00abEn mi opini\u00f3n, fue un error llevar a cabo<\/strong> <strong>la Intifada<\/strong><strong>\u00ab<\/strong><\/p>\n<p>\u00abTodo el mundo conoce mi opini\u00f3n desde el primer d\u00eda, deber\u00eda haber habido una sola Autoridad [Palestina]. Es inconcebible que mientras yo estoy haciendo la paz, alguien lleva a cabo operaciones. Yo no puedo permitir tal cosa. Pero las operaciones militares fueron permitidas y se les impidi\u00f3 de forma intermitente, en 1996, 1997, 1998 y el resultado fue una completa p\u00e9rdida de control en la Intifada del a\u00f1o 2000.<\/p>\n<p>\u00abEn mi opini\u00f3n, fue un error llevar a cabo la Intifada. Bueno, hubo una Intifada porque Sharon profan\u00f3 el Haram Al-Sharif, y as\u00ed sucesivamente, pero no deber\u00edamos de haber permitido que las cosas se nos fueran de control. Cuando se salieron de control, la Autoridad Palestina dej\u00f3 de existir tanto en Gaza como en Cisjordania\u00bb.<\/p>\n<\/div>\n","protected":false},"excerpt":{"rendered":"<p>A continuaci\u00f3n se presentan extractos de una entrevista con el Presidente palestino, Mahmoud Abbas, la cual fue presentada en Al-Filistiniya TV el 6 de julio, 2009: Para ver este segmento de video en MEMRI TV, visite http:\/\/www.memritv.org\/clip\/en\/2212.htm. \u00abNosotros, en Safed&#8230; pod\u00edamos sentir que hab\u00eda una venganza [jud\u00eda] por la insurrecci\u00f3n en [Hebr\u00f3n] de 1929\u00bb Entrevistador: [&hellip;]<\/p>\n","protected":false},"author":1,"featured_media":0,"comment_status":"open","ping_status":"open","sticky":false,"template":"","format":"standard","meta":{"footnotes":""},"categories":[6,23],"tags":[],"class_list":["post-3173","post","type-post","status-publish","format-standard","hentry","category-comunicados-especiales","category-autoridad-palestina"],"_links":{"self":[{"href":"https:\/\/www2.memri.org\/espanol\/wp-json\/wp\/v2\/posts\/3173","targetHints":{"allow":["GET"]}}],"collection":[{"href":"https:\/\/www2.memri.org\/espanol\/wp-json\/wp\/v2\/posts"}],"about":[{"href":"https:\/\/www2.memri.org\/espanol\/wp-json\/wp\/v2\/types\/post"}],"author":[{"embeddable":true,"href":"https:\/\/www2.memri.org\/espanol\/wp-json\/wp\/v2\/users\/1"}],"replies":[{"embeddable":true,"href":"https:\/\/www2.memri.org\/espanol\/wp-json\/wp\/v2\/comments?post=3173"}],"version-history":[{"count":0,"href":"https:\/\/www2.memri.org\/espanol\/wp-json\/wp\/v2\/posts\/3173\/revisions"}],"wp:attachment":[{"href":"https:\/\/www2.memri.org\/espanol\/wp-json\/wp\/v2\/media?parent=3173"}],"wp:term":[{"taxonomy":"category","embeddable":true,"href":"https:\/\/www2.memri.org\/espanol\/wp-json\/wp\/v2\/categories?post=3173"},{"taxonomy":"post_tag","embeddable":true,"href":"https:\/\/www2.memri.org\/espanol\/wp-json\/wp\/v2\/tags?post=3173"}],"curies":[{"name":"wp","href":"https:\/\/api.w.org\/{rel}","templated":true}]}}