{"id":3167,"date":"2009-09-17T00:00:00","date_gmt":"2009-09-17T00:00:00","guid":{"rendered":"http:\/\/www2.memri.org\/espanol\/2009\/09\/17\/escritor-liberal-frances-argelino-mohamed-sifaoui-el-velo-es-un-simbolo-de-la-revolucion-irani-y-sus-crimenes-de-la-ideologia-de-la-hermandad-musulmana-del-salafismo-y-la-hostilidad-que-est\/"},"modified":"2009-09-17T00:00:00","modified_gmt":"2009-09-17T00:00:00","slug":"escritor-liberal-frances-argelino-mohamed-sifaoui-el-velo-es-un-simbolo-de-la-revolucion-irani-y-sus-crimenes-de-la-ideologia-de-la-hermandad-musulmana-del-salafismo-y-la-hostilidad-que-est","status":"publish","type":"post","link":"https:\/\/www2.memri.org\/espanol\/escritor-liberal-frances-argelino-mohamed-sifaoui-el-velo-es-un-simbolo-de-la-revolucion-irani-y-sus-crimenes-de-la-ideologia-de-la-hermandad-musulmana-del-salafismo-y-la-hostilidad-que-est\/3167","title":{"rendered":"Escritor liberal franc\u00e9s-argelino Mohamed Sifaoui: \u00abEl velo&#8230; es un s\u00edmbolo de la revoluci\u00f3n iran\u00ed y sus cr\u00edmenes&#8230; de la ideolog\u00eda de la Hermandad Musulmana&#8230; del salafismo y la hostilidad que este promueve&#8230; de los talibanes y su barbarie&#8230; y [de] Bin Laden y su visi\u00f3n de la mujer\u00bb"},"content":{"rendered":"<div class=\"bodytext c1\">\n<p><em>Mohamed Sifaoui, un franc\u00e9s de origen argelino, es un escritor liberal y periodista bastante conocido que ha publicado numerosos libros y art\u00edculos sobre el fundamentalismo isl\u00e1mico y otros temas. Los \u00faltimos dos publicados en su blog, en www.mohamed-sifaoui.com, tratan con la intrusi\u00f3n del fundamentalismo isl\u00e1mico en los valores democr\u00e1ticos de la sociedad occidental.<\/em><\/p>\n<p><em>En un escrito sat\u00edrico publicado el 31 de julio, 2009, <a href=\"#_edn1\" name=\"_ednref1\">[1]<\/a> atac\u00f3 al gobierno franc\u00e9s por ser demasiado t\u00edmido en promover una ley que proh\u00edbe el burka en Francia. Se burl\u00f3 en estimar al Ministerio del Interior franc\u00e9s de que s\u00f3lo 367 mujeres en el pa\u00eds llevan puesto el burqa, argumentando que la cuesti\u00f3n no es cu\u00e1ntas mujeres lo usan sino la infracci\u00f3n sobre la democracia francesa.<\/em><\/p>\n<p><em>En un escrito publicado el 28 de julio 2009, <a href=\"#_edn2\" name=\"_ednref2\">[2]<\/a>, critic\u00f3 a B\u00e9lgica por permitirle a Mahinur \u00d6zdemir, una mujer que usa el velo quien fue recientemente elegida diputada al Parlamento, de entrar en el propio \u00absantuario de la democracia\u00bb. \u00c9l argument\u00f3 que su presencia en el parlamento es un insulto a todas las mujeres que luchan por su libertad en los pa\u00edses isl\u00e1micos, y pidi\u00f3 a los estados democr\u00e1ticos defender sus principios ante el extremismo isl\u00e1mico &#8211; incluso si esto significa cambiar sus leyes.<\/em><\/p>\n<p><em>El 11 de septiembre del 2009, el libro Ben Laden D\u00e9voil\u00e9 (\u00abBin Laden al Descubierto\u00bb), por Sifaoui y el famoso caricaturista franc\u00e9s Philippe Bercovici, fue dado a conocer, se trata de Osama bin Laden y la historia del fundamentalismo isl\u00e1mico en forma gr\u00e1fica.<\/em><\/p>\n<p><em>Lo siguiente son algunos extractos de las dos entradas del blog:<\/em><\/p>\n<p><strong>\u00abEsperemos unos cuantos a\u00f1os [m\u00e1s] hasta que haya 3.670 mujeres usando el burka completo [en Francia] &#8211; o 36.700, O 367.000 &#8211; Si no 3.670.000\u00bb<\/strong><\/p>\n<p>En su entrada del 31 de julio en el blog, titulado \u00abTrescientos Sesenta y Siete &#8211; el Nuevo N\u00famero Er\u00f3tico\u00bb, Sifaoui escribi\u00f3: \u00abPodemos estar tranquilos. Seg\u00fan el Ministerio del Interior, existen 367 mujeres en Francia que no llevan puesto el velo isl\u00e1mico&#8230; Prefieren el velo de cuerpo completo &#8211; el niqab o el burka&#8230;<\/p>\n<p>\u00abEsta fue mi primera reacci\u00f3n cuando le\u00ed la publicaci\u00f3n del Ministerio del Interior suministrando las &#8216;estad\u00edsticas&#8217; sobre el n\u00famero de mujeres que usan el niqab en Francia&#8230; Trescientas Sesenta y Siete.<\/p>\n<p>\u00abQu\u00e9 precisi\u00f3n! \u00bfC\u00f3mo se las arreglaron para contarlas? \u00bfPosee la inteligencia francesa alg\u00fan agente secreto en todas y cada una de los burkas? \u00bfContact\u00f3 la polic\u00eda a la Federaci\u00f3n Nacional de Mujeres que Usan el Velo de Cuerpo Completo, o fue el SOS Burka [un juego de palabras del nombre de la organizaci\u00f3n francesa SOS Racisme] que public\u00f3 la informaci\u00f3n? Tal vez fue la UOIF [Uni\u00f3n de Organizaciones Isl\u00e1micas en Francia, una organizaci\u00f3n paraguas de grupos isl\u00e1micos]? O tal vez la cifra puede encontrarse en niqab.com?<\/p>\n<p>\u00ab[Pens\u00e1ndolo mejor] la informaci\u00f3n fue sin duda obtenida a partir de la Asociaci\u00f3n de Fabricantes del Niqab. Porque la capacidad de proporcionar un n\u00famero tan exacto es raro, \u00bfno?<\/p>\n<p>\u00abPodemos conocer el n\u00famero exacto de personas en Francia que llevan puesta una cruz en el cuello? \u00bfExiste alguna forma de estimar el n\u00famero de franceses que usan una kip\u00e1? \u00bfSabemos cuantos saris de la India se vendieron el a\u00f1o pasado? Y cu\u00e1ntas mujeres se esconden debajo de una peluca o que se ti\u00f1en el cabello?&#8230;<\/p>\n<p>\u00abSin embargo, seamos serios por un minuto. \u00bfCu\u00e1l es el significado de tales estad\u00edsticas, que en realidad no muestran nada en lo absoluto? Supuestamente, s\u00f3lo existen 367 mujeres que usan el niqab en Francia, [lo que las hace] un fen\u00f3meno insignificante no [merecedor] de debate&#8230; Esta cifra podr\u00eda significar&#8230; de que ninguna ley [que proh\u00edba el burka sea necesaria] As\u00ed que vamos a esperar unos cuantos a\u00f1os, hasta que hayan 3.670 mujeres que usen el burka, o 36.700 o 367.000, o incluso&#8230; 3.670.000&#8230; y [s\u00f3lo] entonces se alarmen y le pidan a nuestros parlamentarios por un proyecto de ley [en contra del burka], despu\u00e9s de que una comisi\u00f3n de investigaci\u00f3n se haya establecido&hellip;<\/p>\n<p>\u00abExisten mucho m\u00e1s de 367 mujeres en Francia que usan el niqab &#8211; y ustedes lo saben!\u00bb<\/p>\n<p><strong>\u00abNing\u00fan pa\u00eds que se auto respete pone sus valores a la merced de las estad\u00edsticas &#8211; un burka [en Francia] es demasiado\u00bb<\/strong><\/p>\n<p>\u00abVayan y visiten las &#8216;tiendas de la comunidad&#8217; y podr\u00e1n ver la rapidez con que venden niqabs&#8230; [De hecho], a menudo no tienen. Creo que estos comerciantes que venden ropa <em>halal<\/em> [es decir, ropa permitida por el <em>sharia<\/em>] venden 367 niqabs por mes.<\/p>\n<p>\u00abDespu\u00e9s de eso, tomen un peque\u00f1o tour en Francia, incluyendo los barrios de [inmigrantes], y ver\u00e1n que el fen\u00f3meno va mucho m\u00e1s all\u00e1 de esta cifra rid\u00edcula. Y [si ustedes asisten a] la pr\u00f3xima reuni\u00f3n de la UOIF, [seguro] encontrar\u00e1n un alarmante n\u00famero [de mujeres ataviadas con burkas all\u00ed].<\/p>\n<p>\u00abEn cualquier caso, ning\u00fan pa\u00eds que se auto respete coloca sus valores a merced de las estad\u00edsticas. Un burka en nuestro territorio nacional es uno de los muchos. Un velo en funciones p\u00fablicas es uno de m\u00e1s.<\/p>\n<p>\u00abIncluso si asumimos que esta cifra es correcta &#8211; lo cual no lo es &#8211; mejor es tomar medidas pol\u00edticas antes de que las estad\u00edsticas del Ministerio del Interior indiquen de que existen 300.000 mujeres que llevan puesto el velo de cuerpo entero. Esto significa que una ley debe ser discutida, mientras que [el burka] todav\u00eda es un fen\u00f3meno insignificante. No deber\u00edamos esperar hasta que se convierta en una plaga a nivel nacional\u00bb.<\/p>\n<p><strong>\u00ab&#8230; El niqab es la peor humillaci\u00f3n que una mujer puede infligirse a s\u00ed misma\u00bb<\/strong><\/p>\n<p>\u00abPero supongamos que [por el bien del argumento] lo que estoy diciendo es rid\u00edculo, y que la cifra publicada por el Ministerio del Interior es totalmente precisa y basada en una cuidadosa investigaci\u00f3n completa y bien documentada. Supongamos que [el fen\u00f3meno] no es nada grave.<\/p>\n<p>\u00abEn este caso, \u00bfqu\u00e9 significa la cifra 367? [Significa] que hay al menos 367 hombres con firmes convicciones salafistas que est\u00e1n casados, o que est\u00e1n a punto de casarse, estas sombras, estas mujeres a quienes han decidido ocultar, o que han decidido [por su propia voluntad] ocultar su rostro a la sociedad &#8211; como si estuvieran enfrentando a millones de man\u00edacos sexuales dispuestos a violarlas de inmediato, ya sea por encima o debajo de sus burkas.<\/p>\n<p>\u00abDe hecho, el niqab o el velo, es la cosa m\u00e1s est\u00fapida que una mujer puede aceptar. Es la peor humillaci\u00f3n que puede infligirse a s\u00ed misma: [la humillaci\u00f3n de la] despersonalizaci\u00f3n. [Una vez envuelta en un velo] ya no es una mujer, sino una estad\u00edstica &#8211; una de las [367]!<\/p>\n<p>\u00abAs\u00ed, regresando a nuestra cuenta, esto significa que tenemos 367 parejas potenciales que creen en la cultura del burka &#8211; lo que significa que 734 personas que creen que una mujer debe convertirse en un n\u00famero con el fin de complacer a Dios. Y luego, a menos que estas parejas sean inf\u00e9rtiles &#8211; lo que no queremos que sean &#8211; tendr\u00e1n cerca de tres hijos cada una, si no m\u00e1s. En otras palabras, en los pr\u00f3ximos a\u00f1os, estas parejas &#8216;ataviadas con burqas&#8217; tendr\u00e1n 1101 hijos&#8230;<\/p>\n<p>\u00abLuego, el Ministerio del Interior emitir\u00e1 [otra] declaraci\u00f3n &#8211; que ser\u00e1 validada por la UOIF y la Federaci\u00f3n Internacional de salafistas &#8211; de que &#8216;existen [en la actualidad s\u00f3lo] 367 mujeres en Francia que no llevan puesto el velo, el niqab, el burka, sitar o la cortina de la ducha&hellip;'\u00bb<\/p>\n<p><strong>\u00abCuando [la democracia] permite que la ideolog\u00eda islamista se infiltre en las instituciones democr\u00e1ticas, es hora de reevaluar las leyes&#8230; [porque] la democracia no consiste s\u00f3lo en elecciones\u00bb<\/strong><\/p>\n<p>En su blog del 28 de julio, 2009, titulado \u00abEl Gusano del Fundamentalismo en la Fruta de la Democracia\u00bb, Sifaoui escribi\u00f3: \u00abFelicitaciones a B\u00e9lgica por la elecci\u00f3n [de Mahinur \u00d6zdemir]! Felicitaciones a la tierra de la tolerancia y la comprensi\u00f3n por permitir el s\u00edmbolo del oscurantismo [medieval] y la ignorancia en el templo de la iluminaci\u00f3n!<\/p>\n<p>\u00abAlgunos probablemente dir\u00e1n: &#8216;Pero ella fue elegida democr\u00e1ticamente!\u00bb Estoy muy familiarizado con esta respuesta, a la que respondo de que cuando [la democracia] permite que un s\u00edmbolo de la ideolog\u00eda islamista se infiltre en las instituciones democr\u00e1ticas, es hora de reevaluar las leyes.<\/p>\n<p>\u00abVoy a decirlo una y otra vez: la democracia no consiste s\u00f3lo en elecciones. La democracia es un sistema pol\u00edtico que promueve [ciertos] valores: derechos humanos, la igualdad de sexos, el respeto por [el otro, a pesar] de las diferencias reales o imaginar\u00edas, la tolerancia, la generosidad y el humanismo&#8230;<\/p>\n<p>\u00abPor tanto, el velo o pa\u00f1oleta isl\u00e1mica, es una mancha en el parlamento. No estoy hablando de ese pedazo de tela que las mujeres &#8211; reducidas a la condici\u00f3n de meras mujeres, debido a una interpretaci\u00f3n medieval del Islam &#8211; han decidido usar. Estoy hablando de lo que significa [esta pieza de tela]\u00bb.<\/p>\n<p><strong>\u00abEl velo es la bandera de ese fascismo verde que ha asesinado a musulmanes y ha estado esforz\u00e1ndose en a\u00f1os recientes por masacrar a la humanidad\u00bb<\/strong><\/p>\n<p>\u00abEl velo no es un s\u00edmbolo isl\u00e1mico de feminidad o modestia, y mucho menos un signo de espiritualidad. El velo &#8211; en sus diversas formas, tales como el burka, el niqab, sitar, etc&#8230; &#8211; es un s\u00edmbolo de la revoluci\u00f3n iran\u00ed y sus cr\u00edmenes. Este se destaca por la ideolog\u00eda de la Hermandad Musulmana y el oscurantismo, por el salafismo y la hostilidad que promueve, por los talibanes y su barbarie y a Bin Laden y su visi\u00f3n de las mujeres. Es la bandera de ese fascismo verde que ha asesinado a musulmanes y ha estado luchando en masacrar a la humanidad en los \u00faltimos a\u00f1os. Es la bandera de las organizaciones criminales que nos impiden vivir en paz.<\/p>\n<p>\u00abEl velo, les digo, se levanta del oscurantismo de los que escup\u00edan sobre la iluminaci\u00f3n. Simboliza la grave enfermedad que est\u00e1 consumiendo al Islam. Es el resultado de a\u00f1os de adoctrinamiento y enga\u00f1o [por los que han] explotado al [Islam] con fines ideol\u00f3gicos y pol\u00edticos. Es el resultado&#8230; de la subyugaci\u00f3n de las mujeres por los fundamentalistas que sufren de graves enfermedades mentales.<\/p>\n<p>\u00abEl velo, digo, es el golpe final en el asalto islamista a Europa, sus medios de comunicaci\u00f3n, la sociedad civil y sus instituciones&hellip;\u00bb<\/p>\n<p><strong>La costumbre de llevar puesto el velo \u00abse est\u00e1 propagando debido a que los valores democr\u00e1ticos est\u00e1n en declive\u00bb<\/strong><\/p>\n<p>\u00abLo que algunos en el Parlamento de Bruselas han acogido con tanta felicidad [en esta instituci\u00f3n] es un s\u00edmbolo que sigue haciendo que las mujeres musulmanas huyan de sus pa\u00edses de origen, o de sus barrios [inmigrantes] en los [pa\u00edses] europeos. Es lo que los carniceros en Argelia, Mogadishu y Kabul quieren imponer a las ni\u00f1as de seis a\u00f1os de edad. Es el uniforme que los islamistas quieren imponer [sobre la mujer], de conformidad con la voluntad de los hombres&#8230;<\/p>\n<p>\u00abEl velo se est\u00e1 propagando porque los valores democr\u00e1ticos est\u00e1n en declive. Me pregunto de la vieja Europa que ya no sabe c\u00f3mo defender los ideales por los que lucharon sus antepasados\u00bb.<\/p>\n<p><strong>\u00abQu\u00e9 mensaje tan deprimente le estamos enviando a las mujeres en los pa\u00edses isl\u00e1micos que luchan contra [su derecho] a vivir sin un velo!\u00bb<\/strong><\/p>\n<p>\u00ab&#8230; Estoy conmocionado por el hostigamiento [enfrentado] por aquellos que se atreven a criticar esta doctrina nociva del salafismo o el Islam pol\u00edtico. El velo &#8211; si se puede decir con demasiada frecuencia &#8211; no es m\u00e1s que un emblema de estas ideolog\u00edas retrogradas para manchar al Islam, haciendo que parezca una religi\u00f3n retrograda, mis\u00f3gina y oscurantista.<\/p>\n<p>\u00abMe parece escandaloso que una mujer con velo se le haya permitido la entrada al Parlamento de Bruselas, [como si] este insulto a la democracia fuera un signo de progreso. La capital de Europa deber\u00eda estar avergonzada de que tal cosa haya sucedido. Qu\u00e9 mensaje deprimente [estamos enviando]&#8230; a las mujeres musulmanas en los pa\u00edses isl\u00e1micos que luchan contra [su] derecho a vivir sin un velo!<\/p>\n<p>\u00abEuropa desea resolver su problema de inmigraci\u00f3n, y sin duda ha encontrado la manera de hacerlo. Muy pronto los progresistas musulmanes ya no quieren establecerse en Europa. Por otro lado, las mujeres con velo y sus maridos con barba saben que Europa esta segura de darles la bienvenida calidamente&#8230;<\/p>\n<p>\u00abMucha gente progresista de \u00c1frica del Norte o de origen \u00e1rabe se dan cuenta ahora de que el Viejo Mundo est\u00e1 implementando una nueva visi\u00f3n de la sociedad basada en el multiculturalismo y el compromiso con el Islam pol\u00edtico&#8230;.\u00bb<\/p>\n<\/p>\n<\/div>\n<hr noshade=\"noshade\" \/><!-- footnotes --><\/p>\n<div class=\"bodynews c2\">\n<p><a href=\"#_ednref1\" name=\"_edn1\">[1]<\/a> <a href=\"http:\/\/www.mohamed-sifaoui.com\/article-34417631.html\">http:\/\/www.mohamed-sifaoui.com\/article-34417631.html<\/a><\/p>\n<p><a href=\"#_ednref2\" name=\"_edn2\">[2]<\/a> <a href=\"http:\/\/www.mohamed-sifaoui.com\/article-34322113.html\">http:\/\/www.mohamed-sifaoui.com\/article-34322113.html<\/a><\/p>\n<\/div>\n","protected":false},"excerpt":{"rendered":"<p>Mohamed Sifaoui, un franc\u00e9s de origen argelino, es un escritor liberal y periodista bastante conocido que ha publicado numerosos libros y art\u00edculos sobre el fundamentalismo isl\u00e1mico y otros temas. Los \u00faltimos dos publicados en su blog, en www.mohamed-sifaoui.com, tratan con la intrusi\u00f3n del fundamentalismo isl\u00e1mico en los valores democr\u00e1ticos de la sociedad occidental. En un [&hellip;]<\/p>\n","protected":false},"author":1,"featured_media":0,"comment_status":"open","ping_status":"open","sticky":false,"template":"","format":"standard","meta":{"footnotes":""},"categories":[6,12],"tags":[],"class_list":["post-3167","post","type-post","status-publish","format-standard","hentry","category-comunicados-especiales","category-reforma-en-el-mundo-arabe-y-musulman"],"_links":{"self":[{"href":"https:\/\/www2.memri.org\/espanol\/wp-json\/wp\/v2\/posts\/3167","targetHints":{"allow":["GET"]}}],"collection":[{"href":"https:\/\/www2.memri.org\/espanol\/wp-json\/wp\/v2\/posts"}],"about":[{"href":"https:\/\/www2.memri.org\/espanol\/wp-json\/wp\/v2\/types\/post"}],"author":[{"embeddable":true,"href":"https:\/\/www2.memri.org\/espanol\/wp-json\/wp\/v2\/users\/1"}],"replies":[{"embeddable":true,"href":"https:\/\/www2.memri.org\/espanol\/wp-json\/wp\/v2\/comments?post=3167"}],"version-history":[{"count":0,"href":"https:\/\/www2.memri.org\/espanol\/wp-json\/wp\/v2\/posts\/3167\/revisions"}],"wp:attachment":[{"href":"https:\/\/www2.memri.org\/espanol\/wp-json\/wp\/v2\/media?parent=3167"}],"wp:term":[{"taxonomy":"category","embeddable":true,"href":"https:\/\/www2.memri.org\/espanol\/wp-json\/wp\/v2\/categories?post=3167"},{"taxonomy":"post_tag","embeddable":true,"href":"https:\/\/www2.memri.org\/espanol\/wp-json\/wp\/v2\/tags?post=3167"}],"curies":[{"name":"wp","href":"https:\/\/api.w.org\/{rel}","templated":true}]}}