{"id":3162,"date":"2009-09-16T00:00:00","date_gmt":"2009-09-16T00:00:00","guid":{"rendered":"http:\/\/www2.memri.org\/espanol\/2009\/09\/16\/asesor-de-asuntos-nacionales-del-presidente-de-la-autoridad-palestina-omar-al-ghoul-israel-es-un-pais-villano-que-trafica-con-organos-de-los-palestinos-que-asesina\/"},"modified":"2009-09-16T00:00:00","modified_gmt":"2009-09-16T00:00:00","slug":"asesor-de-asuntos-nacionales-del-presidente-de-la-autoridad-palestina-omar-al-ghoul-israel-es-un-pais-villano-que-trafica-con-organos-de-los-palestinos-que-asesina","status":"publish","type":"post","link":"https:\/\/www2.memri.org\/espanol\/asesor-de-asuntos-nacionales-del-presidente-de-la-autoridad-palestina-omar-al-ghoul-israel-es-un-pais-villano-que-trafica-con-organos-de-los-palestinos-que-asesina\/3162","title":{"rendered":"Asesor de asuntos nacionales del Presidente de la Autoridad Palestina Omar Al-Ghoul: Israel es un pa\u00eds villano que trafica con \u00f3rganos de los palestinos que asesina"},"content":{"rendered":"<div class=\"bodytext c1\">\n<p><em>Lo siguiente son extractos de una entrevista con Omar Al-Ghoul, asesor de asuntos nacionales del presidente de<\/em> <em>la Autoridad Palestina<\/em> <em>Mahmoud Abbas, la entrevista fue transmitida en la televisi\u00f3n palestina el 1 de septiembre, 2009:<\/em><\/p>\n<p><em>Para ver este segmento de video en MEMRI TV, visite <a href=\"http:\/\/www.memritv.org\/clip\/en\/2226.htm\">http:\/\/www.memritv.org\/clip\/en\/2226.htm<\/a>.<\/em><\/p>\n<p><strong>Los rabinos arrestados en Nueva Jersey \u00abtraficaban con \u00f3rganos humanos\u00bb<\/strong><\/p>\n<p><strong>Omar Al-Ghoul<\/strong>: \u00abEl Ministro de Relaciones Exteriores italiano Frattini le dijo al diario israel\u00ed <em>Haaretz<\/em> que Italia est\u00e1 ejerciendo presi\u00f3n sobre Suecia, en su calidad de presidente actual de la UE, a que emita una declaraci\u00f3n durante una sesi\u00f3n especial del gobierno de la UE la semana pr\u00f3xima, denunciando el informe de un diario sueco en referencia a los asesinatos de prisioneros palestinos y el tr\u00e1fico de sus \u00f3rganos cometidos por las FDI (Fuerzas de Defensa Israel\u00edes).<\/p>\n<p>\u00abUsted sabe, al igual que todo el mundo sabe, acerca de lo que sucedi\u00f3 en Nueva Jersey, donde un grupo de rabinos jud\u00edos y sionistas fueron arrestados junto a otras personas. Todas estas personas estaban en contacto directo con Lieberman y otros comandantes de las FDI y traficaban con \u00f3rganos humanos.<\/p>\n<p>[&#8230;]<\/p>\n<p>\u00abEuropa y Occidente en general, han sido muy d\u00e9biles respecto a Israel, desde su creaci\u00f3n. [Occidente] est\u00e1 siendo extorsionado. \u00bfQui\u00e9n cre\u00f3 a Israel? Europa y los Estados Unidos lo hicieron, por medio de su apoyo a este pa\u00eds, a expensas de los intereses del pueblo palestino y los \u00e1rabes. Europa todav\u00eda tiene un complejo de culpa hacia este pa\u00eds, y as\u00ed, cada vez que hay una crisis, vienen con esta acusaci\u00f3n de antisemitismo ya programada. \u00bfQui\u00e9nes son los semitas? Nosotros, los \u00e1rabes, somos los semitas.<\/p>\n<p>[&#8230;]<\/p>\n<p>\u00abSi Europa quiere una soluci\u00f3n pol\u00edtica y la paz, y si quiere vivir en armon\u00eda con el esp\u00edritu de Europa, la civilizaci\u00f3n occidental y con las ideas de Iluminaci\u00f3n desarrolladas por los grandes fil\u00f3sofos europeos, debe deshacerse de la libertad de expresi\u00f3n y exigir que todos los diarios investiguen m\u00e1s a fondo este informe, a fin de exponer a este racista y villano pa\u00eds, que est\u00e1 por encima de la ley\u00bb. [&#8230;]<\/p>\n<p><strong>\u00abIsrael y su ej\u00e9rcito trafican con los \u00f3rganos de los palestinos&#8230; \u00bfPor qu\u00e9 est\u00e1 tratando Europa de detener que [sea descubierto]?\u00bb<\/strong><\/p>\n<p>\u00abLos hechos demuestran que Israel y su ej\u00e9rcito trafican con \u00f3rganos de los palestinos. Existen documentos a ese efecto. \u00bfPor qu\u00e9 Europa est\u00e1 tratando de detener que [sean descubiertos]?<\/p>\n<p>\u00abPor qu\u00e9 debe el pueblo palestino pagar el precio bajo la ocupaci\u00f3n? \u00bfPor qu\u00e9 debe ser torturado y los \u00f3rganos de sus hijos martirizados utilizados para el tr\u00e1fico de \u00f3rganos? Este es el resultado de la bancarrota [moral] de los Estados Unidos y Europa y la protecci\u00f3n que proveen a [Israel]. Estos pa\u00edses deben hacerse cargo de sus responsabilidades, si est\u00e1n interesados en hacer la paz y llegar a una soluci\u00f3n en la regi\u00f3n.<\/p>\n<\/div>\n","protected":false},"excerpt":{"rendered":"<p>Lo siguiente son extractos de una entrevista con Omar Al-Ghoul, asesor de asuntos nacionales del presidente de la Autoridad Palestina Mahmoud Abbas, la entrevista fue transmitida en la televisi\u00f3n palestina el 1 de septiembre, 2009: Para ver este segmento de video en MEMRI TV, visite http:\/\/www.memritv.org\/clip\/en\/2226.htm. Los rabinos arrestados en Nueva Jersey \u00abtraficaban con \u00f3rganos [&hellip;]<\/p>\n","protected":false},"author":1,"featured_media":0,"comment_status":"open","ping_status":"open","sticky":false,"template":"","format":"standard","meta":{"footnotes":""},"categories":[6,23],"tags":[],"class_list":["post-3162","post","type-post","status-publish","format-standard","hentry","category-comunicados-especiales","category-autoridad-palestina"],"_links":{"self":[{"href":"https:\/\/www2.memri.org\/espanol\/wp-json\/wp\/v2\/posts\/3162","targetHints":{"allow":["GET"]}}],"collection":[{"href":"https:\/\/www2.memri.org\/espanol\/wp-json\/wp\/v2\/posts"}],"about":[{"href":"https:\/\/www2.memri.org\/espanol\/wp-json\/wp\/v2\/types\/post"}],"author":[{"embeddable":true,"href":"https:\/\/www2.memri.org\/espanol\/wp-json\/wp\/v2\/users\/1"}],"replies":[{"embeddable":true,"href":"https:\/\/www2.memri.org\/espanol\/wp-json\/wp\/v2\/comments?post=3162"}],"version-history":[{"count":0,"href":"https:\/\/www2.memri.org\/espanol\/wp-json\/wp\/v2\/posts\/3162\/revisions"}],"wp:attachment":[{"href":"https:\/\/www2.memri.org\/espanol\/wp-json\/wp\/v2\/media?parent=3162"}],"wp:term":[{"taxonomy":"category","embeddable":true,"href":"https:\/\/www2.memri.org\/espanol\/wp-json\/wp\/v2\/categories?post=3162"},{"taxonomy":"post_tag","embeddable":true,"href":"https:\/\/www2.memri.org\/espanol\/wp-json\/wp\/v2\/tags?post=3162"}],"curies":[{"name":"wp","href":"https:\/\/api.w.org\/{rel}","templated":true}]}}